{"id":85464,"date":"2022-01-31T07:00:00","date_gmt":"2022-01-31T13:00:00","guid":{"rendered":"https:\/\/lospoliticosveracruz.com.mx\/?p=85464"},"modified":"2022-01-30T22:36:41","modified_gmt":"2022-01-31T04:36:41","slug":"cuic-sergio-y-sheinbaum","status":"publish","type":"post","link":"https:\/\/lospoliticosveracruz.com.mx\/?p=85464","title":{"rendered":"Cuic, Sergio y Sheinbaum"},"content":{"rendered":"\n<p><strong>Salvador Mu\u00f1oz<\/strong><\/p>\n\n\n\n<p><em>Los Pol\u00edticos<\/em><\/p>\n\n\n\n<p>Energ\u00eda limpia y barata. Creo que as\u00ed se podr\u00eda resumir cualquiera de los foros que sobre la Reforma El\u00e9ctrica vienen realizando los diputados federales encabezados por Sergio Guti\u00e9rrez Luna y por all\u00ed, el Gobierno del Estado de Veracruz. Hablamos pues, que el trabajo de la C\u00e1mara de Diputados ya perme\u00f3 otras latitudes.<\/p>\n\n\n\n<div class=\"wp-block-image\"><figure class=\"alignleft size-large is-resized\"><a href=\"https:\/\/lospoliticosveracruz.com.mx\/wp-content\/uploads\/2021\/10\/WhatsApp-Image-2021-10-02-at-15.20.25.jpeg\"><img loading=\"lazy\" decoding=\"async\" src=\"https:\/\/lospoliticosveracruz.com.mx\/wp-content\/uploads\/2021\/10\/WhatsApp-Image-2021-10-02-at-15.20.25-724x1024.jpeg\" alt=\"\" class=\"wp-image-80177\" width=\"250\" height=\"350\"\/><\/a><\/figure><\/div>\n\n\n\n<p>Ahora que si lo vemos desde una perspectiva pol\u00edtica, para muchos, el acto del pasado s\u00e1bado en el World Trade Center no fue m\u00e1s que uno de los tantos \u201cdestapes\u201d que tendr\u00e1 la zacatecana avecindada en Veracruz, agarrando la bandera de la Reforma El\u00e9ctrica para su promoci\u00f3n.<\/p>\n\n\n\n<p>El Sabadaba fue perfecto para organizar no s\u00f3lo un \u201cForo disfrazado\u201d, sino para poner a trabajar a alcaldes, diputados y funcionarios de distintas \u00e1reas para encauzar la cargada hacia Roc\u00edo Nahle en lo que parece ser un \u201cataque de histeria pol\u00edtica\u201d en Veracruz por parte de un grupo pol\u00edtico en Morena.<\/p>\n\n\n\n<p>Se dice que es \u201cataque de histeria pol\u00edtica\u201d porque de repente al Gobernador se le sali\u00f3 el Diputado Federal que debi\u00f3 explotar cuando estuvo en San L\u00e1zaro (y nunca apareci\u00f3\u2026 no al menos para beneficio de la entidad o de su distrito) y de repente, ya se vuelve \u201corganizador\u201d de Foros sobre una propuesta del Ejecutivo cuando su chamba es velar por los intereses de los veracruzanos, que no de AMLO\u2026 ahora que si nos ponemos exigentes, para todos nos queda claro que si Cuitl\u00e1huac se pone a trabajar en Sabadaba, \u00a1tenemos que verlo con machete en mano!<\/p>\n\n\n\n<p>Aunque la \u201chisteria\u201d no s\u00f3lo se circunscribi\u00f3 (me sali\u00f3 a la primera tecleada, digo, a AMLO le cuesta m\u00e1s trabajo) al Gober, sino tambi\u00e9n a la secretaria de Energ\u00eda que si bien, muchos pueden alegar que la Reforma El\u00e9ctrica est\u00e1 en su campo de acci\u00f3n, volvemos a lo mismo: es una secretaria de despacho, no una promotora de la obra y gracia de las buenas intenciones de su patr\u00f3n\u2026 bueno, eso ser\u00eda lo ideal\u2026<\/p>\n\n\n\n<p>Siendo francos, la \u00fanica que al parecer estaba en el lugar correcto y en el momento correcto, en ese Foro del Sabadaba sin machete, fue Rosa Mar\u00eda Hern\u00e1ndez Espejo, diputada federal, representante de San L\u00e1zaro donde se ha de decidir el rumbo de la iniciativa de Reforma El\u00e9ctrica que propuso el Presidente.<\/p>\n\n\n\n<p>Agreguemos que la percepci\u00f3n que deja este \u201cForo disfrazado\u201d es que fue de cierto modo, la forma de intentar, pretender, tratar de emparejar el trabajo que viene haciendo el otro diputado federal, Sergio Guti\u00e9rrez Luna, con los foros de Parlamento Abierto sobre la Reforma El\u00e9ctrica que iniciaron, si la memoria no falla, a mediados de enero para concluir a mediados de febrero.<\/p>\n\n\n\n<p>Conste, que pusimos \u201cemparejar el trabajo\u201d, que no la imagen que se viene forjando el legislador oriundo de Minatitl\u00e1n, quien en menos de cuatro meses en la C\u00e1mara de Diputados, un grupo de Morena lo ve como un fuerte contrincante en sus intereses en la disputa por el 2024 a tal grado que tienen que mover cielo y tierra para promover la imagen de Roc\u00edo Nahle.<\/p>\n\n\n\n<p>Y mientras en el World Trade Center el acarreo estaba en su apogeo, Guti\u00e9rrez Luna era invitado de la jefa de la Ciudad de M\u00e9xico, Claudia Sheinbaum, a la supervisi\u00f3n de la Planta de Carbonizaci\u00f3n Hidrotermal en el Bordo Poniente del Valle de M\u00e9xico, que convierte basura org\u00e1nica en electricidad y carb\u00f3n vegetal.<\/p>\n\n\n\n<p>Un comentario de Sheinbaum Pardo deja mucho en claro lo que en Veracruz se deja de hacer en sabadaba sin machete, y lo que requiere L\u00f3pez Obrador en su carrera por lograr la Reforma El\u00e9ctrica que pretende: el Parlamento Abierto de Sergio Guti\u00e9rrez y la planta de carbonizaci\u00f3n hidrotermal de Sheinbaum \u201cson acciones in\u00e9ditas para la transici\u00f3n energ\u00e9tica que requiere el pa\u00eds\u201d. Por lo que concierne a Veracruz, habr\u00e1 que felicitar a Cuic porque ya aprendi\u00f3 a hacer acarreos con energ\u00eda sucia, muy al estilo del pasado\u2026<\/p>\n\n\n\n<p>smcainito@gmail.com<\/p>\n","protected":false},"excerpt":{"rendered":"<p>Salvador Mu\u00f1oz Los Pol\u00edticos Energ\u00eda limpia y barata. Creo que as\u00ed se podr\u00eda resumir cualquiera de los foros que sobre la Reforma El\u00e9ctrica vienen realizando los diputados federales encabezados por Sergio Guti\u00e9rrez Luna y por all\u00ed, el Gobierno del Estado de Veracruz. Hablamos pues, que el trabajo de la C\u00e1mara de Diputados ya perme\u00f3 otras [&hellip;]<\/p>\n","protected":false},"author":2,"featured_media":0,"comment_status":"closed","ping_status":"closed","sticky":false,"template":"","format":"standard","meta":{"_jetpack_newsletter_access":"","_jetpack_dont_email_post_to_subs":false,"_jetpack_newsletter_tier_id":0,"_jetpack_memberships_contains_paywalled_content":false,"_jetpack_memberships_contains_paid_content":false,"footnotes":""},"categories":[70],"tags":[618,3795,9627,1563,1026,26326,3578,16147,195],"class_list":["post-85464","post","type-post","status-publish","format-standard","hentry","category-de-opinion","tag-andres-manuel-lopez-obrador","tag-ciudad-de-mexico","tag-claudia-sheinbaum","tag-cuitlahuac-garcia-jimenez","tag-morena","tag-reforma-electrica","tag-rocio-nahle","tag-sergio-gutierrez-luna","tag-veracruz"],"jetpack_featured_media_url":"","jetpack_sharing_enabled":true,"jetpack_shortlink":"https:\/\/wp.me\/p4Qcd3-mes","_links":{"self":[{"href":"https:\/\/lospoliticosveracruz.com.mx\/index.php?rest_route=\/wp\/v2\/posts\/85464","targetHints":{"allow":["GET"]}}],"collection":[{"href":"https:\/\/lospoliticosveracruz.com.mx\/index.php?rest_route=\/wp\/v2\/posts"}],"about":[{"href":"https:\/\/lospoliticosveracruz.com.mx\/index.php?rest_route=\/wp\/v2\/types\/post"}],"author":[{"embeddable":true,"href":"https:\/\/lospoliticosveracruz.com.mx\/index.php?rest_route=\/wp\/v2\/users\/2"}],"replies":[{"embeddable":true,"href":"https:\/\/lospoliticosveracruz.com.mx\/index.php?rest_route=%2Fwp%2Fv2%2Fcomments&post=85464"}],"version-history":[{"count":2,"href":"https:\/\/lospoliticosveracruz.com.mx\/index.php?rest_route=\/wp\/v2\/posts\/85464\/revisions"}],"predecessor-version":[{"id":85479,"href":"https:\/\/lospoliticosveracruz.com.mx\/index.php?rest_route=\/wp\/v2\/posts\/85464\/revisions\/85479"}],"wp:attachment":[{"href":"https:\/\/lospoliticosveracruz.com.mx\/index.php?rest_route=%2Fwp%2Fv2%2Fmedia&parent=85464"}],"wp:term":[{"taxonomy":"category","embeddable":true,"href":"https:\/\/lospoliticosveracruz.com.mx\/index.php?rest_route=%2Fwp%2Fv2%2Fcategories&post=85464"},{"taxonomy":"post_tag","embeddable":true,"href":"https:\/\/lospoliticosveracruz.com.mx\/index.php?rest_route=%2Fwp%2Fv2%2Ftags&post=85464"}],"curies":[{"name":"wp","href":"https:\/\/api.w.org\/{rel}","templated":true}]}}