{"id":85473,"date":"2022-01-31T03:23:00","date_gmt":"2022-01-31T09:23:00","guid":{"rendered":"https:\/\/lospoliticosveracruz.com.mx\/?p=85473"},"modified":"2022-01-30T22:38:50","modified_gmt":"2022-01-31T04:38:50","slug":"nahle-la-doble-empoderada","status":"publish","type":"post","link":"https:\/\/lospoliticosveracruz.com.mx\/?p=85473","title":{"rendered":"Nahle, la doble empoderada"},"content":{"rendered":"\n<p><strong>Brenda Caballero<\/strong><\/p>\n\n\n\n<p><em>N\u00fameros Rojos<br><\/em><\/p>\n\n\n\n<p>Ser\u00eda absurdo negar que Roc\u00edo Nahle Garc\u00eda, Secretar\u00eda de Energ\u00eda, es la mujer m\u00e1s empoderada de Veracruz y una de las m\u00e1s poderosas de M\u00e9xico; asimismo lo ha publicado Forbes donde en 2019 fue incluida dentro de las 100 Mujeres m\u00e1s Poderosas de M\u00e9xico, no as\u00ed en 2020, posiblemente porque en abril de ese a\u00f1o fue se\u00f1alada por abandonar la mesa de negociaciones con la Organizaci\u00f3n de Pa\u00edses Exportadores de Petr\u00f3leo (OPEP), recibiendo por una parte cr\u00edticas, pues no lleg\u00f3 a un acuerdo durante 7 horas, pero por otro lado, apoyo, por no ceder ante 23 pa\u00edses que discut\u00edan la reducci\u00f3n de producci\u00f3n del crudo. Al final, L\u00f3pez Obrador acord\u00f3 con Estados Unidos reducir 100 barriles y no 400 como la OPEP lo ped\u00eda. Roc\u00edo regres\u00f3 a la lista de las mujeres m\u00e1s poderosas del pa\u00eds en 2021, coloc\u00e1ndose como la principal vocera de la Reforma Energ\u00e9tica del Presidente L\u00f3pez Obrador y la encargada de llevarla a cabo a pesar de los se\u00f1alamientos de corrupci\u00f3n y conflicto de inter\u00e9s en la construcci\u00f3n de la Refiner\u00eda Dos Bocas.<\/p>\n\n\n\n<div class=\"wp-block-image\"><figure class=\"alignleft size-large is-resized\"><a href=\"https:\/\/lospoliticosveracruz.com.mx\/wp-content\/uploads\/2021\/10\/WhatsApp-Image-2021-10-02-at-15.20.25.jpeg\"><img loading=\"lazy\" decoding=\"async\" src=\"https:\/\/lospoliticosveracruz.com.mx\/wp-content\/uploads\/2021\/10\/WhatsApp-Image-2021-10-02-at-15.20.25-724x1024.jpeg\" alt=\"\" class=\"wp-image-80177\" width=\"250\" height=\"350\"\/><\/a><\/figure><\/div>\n\n\n\n<p><br>Nahle es la segunda mujer a cargo de la Secretar\u00eda de Energ\u00eda (Sener); recordemos que en 1994, la primera fue Georgina Kessel Mart\u00ednez.<br>El empoderamiento de Nahle radica en que adem\u00e1s de ser pol\u00edtica y de todas las confianzas del Presidente Andr\u00e9s Manuel L\u00f3pez Obrador, es una de las 10 mujeres en M\u00e9xico que se ha desempe\u00f1ado en el sector energ\u00e9tico. De acuerdo al estudio de McKenzie denominado \u201cOne Aspiration Two Realities\u201d, la disparidad de g\u00e9nero entre hombres y mujeres est\u00e1 muy marcada en este sector, pues la mujer se encuentra sobrerrepresentada, ya que \u00fanicamente el 12 por ciento de las mujeres estudian ingenier\u00edas, en comparaci\u00f3n con el 35 por ciento de los hombres, y Roc\u00edo es ingeniera petroqu\u00edmica. Es por ello que el desempe\u00f1o de Roc\u00edo en un terreno denominado por muchos a\u00f1os \u201cde hombres\u201d, puede considerarse como una mujer doblemente empoderada: en la pol\u00edtica (ha sido diputada federal y senadora) y en el sector energ\u00e9tico, pues es una de las diez.<br>\u00bfLe alcanzar\u00e1n esos n\u00fameros para ser candidata a gobernadora de Veracruz?<br>En lo particular, me gustar\u00eda ver a una mujer gobernando Veracruz, \u00bfpero a los veracruzanos y veracruzanas? Siempre la misma pregunta surge: \u00bfestamos listos para tener a una mujer Gobernadora o una mujer Presidenta? La paridad total podr\u00eda decir que s\u00ed, la paridad simulada podr\u00eda decir que no.<br>\u00bfEstamos empoderando realmente a todas las mujeres y no a unas cuantas?<br>Mis preguntas vienen a raz\u00f3n porque el fin de semana Roc\u00edo Nahle Garc\u00eda estuvo en Veracruz, en el WTC, en la considerada \u201ctierra panista\u201d, donde imparti\u00f3 una conferencia magistral sobre la Reforma Energ\u00e9tica y donde dicen llen\u00f3 el lugar, raz\u00f3n por la que muchos y muchas lo consideraron su destape en tierras veracruzanas para ser candidata a la gubernatura en 2024.<br>Y vuelvo a preguntarme, teniendo un empoderamiento en el campo pol\u00edtico y en el energ\u00e9tico, \u00bfno es muy poco una gubernatura? Empoderada, \u00a1cualquiera!, pero \u00bfdoblemente empoderada?<\/p>\n\n\n\n<p>@NumerosRojos_BC<br>caballero_brenda@hotmail.com<\/p>\n","protected":false},"excerpt":{"rendered":"<p>Brenda Caballero N\u00fameros Rojos Ser\u00eda absurdo negar que Roc\u00edo Nahle Garc\u00eda, Secretar\u00eda de Energ\u00eda, es la mujer m\u00e1s empoderada de Veracruz y una de las m\u00e1s poderosas de M\u00e9xico; asimismo lo ha publicado Forbes donde en 2019 fue incluida dentro de las 100 Mujeres m\u00e1s Poderosas de M\u00e9xico, no as\u00ed en 2020, posiblemente porque en [&hellip;]<\/p>\n","protected":false},"author":2,"featured_media":0,"comment_status":"closed","ping_status":"closed","sticky":false,"template":"","format":"standard","meta":{"_jetpack_newsletter_access":"","_jetpack_dont_email_post_to_subs":false,"_jetpack_newsletter_tier_id":0,"_jetpack_memberships_contains_paywalled_content":false,"_jetpack_memberships_contains_paid_content":false,"footnotes":""},"categories":[70],"tags":[2687,9982,17384,18990],"class_list":["post-85473","post","type-post","status-publish","format-standard","hentry","category-de-opinion","tag-brenda-caballero","tag-norma-rocio-nahle-garcia","tag-opep","tag-sener"],"jetpack_featured_media_url":"","jetpack_sharing_enabled":true,"jetpack_shortlink":"https:\/\/wp.me\/p4Qcd3-meB","_links":{"self":[{"href":"https:\/\/lospoliticosveracruz.com.mx\/index.php?rest_route=\/wp\/v2\/posts\/85473","targetHints":{"allow":["GET"]}}],"collection":[{"href":"https:\/\/lospoliticosveracruz.com.mx\/index.php?rest_route=\/wp\/v2\/posts"}],"about":[{"href":"https:\/\/lospoliticosveracruz.com.mx\/index.php?rest_route=\/wp\/v2\/types\/post"}],"author":[{"embeddable":true,"href":"https:\/\/lospoliticosveracruz.com.mx\/index.php?rest_route=\/wp\/v2\/users\/2"}],"replies":[{"embeddable":true,"href":"https:\/\/lospoliticosveracruz.com.mx\/index.php?rest_route=%2Fwp%2Fv2%2Fcomments&post=85473"}],"version-history":[{"count":2,"href":"https:\/\/lospoliticosveracruz.com.mx\/index.php?rest_route=\/wp\/v2\/posts\/85473\/revisions"}],"predecessor-version":[{"id":85481,"href":"https:\/\/lospoliticosveracruz.com.mx\/index.php?rest_route=\/wp\/v2\/posts\/85473\/revisions\/85481"}],"wp:attachment":[{"href":"https:\/\/lospoliticosveracruz.com.mx\/index.php?rest_route=%2Fwp%2Fv2%2Fmedia&parent=85473"}],"wp:term":[{"taxonomy":"category","embeddable":true,"href":"https:\/\/lospoliticosveracruz.com.mx\/index.php?rest_route=%2Fwp%2Fv2%2Fcategories&post=85473"},{"taxonomy":"post_tag","embeddable":true,"href":"https:\/\/lospoliticosveracruz.com.mx\/index.php?rest_route=%2Fwp%2Fv2%2Ftags&post=85473"}],"curies":[{"name":"wp","href":"https:\/\/api.w.org\/{rel}","templated":true}]}}