{"id":85882,"date":"2022-02-09T03:12:00","date_gmt":"2022-02-09T09:12:00","guid":{"rendered":"https:\/\/lospoliticosveracruz.com.mx\/?p=85882"},"modified":"2022-02-08T23:16:48","modified_gmt":"2022-02-09T05:16:48","slug":"tajin","status":"publish","type":"post","link":"https:\/\/lospoliticosveracruz.com.mx\/?p=85882","title":{"rendered":"Taj\u00edn"},"content":{"rendered":"\n<p><br><strong>Guadalupe H. Mar<br><\/strong><em>Mira Pol\u00edtica<\/em><\/p>\n\n\n\n<p><\/p>\n\n\n\n<p>PANEM ET CIRCENSES \u2026 En el inicio de la primavera del a\u00f1o dos mil, con el nacimiento de un nuevo milenio y luego de que el norte de la entidad veracruzana sufriera los estragos de las inundaciones de un a\u00f1o antes, el entonces gobernador del estado Miguel Alem\u00e1n Velasco, organiz\u00f3 con gran fastuosidad, muy al estilo Televisa, la \u00abCumbre Taj\u00edn\u00bb.<br>La noche de la inauguraci\u00f3n de la \u00abCumbre Taj\u00edn\u00bb, donde participaron en un escenario de luces multicolores unas 300 personas en escena, todav\u00eda la recuerdan quienes tuvieron la oportunidad de estar all\u00ed hace casi 22 a\u00f1os.<br>Imagine usted amable lector que el evento inaugural se prepar\u00f3 para tres mil personas que vieron un espect\u00e1culo de casi una veintena de escenas; \u00abno hab\u00eda pobreza, no se escatimaron recursos econ\u00f3micos para esa noche\u00bb, nos cont\u00f3 una lectora que desde ese a\u00f1o no ha dejado de asistir al evento.<br>Gracias a esa fastuosidad y cientos de personas que acudieron al evento al inicio de la primavera del a\u00f1o dos mil, los empresarios y comerciantes del norte del estado de Veracruz que hab\u00edan perdido casi todo con las inundaciones del a\u00f1o 1999, lograron recuperarse econ\u00f3micamente pues recordar\u00e1n que durante un mes estuvo cercenado el paso a toda aquella regi\u00f3n.<br>Pues bien, \u00abCumbre Taj\u00edn\u00bb, celebraci\u00f3n que surgi\u00f3 en los tiempos de la corrupci\u00f3n, de los conservadores, de los neoliberales y de la mafia del poder, ayer fue presentada en la Ciudad de M\u00e9xico por el actual gobernador de la entidad veracruzana, el ingeniero Cuitl\u00e1huac Garc\u00eda Jim\u00e9nez en el Complejo Cultural \u00abLos Pinos\u00bb, evento que este a\u00f1o tiene como eslogan: \u00abUnidos volamos m\u00e1s alto\u00bb.<br>All\u00e1 en la capital del pa\u00eds, el titular y representantes del gobierno del estado de Veracruz, dieron a conocer al mundo que, del 18 al 20 de marzo en el municipio de Papantla, en lo que han dado en llamar el \u00abNicho de la M\u00fasica\u00bb, se contar\u00e1 con la participaci\u00f3n de artistas veracruzanos como Recoveco, Los Cojolites y Los Aguas Aguas, as\u00ed como el grupo Matute y se cerrar\u00e1n con broche de oro, nada m\u00e1s, ni nada menos que con Nelson Kanzela e Intocable.<br>Se anunci\u00f3 tambi\u00e9n la asistencia de la guatemalteca Premio Nobel de la Paz, Rigoberta Mench\u00fa Tum.<br>Obvio, se adelant\u00f3 que para entonces el sem\u00e1foro del Coronavirus en Veracruz estar\u00e1 en Verde, que se obsequiar\u00e1 gel a los asistentes y se guardar\u00e1n las medidas sanitarias para evitar posibles contagios en este evento que, tras dos a\u00f1os de ausencia, ser\u00e1 presencial, pues como bien lo practicaban desde hace m\u00e1s de dos mil a\u00f1os los romanos, al pueblo \u00abpan y circo\u00bb.<br>AAAAALELUYA \u2026 Tres (3) millones de pesos destinar\u00e1 la Secretar\u00eda estatal de Infraestructura y Obra P\u00fablica (SIOP) para bachear o tapar los hoyos, hoyancos y cr\u00e1teres en las carreteras que llevan a la zona Arqueol\u00f3gica de El Taj\u00edn, en Papantla, Veracruz.<br>La remendada a tan deterioradas cintas asf\u00e1lticas deber\u00e1 culminar antes del mes de marzo en que se llevar\u00e1 a cabo la Cumbre Taj\u00edn, anunci\u00f3 el ingeniero Elio Hern\u00e1ndez Guti\u00e9rrez, titular de la SIOP.<br>VISIONARIO TAMBI\u00c9N \u2026 Quienes se mofaban de la gran idea, o ideota, del secretario de gobierno de la actual administraci\u00f3n estatal, el ingeniero agr\u00f3nomo Eric Patrocinio Cisneros Burgos por haber promovido la instalaci\u00f3n de pistas de hielo en los municipios de Coatepec y Papantla, seguramente hoy se est\u00e1n rega\u00f1ando a s\u00ed mismos por no tener ni reconocer la visi\u00f3n del funcionario nacido en Tierra Blanca, Veracruz.<br>Hoy, luego de la brillante presentaci\u00f3n del patinador mexicano Donovan Daniel Carrillo Suazo en los Juegos Ol\u00edmpicos de Invierno Pek\u00edn 2022, a los detractores de Cisneros Burgos seguramente les est\u00e1n cayendo los veintes del porqu\u00e9 el mism\u00edsimo Secretario de gobierno y no la secretaria de Turismo Xochitl Arbes\u00fa Lago se encarg\u00f3 personalmente de la instalaci\u00f3n de pistas de hielo.<br>Habr\u00e1 que estar pendientes, por lo tanto, cu\u00e1ntos Donovan veracruzanos surgen de la visionaria ideota del segundo de a bordo en el gobierno estatal.<br>FRASE DE LA SEMANA \u2026 \u00abBuscamos justicia, no tortillas\u00bb: H\u00e9ctor Yunes Landa en \u00abPlaza Regina\u00bb (Plaza Lerdo) de la ciudad de Xalapa, el s\u00e1bado cinco de febrero cuando se integr\u00f3 el \u00abMovimiento por la Justicia\u00bb.<br>D\u00cdGALO SIN MIEDO \u2026 Al correo electr\u00f3nico guadalupehmar@yahoo.com<\/p>\n","protected":false},"excerpt":{"rendered":"<p>Guadalupe H. MarMira Pol\u00edtica PANEM ET CIRCENSES \u2026 En el inicio de la primavera del a\u00f1o dos mil, con el nacimiento de un nuevo milenio y luego de que el norte de la entidad veracruzana sufriera los estragos de las inundaciones de un a\u00f1o antes, el entonces gobernador del estado Miguel Alem\u00e1n Velasco, organiz\u00f3 con [&hellip;]<\/p>\n","protected":false},"author":2,"featured_media":0,"comment_status":"closed","ping_status":"closed","sticky":false,"template":"","format":"standard","meta":{"_jetpack_newsletter_access":"","_jetpack_dont_email_post_to_subs":false,"_jetpack_newsletter_tier_id":0,"_jetpack_memberships_contains_paywalled_content":false,"_jetpack_memberships_contains_paid_content":false,"footnotes":""},"categories":[70],"tags":[1563,2153,14501,13461,1606,1026,32164,342,195],"class_list":["post-85882","post","type-post","status-publish","format-standard","hentry","category-de-opinion","tag-cuitlahuac-garcia-jimenez","tag-cumbre-tajin","tag-elio-hernandez-gutierrez","tag-eric-patrocinio-cisneros-burgos","tag-guadalupe-h-mar","tag-morena","tag-rigoberta-menchu-tum","tag-siop","tag-veracruz"],"jetpack_featured_media_url":"","jetpack_sharing_enabled":true,"jetpack_shortlink":"https:\/\/wp.me\/s4Qcd3-tajin","_links":{"self":[{"href":"https:\/\/lospoliticosveracruz.com.mx\/index.php?rest_route=\/wp\/v2\/posts\/85882","targetHints":{"allow":["GET"]}}],"collection":[{"href":"https:\/\/lospoliticosveracruz.com.mx\/index.php?rest_route=\/wp\/v2\/posts"}],"about":[{"href":"https:\/\/lospoliticosveracruz.com.mx\/index.php?rest_route=\/wp\/v2\/types\/post"}],"author":[{"embeddable":true,"href":"https:\/\/lospoliticosveracruz.com.mx\/index.php?rest_route=\/wp\/v2\/users\/2"}],"replies":[{"embeddable":true,"href":"https:\/\/lospoliticosveracruz.com.mx\/index.php?rest_route=%2Fwp%2Fv2%2Fcomments&post=85882"}],"version-history":[{"count":1,"href":"https:\/\/lospoliticosveracruz.com.mx\/index.php?rest_route=\/wp\/v2\/posts\/85882\/revisions"}],"predecessor-version":[{"id":85884,"href":"https:\/\/lospoliticosveracruz.com.mx\/index.php?rest_route=\/wp\/v2\/posts\/85882\/revisions\/85884"}],"wp:attachment":[{"href":"https:\/\/lospoliticosveracruz.com.mx\/index.php?rest_route=%2Fwp%2Fv2%2Fmedia&parent=85882"}],"wp:term":[{"taxonomy":"category","embeddable":true,"href":"https:\/\/lospoliticosveracruz.com.mx\/index.php?rest_route=%2Fwp%2Fv2%2Fcategories&post=85882"},{"taxonomy":"post_tag","embeddable":true,"href":"https:\/\/lospoliticosveracruz.com.mx\/index.php?rest_route=%2Fwp%2Fv2%2Ftags&post=85882"}],"curies":[{"name":"wp","href":"https:\/\/api.w.org\/{rel}","templated":true}]}}