{"id":85989,"date":"2022-02-11T08:09:56","date_gmt":"2022-02-11T14:09:56","guid":{"rendered":"https:\/\/lospoliticosveracruz.com.mx\/?p=85989"},"modified":"2022-02-11T08:10:02","modified_gmt":"2022-02-11T14:10:02","slug":"la-cortina-del-presidente","status":"publish","type":"post","link":"https:\/\/lospoliticosveracruz.com.mx\/?p=85989","title":{"rendered":"La cortina del presidente"},"content":{"rendered":"\n<p><\/p>\n\n\n\n<p><strong>Omar Z\u00fa\u00f1iga<br><\/strong><em>De Primera Mano Taj\u00edn<\/em><\/p>\n\n\n\n<p>Nadie puede negar que el presidente L\u00f3pez Obrador es una persona tenaz y ciertamente inteligente, para bien o para mal si usted quiere, pero muy inteligente.<br>Esta semana abri\u00f3 nuevamente un frente contra Espa\u00f1a, as\u00ed sin m\u00e1s, le arre\u00f3 y poniendo como pretexto las \u201ctropel\u00edas\u201d de Iberdrola y Repsol, anunci\u00f3 una \u201cpausa\u201d en las relaciones con la madre patria, que seg\u00fan do\u00f1a Olguita S\u00e1nchez Cordero \u201cuna pausa es una pausa\u201d (sic), contrario a lo que pudiera pensarse, pero bueno.<br>M\u00e1s all\u00e1 de que efectivamente ocasion\u00f3 reacciones fuertes como la de la respetada doctora Enid Negrete, -por cierto, descendiente del emblem\u00e1tico charro cantor Jorge Negrete-, y triunfando en Espa\u00f1a, que nos dice que \u201cme quedo pasmada o m\u00e1s, porque bueno, aqu\u00ed y principalmente en Barcelona hay un cari\u00f1o y un respeto gigantesco por los mexicanos, nos tratan quinientas veces mejor que en Estados Unidos\u201d.<br>\u201cSomos una migraci\u00f3n intelectual, no somos una migraci\u00f3n de trabajo. Aqu\u00ed la mayor parte de la gente que vive y que es de M\u00e9xico o tiene su propio negocio, o trabajamos en la cultura y en las relaciones binacionales, o forma parte ya de instituciones de investigaci\u00f3n o de crecimiento\u201d.<br>\u201cEs un poco peligroso decir que nos ven como tierra de conquista. Me suena rar\u00edsimo porque en realidad, pues de hecho nosotros podemos optar a la nacionalidad espa\u00f1ola habiendo estado s\u00f3lo dos a\u00f1os como residentes aqu\u00ed tenemos much\u00edsimas prebendas que otros pa\u00edses no tienen y el respeto y el cari\u00f1o general de la poblaci\u00f3n para con M\u00e9xico, por lo que hizo M\u00e9xico durante la Guerra Civil, es una constante\u201d.<br>\u201cEs un poco complicado generalizarlo a toda una relaci\u00f3n que tiene muchos a\u00f1os y que es una relaci\u00f3n intelectual, cultural, hist\u00f3rica, entonces grave, me parece grave generalizarlo\u201d.<br>Y ciertamente, es grave.<br>Espa\u00f1a es uno de los principales socios comerciales de nuestro pa\u00eds, el intercambio bilateral es por dem\u00e1s importante en todos aspectos, no s\u00f3lo el comercial o el cultural, y hoy el presidente se remonta nuevamente a lo peor del autoritarismo en M\u00e9xico, a la \u00e9poca lopezportillista que rompi\u00f3 relaciones con la Espa\u00f1a franquista.<br>Indignante y tema de an\u00e1lisis en su conjunto, ciertamente.., sin embargo, me parece que no es m\u00e1s que una cortina de humo, la famosa caja china para distraer la atenci\u00f3n de la opini\u00f3n p\u00fablica en temas de trascendencia (sin que esto signifique que Espa\u00f1a no lo sea), pero que se ha convertido en la n\u00e9mesis presidencial, como el espinoso asunto del hijo mayor y la inexplicable relaci\u00f3n con la empresa proveedora de Pemex, que dio al junior un lujos\u00edsimo estilo de vida contrario a \u201clos principios \u201c pregona la 4T, y que al presidente le ha restado credibilidad y aceptaci\u00f3n; o el tema de los periodistas asesinados en M\u00e9xico, que hasta ayer suman cinco oficialmente en s\u00f3lo 30 d\u00edas, es decir uno cada seis d\u00edas promedio.<br>Estos temas, como no le convienen, los soslaya, minimiza y hasta los ridiculiza.<br>L\u00f3pez Obrador se las sabe de todas todas, pero parafraseando al fil\u00f3sofo de Claver\u00eda, \u201cnada es para siempre y hasta la belleza cansa\u2026\u201d.<\/p>\n\n\n\n<hr class=\"wp-block-separator\"\/>\n\n\n\n<p>De vuelta en la aldea, otro escandalito\u2026 la opacidad se apoder\u00f3 de Cumbre Taj\u00edn\u2026, o al menos del fideicomiso p\u00fablico de administraci\u00f3n y operaci\u00f3n del Parque Tem\u00e1tico Takhil-Sukut, como ente operador.<br>El tema es que, como sujeto obligado ya que maneja recursos p\u00fablicos, fue requerido, v\u00eda transparencia, para entregar desgloses financieros -por rubro- de la Cumbre Taj\u00edn de 2000 al 2020, incluso todos los gastos e ingresos relacionados con el evento.<br>La solicitud refiere tambi\u00e9n que dichos desgloses financieros fueron publicados en Internet por la Secretar\u00eda de Finanzas y Planeaci\u00f3n, y a\u00fan as\u00ed, el sujeto obligado simple y llanamente omiti\u00f3 dar respuesta a la solicitud de informaci\u00f3n y tampoco document\u00f3 pr\u00f3rroga alguna para contestar.<br>Debido a esto, se interpuso el recurso de revisi\u00f3n ante el IVAI, quien ordena que se proporcione la informaci\u00f3n requerida a partir del 2005, fecha de creaci\u00f3n del mentado fideicomiso.<br>Se considera que la omisi\u00f3n es una falta que persisti\u00f3, con lo que se vulner\u00f3 el Derecho de Acceso a la Informaci\u00f3n, motivo de sanci\u00f3n, luego entonces, el IVAI impone un apercibimiento al sujeto, para evitar que repita la conducta. Veremos si esto sucede, mucho m\u00e1s porque Cumbre Taj\u00edn est\u00e1 en puerta. Uuuuufff.<\/p>\n\n\n\n<p>\u00a1Qu\u00e9 barbaridad!<br>deprimera.mano2020@gmail.com<\/p>\n","protected":false},"excerpt":{"rendered":"<p>Omar Z\u00fa\u00f1igaDe Primera Mano Taj\u00edn Nadie puede negar que el presidente L\u00f3pez Obrador es una persona tenaz y ciertamente inteligente, para bien o para mal si usted quiere, pero muy inteligente.Esta semana abri\u00f3 nuevamente un frente contra Espa\u00f1a, as\u00ed sin m\u00e1s, le arre\u00f3 y poniendo como pretexto las \u201ctropel\u00edas\u201d de Iberdrola y Repsol, anunci\u00f3 una [&hellip;]<\/p>\n","protected":false},"author":2,"featured_media":0,"comment_status":"closed","ping_status":"closed","sticky":false,"template":"","format":"standard","meta":{"_jetpack_newsletter_access":"","_jetpack_dont_email_post_to_subs":false,"_jetpack_newsletter_tier_id":0,"_jetpack_memberships_contains_paywalled_content":false,"_jetpack_memberships_contains_paid_content":false,"footnotes":""},"categories":[70],"tags":[618,2153,20929,4598,985,687,28705],"class_list":["post-85989","post","type-post","status-publish","format-standard","hentry","category-de-opinion","tag-andres-manuel-lopez-obrador","tag-cumbre-tajin","tag-derecho-de-acceso-a-la-informacion","tag-espana","tag-ivai","tag-olga-sanchez-cordero","tag-omar-zuniga"],"jetpack_featured_media_url":"","jetpack_sharing_enabled":true,"jetpack_shortlink":"https:\/\/wp.me\/p4Qcd3-mmV","_links":{"self":[{"href":"https:\/\/lospoliticosveracruz.com.mx\/index.php?rest_route=\/wp\/v2\/posts\/85989","targetHints":{"allow":["GET"]}}],"collection":[{"href":"https:\/\/lospoliticosveracruz.com.mx\/index.php?rest_route=\/wp\/v2\/posts"}],"about":[{"href":"https:\/\/lospoliticosveracruz.com.mx\/index.php?rest_route=\/wp\/v2\/types\/post"}],"author":[{"embeddable":true,"href":"https:\/\/lospoliticosveracruz.com.mx\/index.php?rest_route=\/wp\/v2\/users\/2"}],"replies":[{"embeddable":true,"href":"https:\/\/lospoliticosveracruz.com.mx\/index.php?rest_route=%2Fwp%2Fv2%2Fcomments&post=85989"}],"version-history":[{"count":1,"href":"https:\/\/lospoliticosveracruz.com.mx\/index.php?rest_route=\/wp\/v2\/posts\/85989\/revisions"}],"predecessor-version":[{"id":85991,"href":"https:\/\/lospoliticosveracruz.com.mx\/index.php?rest_route=\/wp\/v2\/posts\/85989\/revisions\/85991"}],"wp:attachment":[{"href":"https:\/\/lospoliticosveracruz.com.mx\/index.php?rest_route=%2Fwp%2Fv2%2Fmedia&parent=85989"}],"wp:term":[{"taxonomy":"category","embeddable":true,"href":"https:\/\/lospoliticosveracruz.com.mx\/index.php?rest_route=%2Fwp%2Fv2%2Fcategories&post=85989"},{"taxonomy":"post_tag","embeddable":true,"href":"https:\/\/lospoliticosveracruz.com.mx\/index.php?rest_route=%2Fwp%2Fv2%2Ftags&post=85989"}],"curies":[{"name":"wp","href":"https:\/\/api.w.org\/{rel}","templated":true}]}}