{"id":86392,"date":"2022-02-22T08:03:59","date_gmt":"2022-02-22T14:03:59","guid":{"rendered":"https:\/\/lospoliticosveracruz.com.mx\/?p=86392"},"modified":"2022-02-22T08:04:06","modified_gmt":"2022-02-22T14:04:06","slug":"el-tema-de-la-asf","status":"publish","type":"post","link":"https:\/\/lospoliticosveracruz.com.mx\/?p=86392","title":{"rendered":"El tema de la ASF"},"content":{"rendered":"\n<p><strong>Adriana Mu\u00f1oz<br><\/strong><em>Sin rencores<\/em><\/p>\n\n\n\n<p><\/p>\n\n\n\n<p><em>\u00abSeg\u00fan yo lo veo, si quieres el arco iris, tienes que aguantar la lluvia\u00bb. Dolly Parton.<\/em><\/p>\n\n\n\n<p><br>&#8212;-\/\/\/&#8212;-<br><strong>EL TEMA DE LA ASF\u2026<br><\/strong>Va a dar mucho que hablar pr\u00f3ximamente y m\u00e1s en un periodo de veda electoral donde consecuentemente no hay espacio para la defensa institucional a ultranza porque a la saz\u00f3n puede haber una multa o sanci\u00f3n por parte del Instituto Nacional Electoral.<br>El tema no es f\u00e1cil por ejemplo, para los municipios que fueron se\u00f1alados y ni a cual color irle porque hay de todo y para todo: Acayucan, Agua Dulce, Altotonga, Alvarado, Atoyac, Banderilla, Boca del R\u00edo, Camar\u00f3n de Tejeda, Camerino Z. Mendoza; Catemaco, Cazones, Coatepec, Coatzacoalcos, C\u00f3rdoba, Cosamaloapan, Cosoleacaque, Emiliano Zapata, Fort\u00edn de las Flores, Huatusco, Isla, Ixhuatl\u00e1n del Madero, Ixtaczoquitl\u00e1n, Jamapa, La Antigua, Las Choapas, Lerdo de Tejada, Mart\u00ednez de la Torre, Medell\u00edn de Bravo, Minatitl\u00e1n, Misantla, Nanchital, Orizaba, P\u00e1nuco, Papantla, Perote, Poza Rica, R\u00edo Blanco, San Andr\u00e9s Tuxtla, San Rafael, Santiago Tuxtla, Soledad Atzompa, Tamiahua, Tantoyuca, Teocelo, Tepetzintla, Tezonapa, Tierra Blanca, Tihuatl\u00e1n, Tlacotalpan, Tuxpan, Veracruz, Xalapa y Zongolica.<br>Poco m\u00e1s de 50, medio centenar. &#8216;Nada m\u00e1s&#8217; esos.<br>Pr\u00e1cticamente una cuarta parte de los municipios que integran el territorio veracruzano.<br>&#8212;\/\/\/&#8211;<br><strong>EN EL CASO DEL ESTADO\u2026<br><\/strong>La Auditor\u00eda Superior de la Federaci\u00f3n, en su Programa Anual de Auditorias 2021 que se puede leer en el Diario Oficial de la Federaci\u00f3n, subray\u00f3 que ser\u00e1n 92 auditor\u00edas de cumplimiento, para verificar el ejercicio de los recursos p\u00fablicos no solo al Poder Ejecutivo, al Legislativo y al Poder Judicial, as\u00ed como a la Universidad Veracruzana, institutos tecnol\u00f3gicos y a ayuntamientos.<br>&#8212;\/\/\/&#8212;<br><strong>\u00bfQUE REVISA UNA AUDITOR\u00cdA?<br><\/strong>Todo.<br>El Cumplimiento de las Disposiciones Establecidas en la Ley de Disciplina Financiera de las Entidades Federativas y los Municipios; la Distribuci\u00f3n de las Participaciones Federales; la Distribuci\u00f3n del Fondo de Aportaciones para el Fortalecimiento de los Municipios y de las Demarcaciones Territoriales del Distrito Federal; el Fondo de Aportaciones M\u00faltiples; el Fondo de Aportaciones para el Fortalecimiento de las Entidades Federativas; el Fondo de Aportaciones para la Educaci\u00f3n Tecnol\u00f3gica y de Adultos; el Fondo de Aportaciones para la N\u00f3mina Educativa y Gasto; el Fondo de Aportaciones para la Seguridad P\u00fablica de los Estados y del Distrito Federal; el Fondo de Aportaciones para los Servicios de Salud; el Fondo de Infraestructura Social para las Entidades; la Gesti\u00f3n Administrativa y Financiera de Recursos del Gasto Federalizado y las Participaciones Federales a Entidades Federativas, entre otros.<br>Es decir, todo lo depositado a las arcas estatales no solo para el ejercicio del Ejecutivo sino para los tres poderes y niveles de gobierno.<br>&#8212;\/\/\/&#8211;<br><strong>LOS N\u00daMEROS\u2026<br><\/strong>Podr\u00e1n parecer abismales, no obstante, como bien comenta el presidente Andr\u00e9s Manuel L\u00f3pez Obrador, hay que ver realmente cu\u00e1les son simples se\u00f1alamientos que ser\u00e1n solventados por ser tr\u00e1mite mero administrativo.<br>En lo que corresponde a Veracruz, donde se concentrar\u00e1n, dijo Mercedes Santoyo, Contralora del Estado, es en aclarar los montos que se\u00f1ala la ASF en diversas partidas y que en suma son apenas perceptibles en comparaci\u00f3n a lo que se ejerci\u00f3.<br>La realidad es que, de acuerdo a la CGE, en Veracruz no se ha cometido da\u00f1o patrimonial.<br>&#8212;-\/\/\/&#8211;<br><strong>HAY UN DATO\u2026<br><\/strong>Interesante.<br>Esto apenas comienza toda vez que la CGE detall\u00f3 que la Comisi\u00f3n de Vigilancia en la C\u00e1mara de Diputados, entreg\u00f3 los resultados de las \u00faltimas 19 auditor\u00edas, de un total de 34, practicadas al Poder Ejecutivo del Estado de Veracruz.<br>Con todo, hay confianza en que Veracruz en un mes reporte \u00abbandera blanca\u00bb porque de acuerdo con el Informe General Ejecutivo de la Fiscalizaci\u00f3n Superior de la Cuenta P\u00fablica 2020 de la ASF, el d\u00eda de hoy la entidad veracruzana se ubica como uno de los estados menos observados, posicion\u00e1ndose en el lugar n\u00famero 20, trat\u00e1ndose de la fiscalizaci\u00f3n de los recursos programables transferidos quedando debajo de entidades federativas con importes a solventar superiores como Baja California, Chiapas, Puebla, Michoac\u00e1n, San Luis Potos\u00ed, Tamaulipas, Morelos, Coahuila, Chihuahua, Guerrero, Nayarit y Oaxaca.<br>&#8212;-\/\/\/\/&#8212;<br><strong>NI LO INMUT\u00d3\u2026<br><\/strong>Luego de la aparici\u00f3n de lonas en contra de la revocaci\u00f3n del mandato y del Presidente, el gobernador Cuitl\u00e1huac Garc\u00eda Jim\u00e9nez, expres\u00f3 que hay libertad de colocarlas.<br>No es extra\u00f1o adem\u00e1s, que aparezcan este tipo de lonas o bardas pintadas, unas a favor otras en contra de lo que hoy el INE ha puesto en mano de los ciudadanos.<br>El gobierno tiene que evitar la publicidad de sus programas de Gobierno hasta despu\u00e9s del 10 de abril.m y cada quien, record\u00f3<br>Como quien dice, a la oposici\u00f3n le sali\u00f3 el chirri\u00f3n por el palito.<br>&#8212;\/\/\/&#8212;<br><strong>MIENTRAS HACE LO PROPIO\u2026<br><\/strong>Zenyazen Escobar en el puerto, en Alvarado no es distinto.<br>El s\u00edndico \u00fanico del ayuntamiento de Alvarado, Jaime Abel Tiburcio Herrera, realiz\u00f3 un recorrido para conocer las instalaciones del CETMAR01; en el lugar, se percat\u00f3 de las necesidades y problem\u00e1ticas del centro escolar, entre estas, la falta de mobiliario y equipo de c\u00f3mputo, por lo que con sus buenos oficios se comprometi\u00f3 a hacer las gestiones correspondientes ante el Instituto de Espacios Educativos de la Secretar\u00eda de Educaci\u00f3n de Veracruz (SEV), a fin de que se otorgue pronta atenci\u00f3n.<br>Asimismo, sostuvo un encuentro de coordinaci\u00f3n con la secretaria de Protecci\u00f3n Civil del Estado, Guadalupe Osorno Maldonado, donde se abordaron diversos temas de relevancia para coadyuvar entre la administraci\u00f3n del gobernador Cuitl\u00e1huac Garc\u00eda Jim\u00e9nez y la municipalidad.<br>&#8212;\/\/\/\/&#8211;<br><strong>EN VERACRUZ\u2026<br><\/strong>Puerto.<br>El secretario de Educaci\u00f3n de Veracruz, Zenyazen Escobar Garc\u00eda, estuvo en los municipios de Veracruz y Boca del R\u00edo, con el fin de constatar los trabajos de mantenimiento en planteles del nivel b\u00e1sico que fueron vandalizados.<br>En el municipio de Veracruz visit\u00f3 la primaria Vicente Lombardo Toledano, de la colonia R\u00edo Medio, en la cual robaron climas, puertas, ventanas, protecciones y cableado de energ\u00eda el\u00e9ctrica, con da\u00f1os aproximados de 300 mil pesos. En esta escuela se comenz\u00f3 a arreglar el problema de la energ\u00eda el\u00e9ctrica la semana pasada.<br>Mientras que en la primaria Ricardo Flores Mag\u00f3n, de la colonia Villa de Guadalupe, los da\u00f1os ascienden a 70 mil pesos, al haber sido saqueados el cableado y las tuber\u00edas; sus trabajos de mantenimiento se iniciaron entre diciembre de 2021 y enero del presente a\u00f1o. En Veracruz tambi\u00e9n recorri\u00f3 la primaria H\u00e9roes del 21 de Abril.<br>En Boca del R\u00edo, supervis\u00f3 los trabajos en el jard\u00edn de ni\u00f1os Sor Juana In\u00e9s de la Cruz, plantel que fue afectado por el vandalismo, lo cual da\u00f1\u00f3 el patrimonio de la comunidad educativa.<br>Es importante que en todas ya se impartan clases presenciales para regresar a la actividad diaria, principalmente por la salud socioemocional de las y los estudiantes.<br>&#8212;\/\/\/&#8211;<br><strong>ES UN HECHO\u2026<br><\/strong>Que quienes insisten en poner en el \u00e1mbito medi\u00e1tico a \u00abGutierritos\u00bb, es la gente que cree que lograr\u00e1 algo pero no solo eso, que estar\u00e1n como anta\u00f1o, claro, llevando \u00abagua\u00bb a sus cuentas cobijados por el legislador panista presidente de la actual Mesa Directiva de la C\u00e1mara de Diputados.<br>El Secretario de Gobierno, Eric Cisneros Burgos, fue cuestionado al respecto y fue muy puntual en mencionar que la pol\u00edtica en Veracruz no se inmuta ni se ve afectada por las constantes visitas de quien\u00bbno representa nada\u00bb ni alborota a los \u00abpollos\u00bb<br>\u00abC\u00f3mo va a representar ese tipo de cosas. Ese se\u00f1or no representa nada en Veracruz\u00bb<br>-\u00ab\u00bfNo alborota el gallinero?<br>-\u00abNi pollos\u00bb, contest\u00f3.<br>Definitivamente la historia se ir\u00e1 escribiendo y el \u00abchamba suave\u00bb no tiene posibilidad alguna de inscribirse en ella, al menos no en Veracruz y menos para el 2024.<br>&#8212;-\/\/\/&#8211;<br><strong>PENDIENTE\u2026<br><\/strong>Est\u00e1 en el Puerto de Veracruz una verdadera oposici\u00f3n edilicia.<br>Es una pena, una l\u00e1stima que prioricen acuerdos e intereses a crear un verdadero bloque de oposici\u00f3n, pero bueno, que se puede esperar de novatos, vedettes y militantes de otros partidos o familiares de \u00abinnombrables\u00bb al frente de las regidur\u00edas de Morena en Veracruz puerto, con m\u00ednimas excepciones.<br>Ni siquiera han podido defender o pronunciarse por el llamado del Gobierno de Veracruz para que el Comit\u00e9 de Carnaval respete a los pueblos originarios y a las etnias veracruzanas como son los totonacas, cultura de la cual emanan los Voladores de Papantla.<br>Otra administraci\u00f3n con ediles esquiroles.<br>Pero la culpa no la tiene el indio, sino quien lo hace compadre.<br>&#8212;\/\/\/&#8211;<br><strong>ALERTA M\u00c1XIMA\u2026.<br><\/strong>El conflicto Rusia-Ucrania Rusia -Ucrania ha causado la reuni\u00f3n del Consejo de Seguridad de la ONU.<br>Donetsk y Lugansk, dos territorios prorrusos en el este de Ucrania, con ricas reservas minerales y alta actividad industrial, son reconocidos por el presidente ruso Vladimir Putin como independientes.<br>Los ojos del mundo est\u00e1n en oriente.<br>Buen martes.<\/p>\n\n\n\n<p>e-mail: sinrencorespuntocom@gmail.com<\/p>\n","protected":false},"excerpt":{"rendered":"<p>Adriana Mu\u00f1ozSin rencores \u00abSeg\u00fan yo lo veo, si quieres el arco iris, tienes que aguantar la lluvia\u00bb. Dolly Parton. &#8212;-\/\/\/&#8212;-EL TEMA DE LA ASF\u2026Va a dar mucho que hablar pr\u00f3ximamente y m\u00e1s en un periodo de veda electoral donde consecuentemente no hay espacio para la defensa institucional a ultranza porque a la saz\u00f3n puede haber [&hellip;]<\/p>\n","protected":false},"author":2,"featured_media":0,"comment_status":"closed","ping_status":"closed","sticky":false,"template":"","format":"standard","meta":{"_jetpack_newsletter_access":"","_jetpack_dont_email_post_to_subs":false,"_jetpack_newsletter_tier_id":0,"_jetpack_memberships_contains_paywalled_content":false,"_jetpack_memberships_contains_paid_content":false,"footnotes":""},"categories":[70],"tags":[23135,618,2180,1917,1563,5584,1026,195],"class_list":["post-86392","post","type-post","status-publish","format-standard","hentry","category-de-opinion","tag-adriana-munoz","tag-andres-manuel-lopez-obrador","tag-asf","tag-auditoria-superior-de-la-federacion","tag-cuitlahuac-garcia-jimenez","tag-mercedes-santoyo-dominguez","tag-morena","tag-veracruz"],"jetpack_featured_media_url":"","jetpack_sharing_enabled":true,"jetpack_shortlink":"https:\/\/wp.me\/p4Qcd3-mtq","_links":{"self":[{"href":"https:\/\/lospoliticosveracruz.com.mx\/index.php?rest_route=\/wp\/v2\/posts\/86392","targetHints":{"allow":["GET"]}}],"collection":[{"href":"https:\/\/lospoliticosveracruz.com.mx\/index.php?rest_route=\/wp\/v2\/posts"}],"about":[{"href":"https:\/\/lospoliticosveracruz.com.mx\/index.php?rest_route=\/wp\/v2\/types\/post"}],"author":[{"embeddable":true,"href":"https:\/\/lospoliticosveracruz.com.mx\/index.php?rest_route=\/wp\/v2\/users\/2"}],"replies":[{"embeddable":true,"href":"https:\/\/lospoliticosveracruz.com.mx\/index.php?rest_route=%2Fwp%2Fv2%2Fcomments&post=86392"}],"version-history":[{"count":1,"href":"https:\/\/lospoliticosveracruz.com.mx\/index.php?rest_route=\/wp\/v2\/posts\/86392\/revisions"}],"predecessor-version":[{"id":86394,"href":"https:\/\/lospoliticosveracruz.com.mx\/index.php?rest_route=\/wp\/v2\/posts\/86392\/revisions\/86394"}],"wp:attachment":[{"href":"https:\/\/lospoliticosveracruz.com.mx\/index.php?rest_route=%2Fwp%2Fv2%2Fmedia&parent=86392"}],"wp:term":[{"taxonomy":"category","embeddable":true,"href":"https:\/\/lospoliticosveracruz.com.mx\/index.php?rest_route=%2Fwp%2Fv2%2Fcategories&post=86392"},{"taxonomy":"post_tag","embeddable":true,"href":"https:\/\/lospoliticosveracruz.com.mx\/index.php?rest_route=%2Fwp%2Fv2%2Ftags&post=86392"}],"curies":[{"name":"wp","href":"https:\/\/api.w.org\/{rel}","templated":true}]}}