{"id":86675,"date":"2022-03-01T08:44:07","date_gmt":"2022-03-01T14:44:07","guid":{"rendered":"https:\/\/lospoliticosveracruz.com.mx\/?p=86675"},"modified":"2022-03-01T08:46:53","modified_gmt":"2022-03-01T14:46:53","slug":"acabar-con-la-monstruosa-desigualdad","status":"publish","type":"post","link":"https:\/\/lospoliticosveracruz.com.mx\/?p=86675","title":{"rendered":"Acabar con la monstruosa desigualdad"},"content":{"rendered":"\n<p><strong>Yair Ademar Dom\u00ednguez<br><\/strong><em>Punto y Coma<\/em><\/p>\n\n\n\n<p>Aqu\u00ed, all\u00e1 y acull\u00e1, el monstruo de mil cabezas de la corrupci\u00f3n en Veracruz y en todo el pa\u00eds se retuerce, se resiste, mantiene su guerra sucia, lo que hizo muy bien durante toda la \u00e9poca neoliberal, para acallar las voces cr\u00edticas, los movimientos de izquierda, los que se mueven del lado de donde est\u00e1 el coraz\u00f3n.<\/p>\n\n\n\n<div class=\"wp-block-image\"><figure class=\"alignleft size-full is-resized\"><a href=\"https:\/\/lospoliticosveracruz.com.mx\/wp-content\/uploads\/2021\/10\/Zacauilt.jpg\"><img loading=\"lazy\" decoding=\"async\" src=\"https:\/\/lospoliticosveracruz.com.mx\/wp-content\/uploads\/2021\/10\/Zacauilt.jpg\" alt=\"\" class=\"wp-image-80558\" width=\"250\" height=\"500\"\/><\/a><\/figure><\/div>\n\n\n\n<p>Fueron esos gobiernos los que enriquecieron a unos cuantos y explotaron los recursos naturales de M\u00e9xico. Hoy, gracias a la Cuarta Transformaci\u00f3n, las riquezas del suelo son del pueblo, para el beneficio de la naci\u00f3n.<\/p>\n\n\n\n<p>Tenemos que defender el litio, el petr\u00f3leo, la energ\u00eda el\u00e9ctrica, todo lo que le da soberan\u00eda a nuestro pa\u00eds, porque en estos recursos naturales estrat\u00e9gicos est\u00e1 el futuro del desarrollo nacional. Si caen en manos extranjeras, de particulares o pol\u00edticos corruptos, la lucha que est\u00e1 en marcha ser\u00e1 en vano.<\/p>\n\n\n\n<p>El presidente Andr\u00e9s Manuel L\u00f3pez Obrador, quien ha sido flanco de una campa\u00f1a de desprestigio, lo resumi\u00f3 este lunes de manera llana y clara: el plan de gobierno es acabar con la corrupci\u00f3n. De corrido y en un solo pie, brome\u00f3 el mandatario nacional, el plan se puede decir en tres segundos.<\/p>\n\n\n\n<p>\u201cAcabar con la corrupci\u00f3n, eso es todo, entonces ya no hay que estar pensando. Desde luego, el pensamiento es importante, la pol\u00edtica es pensamiento y acci\u00f3n, pero ahora la acci\u00f3n es convicci\u00f3n, es lo fundamental. Entonces, por eso estoy dedicado a seguir trabajando\u201d, dijo directo el jefe de las instituciones del pa\u00eds.<\/p>\n\n\n\n<p>\u201cPues imag\u00ednense, me faltan dos a\u00f1os y medio, si as\u00ed lo decide el pueblo, si ahora en ese d\u00eda que no puedo mencionar la gente decide que contin\u00fae, tambi\u00e9n si lo decide el Creador, la ciencia, no sabemos qu\u00e9 nos depara el destino, pero si termino mi mandato me he propuesto no dejar obras inconclusas y esto implica que debo de trabajar, como lo he dicho siempre, desde que llegu\u00e9 a la Presidencia 16 horas diarias para hacer, de seis a\u00f1os, 12 a\u00f1os\u201d, destac\u00f3.<\/p>\n\n\n\n<p>De lo que se trata es de crear conciencia, para desterrar de nuestro pa\u00eds la corrupci\u00f3n, terminar de quitar la m\u00e1scara a los conservadores corruptos y dejar establecido que s\u00f3lo siendo buenos podemos ser felices y entonces s\u00ed, ya a Palenque. M\u00e1s claro, ni el agua.<\/p>\n\n\n\n<p><strong>Monreal, sin eco<\/strong><\/p>\n\n\n\n<p>La campa\u00f1a que en Veracruz inici\u00f3 Ricardo Monreal \u00c1vila para defender a infractores de la ley, se ha desinflado. No ha tenido m\u00e1s eco que el medi\u00e1tico que quiso generar. En el cumplimiento de la ley no hay ciudadanos de primera y de segunda. No, ante la ley todos somos iguales, como dice la m\u00e1xima juarista. As\u00ed que como dice la vieja m\u00e1xima, por sus obras los conocer\u00e1n y en Veracruz est\u00e1 muy claro: el que la hace la paga.<\/p>\n\n\n\n<p>Comentarios: Facebook Yair Ademar Dominguez Twitter @YairAdemar<\/p>\n","protected":false},"excerpt":{"rendered":"<p>Yair Ademar Dom\u00ednguezPunto y Coma Aqu\u00ed, all\u00e1 y acull\u00e1, el monstruo de mil cabezas de la corrupci\u00f3n en Veracruz y en todo el pa\u00eds se retuerce, se resiste, mantiene su guerra sucia, lo que hizo muy bien durante toda la \u00e9poca neoliberal, para acallar las voces cr\u00edticas, los movimientos de izquierda, los que se mueven [&hellip;]<\/p>\n","protected":false},"author":2,"featured_media":0,"comment_status":"closed","ping_status":"closed","sticky":false,"template":"","format":"standard","meta":{"_jetpack_newsletter_access":"","_jetpack_dont_email_post_to_subs":false,"_jetpack_newsletter_tier_id":0,"_jetpack_memberships_contains_paywalled_content":false,"_jetpack_memberships_contains_paid_content":false,"footnotes":""},"categories":[70],"tags":[618,1026,2944,26725,195,20652],"class_list":["post-86675","post","type-post","status-publish","format-standard","hentry","category-de-opinion","tag-andres-manuel-lopez-obrador","tag-morena","tag-ricardo-monreal-avila","tag-ultrajes-a-la-autoridad","tag-veracruz","tag-yair-ademar-dominguez"],"jetpack_featured_media_url":"","jetpack_sharing_enabled":true,"jetpack_shortlink":"https:\/\/wp.me\/p4Qcd3-mxZ","_links":{"self":[{"href":"https:\/\/lospoliticosveracruz.com.mx\/index.php?rest_route=\/wp\/v2\/posts\/86675","targetHints":{"allow":["GET"]}}],"collection":[{"href":"https:\/\/lospoliticosveracruz.com.mx\/index.php?rest_route=\/wp\/v2\/posts"}],"about":[{"href":"https:\/\/lospoliticosveracruz.com.mx\/index.php?rest_route=\/wp\/v2\/types\/post"}],"author":[{"embeddable":true,"href":"https:\/\/lospoliticosveracruz.com.mx\/index.php?rest_route=\/wp\/v2\/users\/2"}],"replies":[{"embeddable":true,"href":"https:\/\/lospoliticosveracruz.com.mx\/index.php?rest_route=%2Fwp%2Fv2%2Fcomments&post=86675"}],"version-history":[{"count":2,"href":"https:\/\/lospoliticosveracruz.com.mx\/index.php?rest_route=\/wp\/v2\/posts\/86675\/revisions"}],"predecessor-version":[{"id":86677,"href":"https:\/\/lospoliticosveracruz.com.mx\/index.php?rest_route=\/wp\/v2\/posts\/86675\/revisions\/86677"}],"wp:attachment":[{"href":"https:\/\/lospoliticosveracruz.com.mx\/index.php?rest_route=%2Fwp%2Fv2%2Fmedia&parent=86675"}],"wp:term":[{"taxonomy":"category","embeddable":true,"href":"https:\/\/lospoliticosveracruz.com.mx\/index.php?rest_route=%2Fwp%2Fv2%2Fcategories&post=86675"},{"taxonomy":"post_tag","embeddable":true,"href":"https:\/\/lospoliticosveracruz.com.mx\/index.php?rest_route=%2Fwp%2Fv2%2Ftags&post=86675"}],"curies":[{"name":"wp","href":"https:\/\/api.w.org\/{rel}","templated":true}]}}