{"id":86684,"date":"2022-03-01T12:12:35","date_gmt":"2022-03-01T18:12:35","guid":{"rendered":"https:\/\/lospoliticosveracruz.com.mx\/?p=86684"},"modified":"2022-03-01T12:12:43","modified_gmt":"2022-03-01T18:12:43","slug":"la-inflacion-es-una-efectiva-fabrica-de-pobres","status":"publish","type":"post","link":"https:\/\/lospoliticosveracruz.com.mx\/?p=86684","title":{"rendered":"La inflaci\u00f3n es, una efectiva f\u00e1brica de pobres"},"content":{"rendered":"\n<p><br><strong>Rafael Arias Hern\u00e1ndez<\/strong><\/p>\n\n\n\n<p><em>Mutatis mutandis<\/em><\/p>\n\n\n\n<p><\/p>\n\n\n\n<p>Irresponsable&nbsp;ignorar o minimizar el surgimiento y presencia de aumento de los precios de los bienes y servicios.&nbsp;M\u00e1s, por los enormes&nbsp;perjuicios&nbsp;y&nbsp;p\u00e9rdidas que ocasiona.<\/p>\n\n\n\n<p>De acuerdo con&nbsp;INEGI y otras fuentes oficiales,&nbsp;en 2021 se alcanz\u00f3 una inflaci\u00f3n promedio superior a 7.5%, que la convierte en una de las m\u00e1s altas en&nbsp;d\u00e9cadas; la subyacente, poco m\u00e1s de&nbsp;6&nbsp;%;&nbsp;y la no subyacente&nbsp;superior a 11&nbsp;%.&nbsp;Con expectativas de aumento para&nbsp;2022.&nbsp;&nbsp; &nbsp; &nbsp; &nbsp;&nbsp;<\/p>\n\n\n\n<p>Efectos que causan\u00a0el desajuste entre oferta y demanda; el\u00a0negativo, nulo o\u00a0bajo\u00a0impulso al crecimiento econ\u00f3mico;\u00a0la p\u00e9rdida en el tipo de cambio; y la persistencia de\u00a0pol\u00edticas econ\u00f3micas insuficientes.<\/p>\n\n\n\n<p>Imposible&nbsp;ocultar, desatender o subestimar el&nbsp;notorio&nbsp;aumento de pobreza, hambre y miseria.&nbsp;De m\u00faltiples formas y por muchas partes,&nbsp;se hace sentir el tama\u00f1o de los da\u00f1os y sacrificios que ocasiona a la poblaci\u00f3n, el no atender, atender mal o menospreciar la inflaci\u00f3n que se padece&nbsp;y que no se va aresolver&nbsp;en&nbsp;autom\u00e1tico.<\/p>\n\n\n\n<p>Para empezar, lo m\u00e1s notorio, es&nbsp;comprobar sus alcances&nbsp;de&nbsp;cobertura e&nbsp;influencia,&nbsp;tanto local y regional, como nacional e internacional.<\/p>\n\n\n\n<p>Comprobar&nbsp;adem\u00e1s, que&nbsp;en los hechos, buena parte de las respuestas gubernamentales, son insuficientes, inapropiadas y ajenas a la realidad que se vive;&nbsp;es m\u00e1s,&nbsp;en&nbsp;sus dichos se comprueba tambi\u00e9n, la persistencia del mismo discurso de \u201cm\u00e1s de lo mismo\u201d, a veces adornado con excesos ret\u00f3ricos y declaraciones prometedoras de resultados que no llegan o que se obtienen&nbsp;por otros medios, como el indiscutible esfuerzo y af\u00e1n de supervivencia de la poblaci\u00f3n, que persiste en buscar y encontrar alternativas de soluci\u00f3n para atender sus necesidades b\u00e1sicas y resolver sus problemas prioritarios.<\/p>\n\n\n\n<p>Con toda raz\u00f3n, la cultura popular, con frecuencia define la pol\u00edtica econ\u00f3mica de los gobiernos, como el juego de la pirinola, endonde siempre a las mayor\u00edas&nbsp;les corresponde:&nbsp;\u201ctodos ponen\u201d.&nbsp;<\/p>\n\n\n\n<p>El tema de la inflaci\u00f3n&nbsp;es&nbsp;uno de&nbsp;losindiscutibles&nbsp;temas,&nbsp;de necesaria y urgente atenci\u00f3n&nbsp;ciudadana, social y gubernamental.Desde siempre se sabe que su tendencia es a empeorar, no se resuelve sola, y exigesustentaci\u00f3n, actualizaci\u00f3n e&nbsp;integraci\u00f3n de pol\u00edticas&nbsp;tanto&nbsp;de gobiernos,&nbsp;como de empresas&nbsp;y de la&nbsp;sociedad&nbsp;en general.&nbsp;<\/p>\n\n\n\n<p>Caro muy caro, resulta&nbsp;ignorar,&nbsp;negar,&nbsp;minimizar&nbsp;y mal atender&nbsp;la inflaci\u00f3n.<\/p>\n\n\n\n<p><strong>EL TAMA\u00d1O DEL DA\u00d1O.<\/strong><\/p>\n\n\n\n<p>Ante pocos o nulos resultados positivos,&nbsp;se debe insistir, que son inocultables:&nbsp;aumento de precios, p\u00e9rdida de capacidad de compra,&nbsp;y tambi\u00e9n, ausencia de pol\u00edticas gubernamentales efectivas y actuales.&nbsp;<\/p>\n\n\n\n<p>Hoy por hoy,&nbsp;de muchas formas&nbsp;se advierte y alerta, que&nbsp;debe revisarse, en los hechos,&nbsp;el discurso oficial&nbsp;de \u201cvamos bien y viene lo mejor\u201d; y&nbsp;tambi\u00e9n,&nbsp;en general&nbsp;el&nbsp;mensaje exaltador del \u201crollo del desarrollo\u201d, la fantas\u00edahipnotizadora de los buenos deseos&nbsp;pol\u00edticos, y las&nbsp;recurrentes expresiones&nbsp;de&nbsp;mejores intenciones.<\/p>\n\n\n\n<p>Por lo pronto se sabe y comprueba&nbsp;que, la inflaci\u00f3n en&nbsp;2021&nbsp;ha colocado al&nbsp;pa\u00eds, entre los diez con m\u00e1s alto&nbsp;crecimiento del&nbsp;nivel&nbsp;de precios. Concretamente, en este terreno,M\u00e9xico&nbsp;se ha identificado&nbsp;en la&nbsp;s\u00e9ptima&nbsp;posici\u00f3n mundial.<\/p>\n\n\n\n<p>As\u00ed,&nbsp;Venezuela lleg\u00f3&nbsp;a 1,198 % de inflaci\u00f3n, Argentina a&nbsp;50.9%, Turqu\u00eda a 36.1%, Brasil&nbsp;a 10.1%, Polonia&nbsp;a&nbsp;8.6%,&nbsp;Rusia&nbsp;a 8.4%&nbsp;y M\u00e9xicoa 7.4%. Incluso se ha comentado, que EEUU observo&nbsp;7 %&nbsp;en 2021,&nbsp;considerada la m\u00e1s&nbsp;alta inflaci\u00f3n&nbsp;padecida por este pa\u00eds en 40 a\u00f1os.&nbsp;Y&nbsp;por&nbsp;el&nbsp;otro&nbsp;lado, sobresalen como las m\u00e1s bajas, la de Jap\u00f3n&nbsp;0.6%, Arabia Saudita&nbsp;1.1%, Suiza y China&nbsp;con&nbsp;1,5%.&nbsp;Lo importante, es quede muchas formas se alerta y advierte que puede ser no transitoria y que&nbsp;la afectaci\u00f3n puede extenderse en muchos pa\u00edses, por varios a\u00f1os. (Yolanda Morales. Eleconomista.commx.130122)<\/p>\n\n\n\n<p>Para otros especialistas, el impacto inflacionario debe analizarse junto con&nbsp;la devaluaci\u00f3n que puede acompa\u00f1ar&nbsp;a&nbsp;estos hechos.<\/p>\n\n\n\n<p>Para dar una idea, en un apretado resumen, de acuerdo con INEGI,&nbsp;en los \u00faltimos a\u00f1os, M\u00e9xico&nbsp;ha llegado a&nbsp;7.4%&nbsp;en&nbsp;2021,&nbsp;un 3.15%en 2020, un 2.83 en 2019, un 4.83% en 2018, y un 6.77% en 2017.<\/p>\n\n\n\n<p>Lo que viene, \u00bfconviene?&nbsp;\u00bfAceptamos que estamos en una&nbsp;complicada situaci\u00f3n?<\/p>\n\n\n\n<p>De hecho,&nbsp;se padecen&nbsp;crisis&nbsp;acumuladas&nbsp;y profundizadas, interrelacionadas y en aumento. Para empezar,&nbsp;debe tenerse presente&nbsp;que,&nbsp;en el 2020,&nbsp;se reconoci\u00f3&nbsp;la presencia de la crisis econ\u00f3mica&nbsp;heredada,&nbsp;y el efecto de la pandemia,&nbsp;que todo lo complic\u00f3.<\/p>\n\n\n\n<p>En fin,&nbsp;urge entender y&nbsp;atender las crisispresentes y crecientes.<\/p>\n\n\n\n<p>-Academico.IIESESUV@RafaelAriasH,Facebook:VeracruzHoydeRafaelAriasH<\/p>\n","protected":false},"excerpt":{"rendered":"<p>Rafael Arias Hern\u00e1ndez Mutatis mutandis Irresponsable&nbsp;ignorar o minimizar el surgimiento y presencia de aumento de los precios de los bienes y servicios.&nbsp;M\u00e1s, por los enormes&nbsp;perjuicios&nbsp;y&nbsp;p\u00e9rdidas que ocasiona. De acuerdo con&nbsp;INEGI y otras fuentes oficiales,&nbsp;en 2021 se alcanz\u00f3 una inflaci\u00f3n promedio superior a 7.5%, que la convierte en una de las m\u00e1s altas en&nbsp;d\u00e9cadas; la subyacente, [&hellip;]<\/p>\n","protected":false},"author":2,"featured_media":0,"comment_status":"closed","ping_status":"closed","sticky":false,"template":"","format":"standard","meta":{"_jetpack_newsletter_access":"","_jetpack_dont_email_post_to_subs":false,"_jetpack_newsletter_tier_id":0,"_jetpack_memberships_contains_paywalled_content":false,"_jetpack_memberships_contains_paid_content":false,"footnotes":""},"categories":[70],"tags":[178,27553,1026,8032],"class_list":["post-86684","post","type-post","status-publish","format-standard","hentry","category-de-opinion","tag-inegi","tag-inflacion","tag-morena","tag-rafael-arias-hernandez"],"jetpack_featured_media_url":"","jetpack_sharing_enabled":true,"jetpack_shortlink":"https:\/\/wp.me\/p4Qcd3-my8","_links":{"self":[{"href":"https:\/\/lospoliticosveracruz.com.mx\/index.php?rest_route=\/wp\/v2\/posts\/86684","targetHints":{"allow":["GET"]}}],"collection":[{"href":"https:\/\/lospoliticosveracruz.com.mx\/index.php?rest_route=\/wp\/v2\/posts"}],"about":[{"href":"https:\/\/lospoliticosveracruz.com.mx\/index.php?rest_route=\/wp\/v2\/types\/post"}],"author":[{"embeddable":true,"href":"https:\/\/lospoliticosveracruz.com.mx\/index.php?rest_route=\/wp\/v2\/users\/2"}],"replies":[{"embeddable":true,"href":"https:\/\/lospoliticosveracruz.com.mx\/index.php?rest_route=%2Fwp%2Fv2%2Fcomments&post=86684"}],"version-history":[{"count":1,"href":"https:\/\/lospoliticosveracruz.com.mx\/index.php?rest_route=\/wp\/v2\/posts\/86684\/revisions"}],"predecessor-version":[{"id":86686,"href":"https:\/\/lospoliticosveracruz.com.mx\/index.php?rest_route=\/wp\/v2\/posts\/86684\/revisions\/86686"}],"wp:attachment":[{"href":"https:\/\/lospoliticosveracruz.com.mx\/index.php?rest_route=%2Fwp%2Fv2%2Fmedia&parent=86684"}],"wp:term":[{"taxonomy":"category","embeddable":true,"href":"https:\/\/lospoliticosveracruz.com.mx\/index.php?rest_route=%2Fwp%2Fv2%2Fcategories&post=86684"},{"taxonomy":"post_tag","embeddable":true,"href":"https:\/\/lospoliticosveracruz.com.mx\/index.php?rest_route=%2Fwp%2Fv2%2Ftags&post=86684"}],"curies":[{"name":"wp","href":"https:\/\/api.w.org\/{rel}","templated":true}]}}