{"id":87107,"date":"2022-03-10T09:03:52","date_gmt":"2022-03-10T15:03:52","guid":{"rendered":"https:\/\/lospoliticosveracruz.com.mx\/?p=87107"},"modified":"2022-03-10T09:04:00","modified_gmt":"2022-03-10T15:04:00","slug":"escandalaaa","status":"publish","type":"post","link":"https:\/\/lospoliticosveracruz.com.mx\/?p=87107","title":{"rendered":"Esc\u00e1ndalaaa!"},"content":{"rendered":"\n<p><strong>Adriana Mu\u00f1oz Cabrera<br><\/strong><em>Sin Rencores<\/em><\/p>\n\n\n\n<p><\/p>\n\n\n\n<p>\u00abSeg\u00fan yo lo veo, si quieres el arco iris, tienes que aguantar la lluvia\u00bb. Dolly Parton.<\/p>\n\n\n\n<p><strong>ESCANDALAAA\u2026<br><\/strong>Resulta que en la zooooociedad veracruzana, principalmente la frijolera (que por juntarse con ricos y de abolengo se sienten igual), o de plano la que si lo era y pr\u00e1cticamente es \u00abvenida a menos\u00bb, m\u00ednimo los abuelos de tan ilustres apellidos est\u00e1n en s-h-o-c-k hermanas y hermanos que me leen.<\/p>\n\n\n\n<div class=\"wp-block-image\"><figure class=\"alignleft size-full is-resized\"><a href=\"https:\/\/lospoliticosveracruz.com.mx\/wp-content\/uploads\/2022\/02\/CUMBRE-TAJIN-2022-.jpg\"><img loading=\"lazy\" decoding=\"async\" src=\"https:\/\/lospoliticosveracruz.com.mx\/wp-content\/uploads\/2022\/02\/CUMBRE-TAJIN-2022-.jpg\" alt=\"\" class=\"wp-image-86651\" width=\"350\" height=\"462\"\/><\/a><\/figure><\/div>\n\n\n\n<p><br>Ustedes no est\u00e1n para saberlo ni yo para contarlo pero el pechito de una servidora no es bodega, as\u00ed que les platico groso modo por aquello de las denuncias y los y las ofendidas doble moral as\u00ed como el elemental respeto a los padres y madres que est\u00e1n ahorita como el avestruz, con la cabeza refundida en el primer bache que encontraron y haci\u00e9ndose como que la Virgen les habla considerando que son los primeros que bufan del hijo o hija ajenos.<br>Resulta que mientras los ninis exriquillos, hip\u00f3critas &#8216;de a peso&#8217; de la riviera, cuya mayor\u00eda vive de las apariencias, critican a los &#8216;ninis&#8217; de las colonias por andar inscribi\u00e9ndose en cuanto programa social se le ocurre al &#8216;Peje&#8217; pa&#8217; no trabajar, estos salieron peor que lo que critican.<br>Si se\u00f1or y se\u00f1ora, ya ven que la &#8216;todes&#8217; no se me da.<br>Bueno a lo que estamos.<br>Estos chamacos y no tan chamacos \u00e9mulos de la perfecci\u00f3n frustrada, andan ventilando sus cuerpos g\u00fceritos fitness en Only Fans \u00bfc\u00f3mo ve?<br>El chisme anda a todo lo que da y los caf\u00e9s no alcanzan para que las se\u00f1oras de &#8216;alto pedorraje&#8217; se acaben entre s\u00ed cada que una se va al ba\u00f1o en los \u00abcafeces\u00bb, ya sabe usted de qu\u00e9 le hablo no se haga.<br>Que si el hijo o la hija de fulanita o sutanita, que el taleg\u00f3n &#8216;del hijo de&#8217;, que termin\u00f3 hace 10 a\u00f1os la carrera pero sigue en casa de sus pap\u00e1s y viste lo m\u00e1s nuevo pero no hace nada, que si la hija sigue de edec\u00e1n a los 30 \u00abtan trabajadora ella\u00bb, pues as\u00ed las cosas.<br>Si usted no sabe como es este negocio, Only Fans es un servicio de suscripci\u00f3n de contenido con sede en Londres seg\u00fan wikipedia y su sistema de pagos es m\u00e1s o menos as\u00ed: los creadores reciben el 80 por ciento de los ingresos de sus ganancias, incluidas las suscriptores, los mensajes de pago y las propinas. El 20 por ciento restante cubre los pagos por referencias, procesamiento de pagos, alojamiento, soporte y todos los dem\u00e1s servicios.<br>Y es que Only Fans no solo se trata de mostrar las carnes pero esto de la sexualidad es lo que m\u00e1s deja.<br>Hombre y mujeres. Familias completas de Veracruz metidas ah\u00ed ense\u00f1ando lo que no ponen en facebook so pretexto de hacer \u00abfotos artisticas\u00bb, todo un sistema de vida y que en la mayor parte de lo que ah\u00ed se vende a los suscriptores es pr\u00e1cticamente similar a la industria pornogr\u00e1fica.<br>&#8212;\/\/\/&#8212;<br><strong>EN LAS MESAS DE CAF\u00c9\u2026<br><\/strong>Pi\u00f1atas, bodas, 15 a\u00f1os y cualquier reuni\u00f3n social en Veracruz es el tema.<br>Gordos, flacos, viejos, j\u00f3venes, casados, solteros, pa&#8217; todo hay.<br>Es m\u00e1s, si usted bautiz\u00f3 a la hija o hijo de sus amigos suscr\u00edbase y ver\u00e1 c\u00f3mo han crecido y tristemente tambi\u00e9n se dar\u00e1 cuenta que facil se ganan la vida desde la comodidad de su hogar solo por encuerarse.<br>Y eso que no son artistas o personalidades.<br>Imag\u00ednese si lo fueran.<br>Vaya, hasta los novios se han encontrado su minita si agarran novia guapa de cuerpazo y con la suficiente \u00abapertura mental\u00bb como para dejarse convencer de abrir una cuenta que puede ser explotada y monetizada de otra forma pero \u00a1claro!, no tan lucrativa.<br>En fin. Cada quien hace con su cuerpecito lo que quiere y es respetable, nada m\u00e1s que por favorcito esas damas y se\u00f1ores de zooociedad cuyos hijos e hijas no han dado ni dar\u00e1n golpe no vayan de doble moral a misa a criticar la viga en el ojo ajeno ni a protestar por la legalizaci\u00f3n del aborto en Veracruz, cuando conviven en cada kerm\u00e9s con curas pederastas, maridos y esposas infieles e hijos de \u00abmoral distra\u00edda y amplio criterio\u00bb<br>Se ten\u00eda que decir y se dijo.<br>&#8212;-\/\/\/&#8212;<br><strong>OFERT\u00d3N LOCO\u2026<br><\/strong>Mientras hay fe, hay esperanza.<br>El gobernador de Veracruz, Cuitlahuac Garc\u00eda Jim\u00e9nez una vez m\u00e1s dej\u00f3 en claro que su administraci\u00f3n est\u00e1 abierta a cualquier oportunidad que permita regresar el f\u00fatbol a los veracruzanos.<br>Ayer fue muy claro al se\u00f1alar que tras lo ocurrido en Quer\u00e9taro, la decisi\u00f3n de qui\u00e9n se quede con la franquicia de los Gallos Blancos es de la Federaci\u00f3n Mexicana de F\u00fatbol y los due\u00f1os, sobre todo, luego de las sanciones recibidas por los hechos violentos del s\u00e1bado.<br>Eso si: la oferta de &#8216;prestar&#8217; el estadio Luis de la Fuente \u00abEl Pirata\u00bb, se mantendr\u00e1 en pie, siempre y cuando se tenga un equipo de primera divisi\u00f3n e inviertan en los nuevos Tiburones Rojos.<br>Esta es ya la tercera vez que Garc\u00eda Jim\u00e9nez expresa su deseo de incentivar el deporte como una estrategia a favor de los j\u00f3venes y de la reactivaci\u00f3n econ\u00f3mica en la zona conurbada.<br>Es sabido que el ejecutivo es seguidor de los escualos, no solo sol\u00eda asistir a los partidos sino que ah\u00ed, junto con el presidente Andr\u00e9s Manuel L\u00f3pez Obrador, tuvo un evento de campa\u00f1a previo a ganar las elecciones pasadas.<br>&#8212;\/\/\/&#8211;<br><strong>DEL R\u00cdO NO SALE\u2026<br><\/strong>Tristemente pero no. Ah\u00ed se quedar\u00e1 con todo y que ayer cacarearon que saldr\u00e1 en libertad.<br>Nones.<br>Ayer trascendi\u00f3 que un juez de control otorg\u00f3 un amparo al secretario t\u00e9cnico de la Junta de Coordinaci\u00f3n Pol\u00edtica del Senado de la Rep\u00fablica, Juan Manuel del R\u00edo Virgen, para que en un plazo de 10 d\u00edas sea llamado por el juez para declarar un auto de no vinculaci\u00f3n a proceso, algo que en teor\u00eda le dar\u00eda la posibilidad de salir en libertad.<br>De acuerdo al togado, no hubo elementos suficientes para vincularlo a proceso por el presunto homicidio de Ren\u00e9 Remigio Tovar, quien fuera candidato a alcalde por el municipio de Cazones de Herrera por Movimiento Ciudadano asesinado menos de una semana antes de las elecciones y quien a la postre ganar\u00eda el proceso a\u00fan muerto.<br>Ahora, de acuerdo a la defensa, el Poder Judicial del Estado deber\u00e1 realizar de nueva cuenta la audiencia y dictar un auto de no vinculaci\u00f3n a proceso.<br>Adem\u00e1s, contar\u00e1n con 10 d\u00edas h\u00e1biles para solventar.<br>No obstante, no hay que olvidar que de la misma forma, la Fiscal\u00eda General del Estado y la familia de la v\u00edctima podr\u00e1n inconformarse con este fallo y alargar a\u00fan m\u00e1s el proceso.<br>A\u00fan nada est\u00e1 dicho pero de que Del R\u00edo no sale, no sale. Sorry not sorry.<br>&#8212;\/\/\/&#8212;<br><strong>AUNQUE LES PESE\u2026<br><\/strong>Ayer se reuni\u00f3 el \u00abGrupo Nahle\u00bb #2024 en la sede de la Secretaria de Energ\u00eda en Ciudad de M\u00e9xico, entre otras cosas, para apuntalar a la titular que lleva la voz cantante en la iniciativa de reforma el\u00e9ctrica emanada del presidente Andr\u00e9s Manuel L\u00f3pez Obrador.<br>Fue el gobernador Cuitl\u00e1huac Garc\u00eda Jim\u00e9nez quien no solo se pronunci\u00f3 una vez m\u00e1s a favor de la aprobaci\u00f3n de la Reforma El\u00e9ctrica promovida por el ejecutivo sino que ventil\u00f3 en sus redes sociales lo que m\u00e1s bien fue un mensaje pol\u00edtico.<br>Ah\u00ed, en la foto que no solo difundi\u00f3 el mandatario veracruzano, el gobernador dio a conocer que se reuni\u00f3 con diputados y legisladoras federales para cerrar filas en torno a la SENER en apoyo a la reforma el\u00e9ctrica del Presidente de la Rep\u00fablica.<br>Sin embargo, el cuadro es claro.<br>Los tres liderazgos pol\u00edticos del Estado en un solo clikc.<br>Para nadie pas\u00f3 desapercibido que en primera fila de la toma estaba sentado el delegado de Programas de Bienestar en Veracruz, Manuel Huerta Ladr\u00f3n de Guevara.<br>El mensaje es claro, aunque muchos desesperados y dolidos con la 4T lo querr\u00e1n hoy minimizar y hacer imperceptible:<br>1.-Roc\u00edo Nahle no est\u00e1 sola.<br>2.- El presidente no est\u00e1 solo.<br>3.- Morena es para los morenos.<br>4.- Es hora de cerrar filas.<br>El que entendi\u00f3 entendi\u00f3.<br>Jueves por fin. Lave hoy porque ma\u00f1ana \u00abel bl\u00famer\u00bb de manga larga amanecer\u00e1 en Ucrania con el nortazo que se avecina.<br>Buen d\u00eda.<\/p>\n\n\n\n<p>e-mail: sinrencorespuntocom@gmail.com<\/p>\n","protected":false},"excerpt":{"rendered":"<p>Adriana Mu\u00f1oz CabreraSin Rencores \u00abSeg\u00fan yo lo veo, si quieres el arco iris, tienes que aguantar la lluvia\u00bb. Dolly Parton. ESCANDALAAA\u2026Resulta que en la zooooociedad veracruzana, principalmente la frijolera (que por juntarse con ricos y de abolengo se sienten igual), o de plano la que si lo era y pr\u00e1cticamente es \u00abvenida a menos\u00bb, m\u00ednimo [&hellip;]<\/p>\n","protected":false},"author":2,"featured_media":0,"comment_status":"closed","ping_status":"closed","sticky":false,"template":"","format":"standard","meta":{"_jetpack_newsletter_access":"","_jetpack_dont_email_post_to_subs":false,"_jetpack_newsletter_tier_id":0,"_jetpack_memberships_contains_paywalled_content":false,"_jetpack_memberships_contains_paid_content":false,"footnotes":""},"categories":[70],"tags":[2859,17020,31970,1850,1026,32465,32466,26717,18990,195],"class_list":["post-87107","post","type-post","status-publish","format-standard","hentry","category-de-opinion","tag-aborto","tag-bienestar","tag-juan-manuel-del-rio-virgen","tag-manuel-huerta-ladron-de-guevara","tag-morena","tag-only-fans","tag-rene-remigio-tovar","tag-rocio-nahle-2","tag-sener","tag-veracruz"],"jetpack_featured_media_url":"","jetpack_sharing_enabled":true,"jetpack_shortlink":"https:\/\/wp.me\/p4Qcd3-mEX","_links":{"self":[{"href":"https:\/\/lospoliticosveracruz.com.mx\/index.php?rest_route=\/wp\/v2\/posts\/87107","targetHints":{"allow":["GET"]}}],"collection":[{"href":"https:\/\/lospoliticosveracruz.com.mx\/index.php?rest_route=\/wp\/v2\/posts"}],"about":[{"href":"https:\/\/lospoliticosveracruz.com.mx\/index.php?rest_route=\/wp\/v2\/types\/post"}],"author":[{"embeddable":true,"href":"https:\/\/lospoliticosveracruz.com.mx\/index.php?rest_route=\/wp\/v2\/users\/2"}],"replies":[{"embeddable":true,"href":"https:\/\/lospoliticosveracruz.com.mx\/index.php?rest_route=%2Fwp%2Fv2%2Fcomments&post=87107"}],"version-history":[{"count":1,"href":"https:\/\/lospoliticosveracruz.com.mx\/index.php?rest_route=\/wp\/v2\/posts\/87107\/revisions"}],"predecessor-version":[{"id":87109,"href":"https:\/\/lospoliticosveracruz.com.mx\/index.php?rest_route=\/wp\/v2\/posts\/87107\/revisions\/87109"}],"wp:attachment":[{"href":"https:\/\/lospoliticosveracruz.com.mx\/index.php?rest_route=%2Fwp%2Fv2%2Fmedia&parent=87107"}],"wp:term":[{"taxonomy":"category","embeddable":true,"href":"https:\/\/lospoliticosveracruz.com.mx\/index.php?rest_route=%2Fwp%2Fv2%2Fcategories&post=87107"},{"taxonomy":"post_tag","embeddable":true,"href":"https:\/\/lospoliticosveracruz.com.mx\/index.php?rest_route=%2Fwp%2Fv2%2Ftags&post=87107"}],"curies":[{"name":"wp","href":"https:\/\/api.w.org\/{rel}","templated":true}]}}