{"id":88167,"date":"2022-04-04T09:59:56","date_gmt":"2022-04-04T14:59:56","guid":{"rendered":"https:\/\/lospoliticosveracruz.com.mx\/?p=88167"},"modified":"2022-04-04T10:00:07","modified_gmt":"2022-04-04T15:00:07","slug":"si-como-nonguis","status":"publish","type":"post","link":"https:\/\/lospoliticosveracruz.com.mx\/?p=88167","title":{"rendered":"\u00a1S\u00ed, c\u00f3mo \u00f1onguis!"},"content":{"rendered":"\n<p><strong>Sergio Gonz\u00e1lez Levet<\/strong><\/p>\n\n\n\n<p><em>Sin tacto<\/em><\/p>\n\n\n\n<p><\/p>\n\n\n\n<p>Aj\u00e1: la concentraci\u00f3n del s\u00e1bado pasado en la Plaza Lerdo a favor de ir a votar a la (no) revocaci\u00f3n de mandato no fue organizada por nadie.<\/p>\n\n\n\n<div class=\"wp-block-image\"><figure class=\"alignleft size-medium\"><a href=\"https:\/\/lospoliticosveracruz.com.mx\/wp-content\/uploads\/2021\/10\/Zacauilt.jpg\"><img decoding=\"async\" src=\"https:\/\/lospoliticosveracruz.com.mx\/wp-content\/uploads\/2021\/10\/Zacauilt-150x300.jpg\" alt=\"\" class=\"wp-image-80558\"\/><\/a><\/figure><\/div>\n\n\n\n<p><br>\u200bAj\u00faa: fue una explosi\u00f3n popular nacida del profundo amor que le tiene el pueblo bueno y honrado al patriarca.<br>\u200bAj\u00e1, aj\u00e1: el Gobierno del Estado no gast\u00f3 un solo centavo en la manifestaci\u00f3n del s\u00e1bado pasado.<br>\u200bAjaj\u00e1: los autobuses en los que vinieron los manifestantes de todo el estado fueron pagados por cada uno delos viajeros.<br>\u200bAjaj\u00faa: los becarios de los programas de \u00bfbienestar? cooperaron de lo que reciben para pagar cada uno su viaje.<br>\u200bReajaj\u00e1: ning\u00fan empleado de gobierno fue convocado u obligado a asistir.<br>\u200bRerreajaj\u00faa: los gastos de la concentraci\u00f3n en la Plaza Lerdo los pag\u00f3 una asociaci\u00f3n civil (que naci\u00f3 de la nada y en un d\u00eda, sin que se sepa de d\u00f3nde, sac\u00f3 sus recursos que aplic\u00f3 concienzudamente para que llegaran los camiones, se repartieran las tortas y los bolis, se encauzara a los viajantes).<br>\u200bY ajajaj\u00e1: la Secretaria de Energ\u00eda, Roc\u00edo Nahle, ya es jarocha por obra y gracia de su tuiter en el que afirm\u00f3 que \u201cmiles de veracruzanos nos concentramos ayer en la Plaza Lerdo en Xalapa en apoyo a nuestro presidente Andr\u00e9s Manuel L\u00f3pez Obrador\u201d. \u00bfPero qu\u00e9 la se\u00f1ora no es nacida en Zacatecas? \u00bfPero qu\u00e9 no es cierto que est\u00e1 impedida de aspirar a la gubernatura de Veracruz porque se lo impide la Constituci\u00f3n estatal, \u00e9sa que el gobernador Cuitla jur\u00f3 guardar y hacer guardar?<br>\u200bAj\u00e1, aj\u00e1, s\u00ed c\u00f3mo \u00f1onguis, dir\u00eda mi nieta de casi tres a\u00f1os.<br>\u200bM\u00e1s malo que un mentiroso, es un mentiroso c\u00ednico, y peor a\u00fan es un mentiroso c\u00ednico y tonto (me reservo el t\u00e9rmino m\u00e1s adecuado).<br>\u200b\u00bfCreer\u00e1 verdaderamente el gobernador Cuitl\u00e1huac Garc\u00eda que los veracruzanos nos tragamos sus embustes, dignos de un ni\u00f1o de primaria?<br>\u200bHay leyes que el impetuoso mandatario viola permanentemente, y eso se le va a revertir.<br>\u200bEl pueblo no es tonto, como \u00e9l\u2026 cree.<br>\u200bYo le pregunto; cu\u00e1ntos de esos miles que acarrearon el s\u00e1bado pasado van a ir realmente a votar el domingo 10.<br>\u200bNo ser\u00e1n un mill\u00f3n 600 mil veracruzanos, como est\u00e1 exigiendo el tropical Patriarca en la cuta que fue imponiendo a cada gobernante estatal, seg\u00fan su padr\u00f3n.<br>\u200bPor eso, el futuro a partir del d\u00eda 11 ser\u00e1 ominoso para el grupo cuitlista.<br>\u200bA las pruebas nos remitimos.<br>\u200bA las pruebas reales, no a las mentiras con que quieren ocultar la realidad\u2026 y su propia corrupci\u00f3n.<\/p>\n\n\n\n<p>sglevet@gmail.com<\/p>\n","protected":false},"excerpt":{"rendered":"<p>Sergio Gonz\u00e1lez Levet Sin tacto Aj\u00e1: la concentraci\u00f3n del s\u00e1bado pasado en la Plaza Lerdo a favor de ir a votar a la (no) revocaci\u00f3n de mandato no fue organizada por nadie. \u200bAj\u00faa: fue una explosi\u00f3n popular nacida del profundo amor que le tiene el pueblo bueno y honrado al patriarca.\u200bAj\u00e1, aj\u00e1: el Gobierno del [&hellip;]<\/p>\n","protected":false},"author":2,"featured_media":0,"comment_status":"closed","ping_status":"closed","sticky":false,"template":"","format":"standard","meta":{"_jetpack_newsletter_access":"","_jetpack_dont_email_post_to_subs":false,"_jetpack_newsletter_tier_id":0,"_jetpack_memberships_contains_paywalled_content":false,"_jetpack_memberships_contains_paid_content":false,"footnotes":""},"categories":[70],"tags":[618,1563,1026,14240,1282,195,96],"class_list":["post-88167","post","type-post","status-publish","format-standard","hentry","category-de-opinion","tag-andres-manuel-lopez-obrador","tag-cuitlahuac-garcia-jimenez","tag-morena","tag-revocacion-de-mandato","tag-sergio-gonzalez-levet","tag-veracruz","tag-xalapa"],"jetpack_featured_media_url":"","jetpack_sharing_enabled":true,"jetpack_shortlink":"https:\/\/wp.me\/p4Qcd3-mW3","_links":{"self":[{"href":"https:\/\/lospoliticosveracruz.com.mx\/index.php?rest_route=\/wp\/v2\/posts\/88167","targetHints":{"allow":["GET"]}}],"collection":[{"href":"https:\/\/lospoliticosveracruz.com.mx\/index.php?rest_route=\/wp\/v2\/posts"}],"about":[{"href":"https:\/\/lospoliticosveracruz.com.mx\/index.php?rest_route=\/wp\/v2\/types\/post"}],"author":[{"embeddable":true,"href":"https:\/\/lospoliticosveracruz.com.mx\/index.php?rest_route=\/wp\/v2\/users\/2"}],"replies":[{"embeddable":true,"href":"https:\/\/lospoliticosveracruz.com.mx\/index.php?rest_route=%2Fwp%2Fv2%2Fcomments&post=88167"}],"version-history":[{"count":1,"href":"https:\/\/lospoliticosveracruz.com.mx\/index.php?rest_route=\/wp\/v2\/posts\/88167\/revisions"}],"predecessor-version":[{"id":88169,"href":"https:\/\/lospoliticosveracruz.com.mx\/index.php?rest_route=\/wp\/v2\/posts\/88167\/revisions\/88169"}],"wp:attachment":[{"href":"https:\/\/lospoliticosveracruz.com.mx\/index.php?rest_route=%2Fwp%2Fv2%2Fmedia&parent=88167"}],"wp:term":[{"taxonomy":"category","embeddable":true,"href":"https:\/\/lospoliticosveracruz.com.mx\/index.php?rest_route=%2Fwp%2Fv2%2Fcategories&post=88167"},{"taxonomy":"post_tag","embeddable":true,"href":"https:\/\/lospoliticosveracruz.com.mx\/index.php?rest_route=%2Fwp%2Fv2%2Ftags&post=88167"}],"curies":[{"name":"wp","href":"https:\/\/api.w.org\/{rel}","templated":true}]}}