{"id":88174,"date":"2022-04-04T12:28:39","date_gmt":"2022-04-04T17:28:39","guid":{"rendered":"https:\/\/lospoliticosveracruz.com.mx\/?p=88174"},"modified":"2022-04-04T12:28:47","modified_gmt":"2022-04-04T17:28:47","slug":"lonas-contra-amlo-en-diferentes-ciudades","status":"publish","type":"post","link":"https:\/\/lospoliticosveracruz.com.mx\/?p=88174","title":{"rendered":"Lonas contra AMLO en diferentes ciudades"},"content":{"rendered":"\n<p><\/p>\n\n\n\n<p><\/p>\n\n\n\n<p><strong>Veracruz<\/strong><\/p>\n\n\n\n<p><br>Despu\u00e9s de la concentraci\u00f3n masiva que realiz\u00f3 el fin de semana la Asociaci\u00f3n Civil \u201cQue siga la democracia\u201d para apoyar al presidente Andr\u00e9s Manuel L\u00f3pez Obrador, misma d\u00f3nde fueron obligados a ir empleados estatales y funcionarios p\u00fablicos, esta ma\u00f1ana el Frente Nacional AntiAmlo (FRENA) coloc\u00f3 lonas en los municipios de Veracruz, Boca del R\u00edo, Xalapa, Coatepec, Banderilla y Rafael Lucio en contra del presidente.<\/p>\n\n\n\n<p>En las lonas instaladas en puentes peatonales y cruces viales de gran afluencia, se logra ver diversas leyendas que piden a los ciudadanos votar en contra del presidente el pr\u00f3ximo 10 de abril en la Consulta de Revocaci\u00f3n de Mandato con la finalidad de sacar a Andr\u00e9s Manuel L\u00f3pez Obrador de la Presidencia de la Rep\u00fablica.<\/p>\n\n\n\n<p>FRENA, ha sido el principal promotor de votar en contra del presidente pues aseguran, que es un pre\u00e1mbulo para que su reelecci\u00f3n, adem\u00e1s han se\u00f1alado que el Gobierno Federal no ha dado resultados.<\/p>\n","protected":false},"excerpt":{"rendered":"<p>Veracruz Despu\u00e9s de la concentraci\u00f3n masiva que realiz\u00f3 el fin de semana la Asociaci\u00f3n Civil \u201cQue siga la democracia\u201d para apoyar al presidente Andr\u00e9s Manuel L\u00f3pez Obrador, misma d\u00f3nde fueron obligados a ir empleados estatales y funcionarios p\u00fablicos, esta ma\u00f1ana el Frente Nacional AntiAmlo (FRENA) coloc\u00f3 lonas en los municipios de Veracruz, Boca del R\u00edo, [&hellip;]<\/p>\n","protected":false},"author":2,"featured_media":0,"comment_status":"closed","ping_status":"closed","sticky":false,"template":"","format":"standard","meta":{"_jetpack_newsletter_access":"","_jetpack_dont_email_post_to_subs":false,"_jetpack_newsletter_tier_id":0,"_jetpack_memberships_contains_paywalled_content":false,"_jetpack_memberships_contains_paid_content":false,"footnotes":""},"categories":[6446],"tags":[618,32748,1026,195],"class_list":["post-88174","post","type-post","status-publish","format-standard","hentry","category-la-nota","tag-andres-manuel-lopez-obrador","tag-frente-nacional-antiamlo","tag-morena","tag-veracruz"],"jetpack_featured_media_url":"","jetpack_sharing_enabled":true,"jetpack_shortlink":"https:\/\/wp.me\/p4Qcd3-mWa","_links":{"self":[{"href":"https:\/\/lospoliticosveracruz.com.mx\/index.php?rest_route=\/wp\/v2\/posts\/88174","targetHints":{"allow":["GET"]}}],"collection":[{"href":"https:\/\/lospoliticosveracruz.com.mx\/index.php?rest_route=\/wp\/v2\/posts"}],"about":[{"href":"https:\/\/lospoliticosveracruz.com.mx\/index.php?rest_route=\/wp\/v2\/types\/post"}],"author":[{"embeddable":true,"href":"https:\/\/lospoliticosveracruz.com.mx\/index.php?rest_route=\/wp\/v2\/users\/2"}],"replies":[{"embeddable":true,"href":"https:\/\/lospoliticosveracruz.com.mx\/index.php?rest_route=%2Fwp%2Fv2%2Fcomments&post=88174"}],"version-history":[{"count":1,"href":"https:\/\/lospoliticosveracruz.com.mx\/index.php?rest_route=\/wp\/v2\/posts\/88174\/revisions"}],"predecessor-version":[{"id":88176,"href":"https:\/\/lospoliticosveracruz.com.mx\/index.php?rest_route=\/wp\/v2\/posts\/88174\/revisions\/88176"}],"wp:attachment":[{"href":"https:\/\/lospoliticosveracruz.com.mx\/index.php?rest_route=%2Fwp%2Fv2%2Fmedia&parent=88174"}],"wp:term":[{"taxonomy":"category","embeddable":true,"href":"https:\/\/lospoliticosveracruz.com.mx\/index.php?rest_route=%2Fwp%2Fv2%2Fcategories&post=88174"},{"taxonomy":"post_tag","embeddable":true,"href":"https:\/\/lospoliticosveracruz.com.mx\/index.php?rest_route=%2Fwp%2Fv2%2Ftags&post=88174"}],"curies":[{"name":"wp","href":"https:\/\/api.w.org\/{rel}","templated":true}]}}