{"id":8850,"date":"2009-04-29T23:50:00","date_gmt":"2009-04-29T23:50:00","guid":{"rendered":"http:\/\/www.lospoliticosveracruz.com.mx\/?p=8850"},"modified":"2014-10-08T19:26:14","modified_gmt":"2014-10-08T19:26:14","slug":"ibamos-bien","status":"publish","type":"post","link":"https:\/\/lospoliticosveracruz.com.mx\/?p=8850","title":{"rendered":"\u00cdbamos bien"},"content":{"rendered":"<p><strong>Fernando Hern\u00e1ndez Fern\u00e1ndez<\/strong><br \/><em>El Marcaje<\/em><\/p>\n<p>Qu\u00e9 l\u00e1stima que la Olimpiada Nacional tiene que detenerse. La delegaci\u00f3n veracruzana ah\u00ed la llevaba, por lo menos la nataci\u00f3n eso hac\u00eda pensar.<br \/>La Ola Roja hab\u00eda superado lo realizado el a\u00f1o pasado. A falta de una jornada ya eran siete medallas de oro para el equipo en este 2009, por s\u00f3lo cinco en el 2008; de hecho, en la cifra total, nada m\u00e1s falta una para igualar el m\u00e1s reciente registro.<br \/>Tijuana la sent\u00f3 bien de inicio al equipo estatal, pero la salud y la prevenci\u00f3n va por delante tras el brote de fiebre porcina que se ha propagado por el pa\u00eds y el mundo. Es momento de hacer la pausa en la Olimpiada Nacional.<br \/>Pero m\u00e1s all\u00e1 de hacer un nuevo texto que hable de la nueva mutaci\u00f3n del virus de la influenza estas breves l\u00edneas son para reconocer lo hecho por los nadadores veracruzanos en los recientes d\u00edas.<br \/>El peque\u00f1o asunto es el de cada a\u00f1o, solamente se habla de tres elementos en plena pelea por el oro, aunque ya aparecieron algunos otros en finales y hasta en el p\u00f3dium, como Manuel L\u00f3pez, pero lejos de lo que ha hecho Ricardo Alvarado, Alejandro Escudero y Alan Flandes.<br \/>Sin embargo, Ricardo es el que vive el mejor momento, con cuatro medallas de oro conseguidas a falta de una jornada, y el tremendo estilo de pecho que maneja, para convertirse en el rey de la modalidad en la categor\u00eda 17-18 a\u00f1os.<br \/>Ser\u00e1n d\u00edas tristes sin eventos deportivos y de los pocos que se den ser\u00e1n a puerta cerrada; obvio, los actos sociales, de espect\u00e1culos y dem\u00e1s esparcimiento hacen falta, pero todo sea por evitar mayor propagaci\u00f3n de un virus.<br \/>Paciencia y control interno, es lo que nos queda.<br \/>Hasta la vista.<\/p>\n<p>fhernandez1980@gmail.com<\/p>\n","protected":false},"excerpt":{"rendered":"<p>Fernando Hern\u00e1ndez Fern\u00e1ndezEl Marcaje Qu\u00e9 l\u00e1stima que la Olimpiada Nacional tiene que detenerse. La delegaci\u00f3n veracruzana ah\u00ed la llevaba, por lo menos la nataci\u00f3n eso hac\u00eda pensar.La Ola Roja hab\u00eda superado lo realizado el a\u00f1o pasado. A falta de una jornada ya eran siete medallas de oro para el equipo en este 2009, por s\u00f3lo [&hellip;]<\/p>\n","protected":false},"author":1,"featured_media":0,"comment_status":"open","ping_status":"open","sticky":false,"template":"","format":"standard","meta":{"_jetpack_newsletter_access":"","_jetpack_dont_email_post_to_subs":false,"_jetpack_newsletter_tier_id":0,"_jetpack_memberships_contains_paywalled_content":false,"_jetpack_memberships_contains_paid_content":false,"footnotes":""},"categories":[1],"tags":[],"class_list":["post-8850","post","type-post","status-publish","format-standard","hentry","category-sin-categoria"],"jetpack_featured_media_url":"","jetpack_sharing_enabled":true,"jetpack_shortlink":"https:\/\/wp.me\/p4Qcd3-2iK","_links":{"self":[{"href":"https:\/\/lospoliticosveracruz.com.mx\/index.php?rest_route=\/wp\/v2\/posts\/8850","targetHints":{"allow":["GET"]}}],"collection":[{"href":"https:\/\/lospoliticosveracruz.com.mx\/index.php?rest_route=\/wp\/v2\/posts"}],"about":[{"href":"https:\/\/lospoliticosveracruz.com.mx\/index.php?rest_route=\/wp\/v2\/types\/post"}],"author":[{"embeddable":true,"href":"https:\/\/lospoliticosveracruz.com.mx\/index.php?rest_route=\/wp\/v2\/users\/1"}],"replies":[{"embeddable":true,"href":"https:\/\/lospoliticosveracruz.com.mx\/index.php?rest_route=%2Fwp%2Fv2%2Fcomments&post=8850"}],"version-history":[{"count":0,"href":"https:\/\/lospoliticosveracruz.com.mx\/index.php?rest_route=\/wp\/v2\/posts\/8850\/revisions"}],"wp:attachment":[{"href":"https:\/\/lospoliticosveracruz.com.mx\/index.php?rest_route=%2Fwp%2Fv2%2Fmedia&parent=8850"}],"wp:term":[{"taxonomy":"category","embeddable":true,"href":"https:\/\/lospoliticosveracruz.com.mx\/index.php?rest_route=%2Fwp%2Fv2%2Fcategories&post=8850"},{"taxonomy":"post_tag","embeddable":true,"href":"https:\/\/lospoliticosveracruz.com.mx\/index.php?rest_route=%2Fwp%2Fv2%2Ftags&post=8850"}],"curies":[{"name":"wp","href":"https:\/\/api.w.org\/{rel}","templated":true}]}}