{"id":8851,"date":"2009-04-29T18:34:00","date_gmt":"2009-04-29T18:34:00","guid":{"rendered":"http:\/\/www.lospoliticosveracruz.com.mx\/?p=8851"},"modified":"2014-10-08T19:26:14","modified_gmt":"2014-10-08T19:26:14","slug":"influenza-desmiente-china-al-gobernador-de-veracruz","status":"publish","type":"post","link":"https:\/\/lospoliticosveracruz.com.mx\/?p=8851","title":{"rendered":"Influenza: Desmiente China al Gobernador de Veracruz"},"content":{"rendered":"<p><strong>EFE<\/strong><\/p>\n<p>Pek\u00edn neg\u00f3 este mi\u00e9rcoles que el origen de la actual epidemia de gripe porcina se encuentre en China, como asegur\u00f3 el gobernador de Veracruz, Fidel Herrera, al tiempo que culp\u00f3 a la prensa de difundir esa sospecha. <br \/>\u00abGuiados por motivos ocultos, algunos medios extranjeros ignoran los hechos sobre la epidemia y el conocimiento cient\u00edfico b\u00e1sico y han inventado de forma deliberada rumores de que esta epidemia procede de China\u00bb, se\u00f1al\u00f3 el portavoz del Ministerio de Sanidad chino, Mao Qunan, en la p\u00e1gina web de la dependencia.   <br \/>Esas informaciones \u00abest\u00e1n destinados a confundir lo bueno y lo malo, a crear provocaciones y a arruinar la imagen de China\u00bb, agreg\u00f3 el portavoz, quien calific\u00f3 esa acusaci\u00f3n de \u00abinfundada\u00bb.   <br \/>Herrera se\u00f1al\u00f3 que el origen del virus \u00abse ubica en Asia, en China\u00bb y agreg\u00f3 que \u00abde ah\u00ed lleg\u00f3, por pasajeros de Norteam\u00e9rica seguramente al Distrito Federal y al Estado de M\u00e9xico\u00bb.   <br \/>El Ministerio chino quiso zanjar esta pol\u00e9mica se\u00f1alando que su pa\u00eds \u00abnunca ha exportado cerdos vivos ni a M\u00e9xico ni a EU, lo que significa que no puede ser el origen\u00bb de esta enfermedad letal.   <br \/>Mao agreg\u00f3 que algunos medios se\u00f1alaban la muerte de algunos cerdos en las ciudades chinas de Fuqing y Changle, en la provincia suroriental china de Fujian, como posible origen de la epidemia que se relaciona con la muerte de m\u00e1s de 150 personas en M\u00e9xico.   <br \/>Estos cerdos, cuya cr\u00eda era ilegal, murieron de disenter\u00eda y de un tipo de edema frecuente entre el ganado porcino, y en la zona no ha sido hallado rastro de epidemia, explic\u00f3 el ministerio de China, donde no se ha registrado ning\u00fan caso humano ni animal de gripe porcina.   <br \/>China, que ha sido escenario de dos epidemias graves, como el del S\u00edndrome Respiratorio Agudo y Grave (SRAG) y la gripe aviar desde 2003, se\u00f1al\u00f3 que est\u00e1 dispuesta a trabajar con la comunidad internacional para frenar el avance del virus letal A\/H1N1 de la gripe porcina para evitar una pandemia global.   <br \/>La Organizaci\u00f3n Mundial de la Salud (OMS) se\u00f1al\u00f3 ayer que China estaba investigando posibles casos de gripe porcina en su territorio, sin especificar, mientras que las autoridades sanitarias locales informaron este mi\u00e9rcoles de que doce estudiantes sometidos a an\u00e1lisis en la provincia noroccidental de Shaanxi han dado negativo.   <br \/>Pek\u00edn, que ha anunciado la prohibici\u00f3n de importar carne de cerdo de M\u00e9xico, un comercio que tampoco estaba permitido en el pa\u00eds asi\u00e1tico, anunci\u00f3 el env\u00edo de cinco millones de d\u00f3lares para que el pa\u00eds norteamericano pueda afrontar la epidemia de gripe porcina.<\/p>\n","protected":false},"excerpt":{"rendered":"<p>EFE Pek\u00edn neg\u00f3 este mi\u00e9rcoles que el origen de la actual epidemia de gripe porcina se encuentre en China, como asegur\u00f3 el gobernador de Veracruz, Fidel Herrera, al tiempo que culp\u00f3 a la prensa de difundir esa sospecha. \u00abGuiados por motivos ocultos, algunos medios extranjeros ignoran los hechos sobre la epidemia y el conocimiento cient\u00edfico [&hellip;]<\/p>\n","protected":false},"author":1,"featured_media":0,"comment_status":"open","ping_status":"open","sticky":false,"template":"","format":"standard","meta":{"_jetpack_newsletter_access":"","_jetpack_dont_email_post_to_subs":false,"_jetpack_newsletter_tier_id":0,"_jetpack_memberships_contains_paywalled_content":false,"_jetpack_memberships_contains_paid_content":false,"footnotes":""},"categories":[1],"tags":[],"class_list":["post-8851","post","type-post","status-publish","format-standard","hentry","category-sin-categoria"],"jetpack_featured_media_url":"","jetpack_sharing_enabled":true,"jetpack_shortlink":"https:\/\/wp.me\/p4Qcd3-2iL","_links":{"self":[{"href":"https:\/\/lospoliticosveracruz.com.mx\/index.php?rest_route=\/wp\/v2\/posts\/8851","targetHints":{"allow":["GET"]}}],"collection":[{"href":"https:\/\/lospoliticosveracruz.com.mx\/index.php?rest_route=\/wp\/v2\/posts"}],"about":[{"href":"https:\/\/lospoliticosveracruz.com.mx\/index.php?rest_route=\/wp\/v2\/types\/post"}],"author":[{"embeddable":true,"href":"https:\/\/lospoliticosveracruz.com.mx\/index.php?rest_route=\/wp\/v2\/users\/1"}],"replies":[{"embeddable":true,"href":"https:\/\/lospoliticosveracruz.com.mx\/index.php?rest_route=%2Fwp%2Fv2%2Fcomments&post=8851"}],"version-history":[{"count":0,"href":"https:\/\/lospoliticosveracruz.com.mx\/index.php?rest_route=\/wp\/v2\/posts\/8851\/revisions"}],"wp:attachment":[{"href":"https:\/\/lospoliticosveracruz.com.mx\/index.php?rest_route=%2Fwp%2Fv2%2Fmedia&parent=8851"}],"wp:term":[{"taxonomy":"category","embeddable":true,"href":"https:\/\/lospoliticosveracruz.com.mx\/index.php?rest_route=%2Fwp%2Fv2%2Fcategories&post=8851"},{"taxonomy":"post_tag","embeddable":true,"href":"https:\/\/lospoliticosveracruz.com.mx\/index.php?rest_route=%2Fwp%2Fv2%2Ftags&post=8851"}],"curies":[{"name":"wp","href":"https:\/\/api.w.org\/{rel}","templated":true}]}}