{"id":8853,"date":"2009-04-29T15:20:00","date_gmt":"2009-04-29T15:20:00","guid":{"rendered":"http:\/\/www.lospoliticosveracruz.com.mx\/?p=8853"},"modified":"2014-10-08T19:26:14","modified_gmt":"2014-10-08T19:26:14","slug":"que-paren-la-tierra-que-yo-me-bajo","status":"publish","type":"post","link":"https:\/\/lospoliticosveracruz.com.mx\/?p=8853","title":{"rendered":"\u00a1Que paren la Tierra, que yo me bajo!"},"content":{"rendered":"<p><strong>Jorge Arturo Rodr\u00edguez<\/strong><br \/><em>Tierra de Babel<\/em><\/p>\n<p>Al paso que vamos no quedar\u00e1 ni madre patria ni madre tierra. Quiz\u00e1s pura madre\u2026 vac\u00edo, abismo, caos, otra vez el principio o antes del principio: nada. Porque, como dijo Jacques Yves Cousteau, probablemente se ha hecho m\u00e1s da\u00f1o a la Tierra en el siglo XX \u2013y actualmente tambi\u00e9n- que en toda la historia anterior de la humanidad. <br \/>S\u00ed, la patria no es la tierra; sin embargo, los hombres que la tierra nutre son la patria, sostuvo Rabindranath Tagore. Entonces, \u00bfqu\u00e9 carajos estamos haciendo con da\u00f1arnos a nosotros mismos y al lugar donde vivimos? Insultamos a la tierra y aun as\u00ed nos ofrece flores como respuesta. (Otra vez Tagore). Desconsiderados que somos, malagradecidos, desalmados, crueles, engendros\u2026 No tenemos madre, realmente. Oscar Wilde escribi\u00f3: \u201cLa tierra es un teatro, pero tiene un reparto deplorable\u201d.<br \/>Aquel popular dicho que reza que nadie sabe lo que tiene hasta que lo ve perdido, bien se enlaza con las palabras de James Russell Lowell: \u201cLos humanos no saben lo que poseen en la Tierra. Ser\u00e1 porque la mayor\u00eda no ha tenido ocasi\u00f3n de abandonarla y regresar despu\u00e9s a ella\u201d.<br \/>Al paso que vamos, estamos a punto de gritar: \u201c\u00a1Que paren la Tierra, que yo me bajo!\u201d Pero no, \u00bfad\u00f3nde carajos ir\u00edamos? \u00bfA Marte? \u00bfO a otro planeta cualquiera? En todo caso, \u00bfc\u00f3mo sabemos si la Tierra no es m\u00e1s que el infierno de otro planeta?<br \/>Yo prefiero quedarme aqu\u00ed, en este planeta que es inapropiado llamar Tierra, cuando es evidente que deber\u00eda llamarse Oc\u00e9ano, dijera Arthur C. Clarke. Ll\u00e1mese como se llame, un granito de arena que pongamos todos, al menos har\u00edamos algo por nuestra Madre Tierra y, en consecuencia, por nuestra Madre Patria y, en consecuencia, pa\u2019 no partirnos la madre nosotros mismos. <br \/>Aunque, siendo sincero, y ya que cient\u00edficos est\u00e1n descubriendo exoplanetas \u2013as\u00ed llamados por ser exteriores a nuestro sistema solar-, opto por irme a vivir en alg\u00fan \u201csexoplaneta\u201d o \u201cerosplaneta\u201d (\u201csi alguien sabe de \u00e9l, le ruego informaci\u00f3n\u2026\u201d). Algo que creo es factible aqu\u00ed, en nuestra bella Tierra. \u00bfO no? As\u00ed que \u201cAmaos los unos encima de los otros\u201d y cuidemos a nuestra amada Tierra.<\/p>\n<p>De cinismo y anexas<\/p>\n<p>* Declaraci\u00f3n de Veracruz: \u201cEstamos ante una crisis del agua, clara y manifiesta expresi\u00f3n de las inequitativas e injustas relaciones humanas y su interacci\u00f3n con su medio natural. Esta situaci\u00f3n se ve reflejada en vac\u00edos de gobernabilidad vinculados a los desaf\u00edos sociales, econ\u00f3micos, pol\u00edticos y ambientales que conlleva una gesti\u00f3n integrada de este elemento: hace falta conciencia de la sociedad y voluntad pol\u00edtica\u201d. (II Encuentro de Escritores por la Tierra, Xalapa, M\u00e9xico, Marzo 2009. Universidad Veracruzana). No pos s\u00ed, pero esto pasa en todo\u2026 Estamos ante una crisis terrenal. Bueno, eso que llaman crisis global. Pal caso es igual.<br \/>* Y no contentos con lo anterior, ahora resulta que la obesidad amenaza el medio ambiente, pos a seg\u00fan un estudio de la Escuela de Higiene y Medicina Tropical de Londres, las personas con sobrepeso y obesas comen m\u00e1s que las delgadas y son m\u00e1s propensas a viajar en autom\u00f3vil, lo que convierte a los kilos de m\u00e1s en una doble amenaza para el medio ambiente. (El Universal\/21 de abril\/2009). Entonces tendr\u00edamos que parafrasear la letra de aquella canci\u00f3n que dice: \u201cQue se mueran los feos, que se mueran toditos, toditos los feos\u2026\u201d por \u201cQue se mueran los obesos, que se mueran toditos, toditos los obesos\u201d. No; pos as\u00ed yo no juego.<\/p>\n","protected":false},"excerpt":{"rendered":"<p>Jorge Arturo Rodr\u00edguezTierra de Babel Al paso que vamos no quedar\u00e1 ni madre patria ni madre tierra. Quiz\u00e1s pura madre\u2026 vac\u00edo, abismo, caos, otra vez el principio o antes del principio: nada. Porque, como dijo Jacques Yves Cousteau, probablemente se ha hecho m\u00e1s da\u00f1o a la Tierra en el siglo XX \u2013y actualmente tambi\u00e9n- que [&hellip;]<\/p>\n","protected":false},"author":1,"featured_media":0,"comment_status":"open","ping_status":"open","sticky":false,"template":"","format":"standard","meta":{"_jetpack_newsletter_access":"","_jetpack_dont_email_post_to_subs":false,"_jetpack_newsletter_tier_id":0,"_jetpack_memberships_contains_paywalled_content":false,"_jetpack_memberships_contains_paid_content":false,"footnotes":""},"categories":[1],"tags":[],"class_list":["post-8853","post","type-post","status-publish","format-standard","hentry","category-sin-categoria"],"jetpack_featured_media_url":"","jetpack_sharing_enabled":true,"jetpack_shortlink":"https:\/\/wp.me\/p4Qcd3-2iN","_links":{"self":[{"href":"https:\/\/lospoliticosveracruz.com.mx\/index.php?rest_route=\/wp\/v2\/posts\/8853","targetHints":{"allow":["GET"]}}],"collection":[{"href":"https:\/\/lospoliticosveracruz.com.mx\/index.php?rest_route=\/wp\/v2\/posts"}],"about":[{"href":"https:\/\/lospoliticosveracruz.com.mx\/index.php?rest_route=\/wp\/v2\/types\/post"}],"author":[{"embeddable":true,"href":"https:\/\/lospoliticosveracruz.com.mx\/index.php?rest_route=\/wp\/v2\/users\/1"}],"replies":[{"embeddable":true,"href":"https:\/\/lospoliticosveracruz.com.mx\/index.php?rest_route=%2Fwp%2Fv2%2Fcomments&post=8853"}],"version-history":[{"count":0,"href":"https:\/\/lospoliticosveracruz.com.mx\/index.php?rest_route=\/wp\/v2\/posts\/8853\/revisions"}],"wp:attachment":[{"href":"https:\/\/lospoliticosveracruz.com.mx\/index.php?rest_route=%2Fwp%2Fv2%2Fmedia&parent=8853"}],"wp:term":[{"taxonomy":"category","embeddable":true,"href":"https:\/\/lospoliticosveracruz.com.mx\/index.php?rest_route=%2Fwp%2Fv2%2Fcategories&post=8853"},{"taxonomy":"post_tag","embeddable":true,"href":"https:\/\/lospoliticosveracruz.com.mx\/index.php?rest_route=%2Fwp%2Fv2%2Ftags&post=8853"}],"curies":[{"name":"wp","href":"https:\/\/api.w.org\/{rel}","templated":true}]}}