{"id":8857,"date":"2009-04-28T22:57:00","date_gmt":"2009-04-28T22:57:00","guid":{"rendered":"http:\/\/www.lospoliticosveracruz.com.mx\/?p=8857"},"modified":"2014-10-08T19:26:15","modified_gmt":"2014-10-08T19:26:15","slug":"influenza-links-interesantes-y-numeros-negros","status":"publish","type":"post","link":"https:\/\/lospoliticosveracruz.com.mx\/?p=8857","title":{"rendered":"Influenza: Links interesantes y n\u00fameros negros"},"content":{"rendered":"<p><strong>Betsy<\/strong><\/p>\n<p>Bueno, respecto a esto, tengan mucho cuidado con la informaci\u00f3 especulativa que se est\u00e1 manejando, pues hay mucha gente (la mayor\u00eda) que cada que recibe un correo solo le da reenviar sin tomarse la molestia de investigar un poquito a cerca del tema. Para todos aquellos que les interesa el tema de la econom\u00eda mundial, nuestro planeta y la buena calidad de vida para las pr\u00f3ximas generaciones les recomiendo que visiten <a href=\"http:\/\/www.zeitgeistmovie.com\/\">www.zeitgeistmovie.com<\/a> <a href=\"http:\/\/thezeitgeistmovement.com\/\">thezeitgeistmovement.com<\/a> y <a href=\"http:\/\/www.thevenusproject.com\/\">www.thevenusproject.com<\/a> , donde podr\u00e1n encontrar informaci\u00f3n excelente y fundamentada, no con bases parciales, ni opiniones sensacionalistas, sino meramente hechos y ciencia. Y bien, para los que est\u00e1n interesados en el tema de la influenza les platico un poco de lo que se:<\/p>\n<p>Uno de mis hermanos trabaja en una Coordinaci\u00f3n Estatal del IMSS en Jalisco, as\u00ed que tengo la oportunidad de estar al d\u00eda y con informaci\u00f3n directa acerca del tema.<br \/>La influenza porcina (cepa tipo \u00abA\u00bb) como tal comenz\u00f3 a afectar inicialmente solo a ni\u00f1os y ancianos, en quienes se manifestaba de una forma muy agresiva, provocando f\u00e1cilmente la muerte en los casos en que no se detect\u00f3 a tiempo. De estos primeros casos, pr\u00e1cticamente no hubo complicaciones graves para familiares de las v\u00edctimas puesto que este virus no era tan agresivo, as\u00ed que en personas adultas y sanas es dif\u00edcil que represente un riesgo grave; sin embargo, como ocurre frecuentemente, este virus mut\u00f3 a otro m\u00e1s agresivo, el cual comenz\u00f3 a infectar a personas de todas las edades y condiciones, motivo principal por el cual la OMS y las distintas entidades de salud trabajan en conjunto para evitar que este virus se propague al grado de convertirse en \u00abpandemia\u00bb. Por tratarse de un virus, no existe tratamiento alguno una vez que se manifiesta la enfermedad y esta es la raz\u00f3n principal por la que no se ha dado nombre de alg\u00fan retroviral en espec\u00edfico, puesto que el suministro de ellos no garantiza que los s\u00edntomas de la enfermedad desaparezcan, en el caso de Guadalajara, los retrovirales que est\u00e1 utilizando el IMSS son el Oseltamivir (Tamiflu) y el Zanamivir (Relenza) ya que son los que se tienen disponibles aqu\u00ed. Cabe mencionar que la enfermedad es grave, pero no siempre es mortal, de cada 1000 casos que se est\u00e1n detectando de esta influenza 910 personas se curan sin complicaciones mayores, pero a\u00fan as\u00ed es alarmante, ya que la agresividad del virus permite que se propague con mucha facilidad; basta con estar a una distancia menor de 1.8 m. de una persona infectada para contraer la enfermedad, o con que nos saluden de mano y posteriormente nos acerquemos la mano a la boca. El virus puede permanecer activo hasta por 2 horas en el aire, as\u00ed que eso aumenta su riesgo de contagio y es la raz\u00f3n por la cual se han suspendido los eventos p\u00fablicos. Otro de los peligros al contraer influenza no es propiamente que la enfermedad te mate, sino que al disminuir tus defensas te deja expuesto a otras enfermedades que si te pueden matar, como la tuberculosis, neumon\u00eda, infecciones, etc.<\/p>\n<p>Claro que si nos ponemos a pensar en cuestiones de n\u00fameros no es algo tan grave, pues seg\u00fan las estad\u00edsticas, suponiendo que se convirtiera en una pandemia y toda la poblaci\u00f3n mundial se enfermara, s\u00f3lamente morir\u00edan 90&#8217;000,000 de habitantes de los 100,000&#8217;000,000 que somos, as\u00ed que quedar\u00edamos muchos vivos, sin embargo, imag\u00ednense las repercusiones econ\u00f3micas, sociales y culturales que esto provocar\u00eda, digo, a nadie le gusta estar enfermo, y pocos est\u00e1n preparados para ver morir al 9% de sus conocidos, familiares, etc. Aunque como dijera uno de los hombres m\u00e1s inteligentes que ha tenido la humanidad (A. H.), no morir\u00eda el 9% mejor \ud83d\ude09 y eso podr\u00eda incluso ser ben\u00e9fico para el futuro de nuestra especie, pero eso ya se los dejo a cada qui\u00e9n.<\/p>\n<p>Si est\u00e1n interesados en conocer un poco m\u00e1s a cerca de esta enfermedad pueden entrar al siguiente link:<\/p>\n<p><a href=\"http:\/\/jovenesdeltercermilenio.blogspot.com\/2008\/04\/10-cosas-que-debe-saber-sobre-la.html\">http:\/\/jovenesdeltercermilenio.blogspot.com\/2008\/04\/10-cosas-que-debe-saber-sobre-la.html<\/a><\/p>\n","protected":false},"excerpt":{"rendered":"<p>Betsy Bueno, respecto a esto, tengan mucho cuidado con la informaci\u00f3 especulativa que se est\u00e1 manejando, pues hay mucha gente (la mayor\u00eda) que cada que recibe un correo solo le da reenviar sin tomarse la molestia de investigar un poquito a cerca del tema. Para todos aquellos que les interesa el tema de la econom\u00eda [&hellip;]<\/p>\n","protected":false},"author":1,"featured_media":0,"comment_status":"open","ping_status":"open","sticky":false,"template":"","format":"standard","meta":{"_jetpack_newsletter_access":"","_jetpack_dont_email_post_to_subs":false,"_jetpack_newsletter_tier_id":0,"_jetpack_memberships_contains_paywalled_content":false,"_jetpack_memberships_contains_paid_content":false,"footnotes":""},"categories":[1],"tags":[],"class_list":["post-8857","post","type-post","status-publish","format-standard","hentry","category-sin-categoria"],"jetpack_featured_media_url":"","jetpack_sharing_enabled":true,"jetpack_shortlink":"https:\/\/wp.me\/p4Qcd3-2iR","_links":{"self":[{"href":"https:\/\/lospoliticosveracruz.com.mx\/index.php?rest_route=\/wp\/v2\/posts\/8857","targetHints":{"allow":["GET"]}}],"collection":[{"href":"https:\/\/lospoliticosveracruz.com.mx\/index.php?rest_route=\/wp\/v2\/posts"}],"about":[{"href":"https:\/\/lospoliticosveracruz.com.mx\/index.php?rest_route=\/wp\/v2\/types\/post"}],"author":[{"embeddable":true,"href":"https:\/\/lospoliticosveracruz.com.mx\/index.php?rest_route=\/wp\/v2\/users\/1"}],"replies":[{"embeddable":true,"href":"https:\/\/lospoliticosveracruz.com.mx\/index.php?rest_route=%2Fwp%2Fv2%2Fcomments&post=8857"}],"version-history":[{"count":0,"href":"https:\/\/lospoliticosveracruz.com.mx\/index.php?rest_route=\/wp\/v2\/posts\/8857\/revisions"}],"wp:attachment":[{"href":"https:\/\/lospoliticosveracruz.com.mx\/index.php?rest_route=%2Fwp%2Fv2%2Fmedia&parent=8857"}],"wp:term":[{"taxonomy":"category","embeddable":true,"href":"https:\/\/lospoliticosveracruz.com.mx\/index.php?rest_route=%2Fwp%2Fv2%2Fcategories&post=8857"},{"taxonomy":"post_tag","embeddable":true,"href":"https:\/\/lospoliticosveracruz.com.mx\/index.php?rest_route=%2Fwp%2Fv2%2Ftags&post=8857"}],"curies":[{"name":"wp","href":"https:\/\/api.w.org\/{rel}","templated":true}]}}