{"id":8859,"date":"2009-04-28T16:21:00","date_gmt":"2009-04-28T16:21:00","guid":{"rendered":"http:\/\/www.lospoliticosveracruz.com.mx\/?p=8859"},"modified":"2014-10-08T19:26:16","modified_gmt":"2014-10-08T19:26:16","slug":"medidas-preventivas-en-veracruz-ante-la-influenza","status":"publish","type":"post","link":"https:\/\/lospoliticosveracruz.com.mx\/?p=8859","title":{"rendered":"Medidas Preventivas en Veracruz ante la Influenza"},"content":{"rendered":"<p>A partir del lunes 27 de abril, se PROH\u00cdBE saludar de BESO Y MANO, por lo que el GOBIERNO DEL ESTADO, que preside el maestro FIDEL HERRERA BELTR\u00c1N, ha formalizado ante el CONGRESO ESTATAL, el siguiente DECRETO:<br \/>En lugar de SALUDAR DE BESO Y MANO, es m\u00e1s higi\u00e9nico y saludable DAR ARRIMONES y AGARR\u00d3N DE NALGA al momento de encontrarse con alguien, bajo el precepto de que estas salutaciones son MEDIDAS PREVENTIVAS.<\/p>\n<p>Siga los siguientes ejemplos por favor y despu\u00e9s \u00a1\u00a1\u00a1LAVESE LAS MANOS!!!<\/p>\n<p><a href=\"http:\/\/www.lospoliticosveracruz.com.mx\/wp-content\/uploads\/2009\/04\/Nalga.jpg\"><img decoding=\"async\" style=\"display:block; margin:0px auto 10px; text-align:center;cursor:pointer; cursor:hand;width: 400px; height: 300px;\" src=\"http:\/\/www.lospoliticosveracruz.com.mx\/wp-content\/uploads\/2009\/04\/Nalga-300x225.jpg\" border=\"0\" alt=\"\"id=\"BLOGGER_PHOTO_ID_5329780286206383346\" \/><\/a><br \/><a href=\"http:\/\/www.lospoliticosveracruz.com.mx\/wp-content\/uploads\/2009\/04\/arrim-C3-B3n.jpg\"><img decoding=\"async\" style=\"display:block; margin:0px auto 10px; text-align:center;cursor:pointer; cursor:hand;width: 400px; height: 400px;\" src=\"http:\/\/www.lospoliticosveracruz.com.mx\/wp-content\/uploads\/2009\/04\/arrim-C3-B3n-300x300.jpg\" border=\"0\" alt=\"\"id=\"BLOGGER_PHOTO_ID_5329780284083451010\" \/><\/a><\/p>\n<p>Y ante el desabasto de cubrebocas&#8230;<\/p>\n<p><a href=\"http:\/\/www.lospoliticosveracruz.com.mx\/wp-content\/uploads\/2009\/04\/Cubrebocas.jpg\"><img decoding=\"async\" style=\"display:block; margin:0px auto 10px; text-align:center;cursor:pointer; cursor:hand;width: 400px; height: 347px;\" src=\"http:\/\/www.lospoliticosveracruz.com.mx\/wp-content\/uploads\/2009\/04\/Cubrebocas-300x260.jpg\" border=\"0\" alt=\"\"id=\"BLOGGER_PHOTO_ID_5329798171436189778\" \/><\/a><\/p>\n","protected":false},"excerpt":{"rendered":"<p>A partir del lunes 27 de abril, se PROH\u00cdBE saludar de BESO Y MANO, por lo que el GOBIERNO DEL ESTADO, que preside el maestro FIDEL HERRERA BELTR\u00c1N, ha formalizado ante el CONGRESO ESTATAL, el siguiente DECRETO:En lugar de SALUDAR DE BESO Y MANO, es m\u00e1s higi\u00e9nico y saludable DAR ARRIMONES y AGARR\u00d3N DE NALGA [&hellip;]<\/p>\n","protected":false},"author":1,"featured_media":0,"comment_status":"open","ping_status":"open","sticky":false,"template":"","format":"standard","meta":{"_jetpack_newsletter_access":"","_jetpack_dont_email_post_to_subs":false,"_jetpack_newsletter_tier_id":0,"_jetpack_memberships_contains_paywalled_content":false,"_jetpack_memberships_contains_paid_content":false,"footnotes":""},"categories":[1],"tags":[],"class_list":["post-8859","post","type-post","status-publish","format-standard","hentry","category-sin-categoria"],"jetpack_featured_media_url":"","jetpack_sharing_enabled":true,"jetpack_shortlink":"https:\/\/wp.me\/p4Qcd3-2iT","_links":{"self":[{"href":"https:\/\/lospoliticosveracruz.com.mx\/index.php?rest_route=\/wp\/v2\/posts\/8859","targetHints":{"allow":["GET"]}}],"collection":[{"href":"https:\/\/lospoliticosveracruz.com.mx\/index.php?rest_route=\/wp\/v2\/posts"}],"about":[{"href":"https:\/\/lospoliticosveracruz.com.mx\/index.php?rest_route=\/wp\/v2\/types\/post"}],"author":[{"embeddable":true,"href":"https:\/\/lospoliticosveracruz.com.mx\/index.php?rest_route=\/wp\/v2\/users\/1"}],"replies":[{"embeddable":true,"href":"https:\/\/lospoliticosveracruz.com.mx\/index.php?rest_route=%2Fwp%2Fv2%2Fcomments&post=8859"}],"version-history":[{"count":0,"href":"https:\/\/lospoliticosveracruz.com.mx\/index.php?rest_route=\/wp\/v2\/posts\/8859\/revisions"}],"wp:attachment":[{"href":"https:\/\/lospoliticosveracruz.com.mx\/index.php?rest_route=%2Fwp%2Fv2%2Fmedia&parent=8859"}],"wp:term":[{"taxonomy":"category","embeddable":true,"href":"https:\/\/lospoliticosveracruz.com.mx\/index.php?rest_route=%2Fwp%2Fv2%2Fcategories&post=8859"},{"taxonomy":"post_tag","embeddable":true,"href":"https:\/\/lospoliticosveracruz.com.mx\/index.php?rest_route=%2Fwp%2Fv2%2Ftags&post=8859"}],"curies":[{"name":"wp","href":"https:\/\/api.w.org\/{rel}","templated":true}]}}