{"id":88590,"date":"2022-04-13T10:11:58","date_gmt":"2022-04-13T15:11:58","guid":{"rendered":"https:\/\/lospoliticosveracruz.com.mx\/?p=88590"},"modified":"2022-04-13T10:12:05","modified_gmt":"2022-04-13T15:12:05","slug":"el-imperio-de-la-ley-2-2","status":"publish","type":"post","link":"https:\/\/lospoliticosveracruz.com.mx\/?p=88590","title":{"rendered":"El imperio de la ley \/2"},"content":{"rendered":"\n<p><strong>Sergio Gonz\u00e1lez Levet<\/strong><\/p>\n\n\n\n<p><em>Sin tacto<\/em><br><br><\/p>\n\n\n\n<p>Hace muchos muchos a\u00f1os, me toc\u00f3 ver c\u00f3mo un joven era finalmente aceptado por el director de un peri\u00f3dico, despu\u00e9s de que le hab\u00eda rogado intensamente que lo contratara. No era un mal reportero, pero ten\u00eda un problema: hab\u00eda ca\u00eddo en el infierno de las drogas y ten\u00eda una afici\u00f3n por la mariguana y otras sustancias que lo se\u00f1alaba, lo pon\u00eda en desventaja y colocaba de alguna manera en peligro el medio para el que trabajara.<br>\u200bEl director del que hablo, que era buena persona, termin\u00f3 por darle una oportunidad, pero le impuso una condici\u00f3n, que dejara de inmediato su adicci\u00f3n, a lo que el aspirante prometi\u00f3 que lo har\u00eda de inmediato.<br>\u200bSal\u00ed junto con \u00e9l de la oficina del jefe y al despedirnos me coment\u00f3 que iba a reunirse con unos amigos porque \u201chab\u00edan tra\u00eddo unos carrujos de mota de Acapulco, de la mera Golden, e iban a ponerse hasta el gorro\u201d.<br>\u200bYo, asombrado, le record\u00e9 que acababa de jurar y perjurar ante su nuevo contratante que iba a dejar las drogas, y \u00e9l me contest\u00f3 que solamente le hab\u00eda dicho eso para que lo aceptara, pero que \u00e9l nunca iba a dejar de consumir.<br>\u200bObvio, dur\u00f3 apenas unas semanas en el empleo, hasta que lo corrieron por sus malos h\u00e1bitos.<br>\u200bLo que me asombr\u00f3 de esa persona fue la desfachatez con la que dijo una mentira e hizo una promesa que no pensaba cumplir.<br>\u200bEsa historia me viene a modo cuando veo c\u00f3mo act\u00faan las autoridades emanadas de Morena, que mienten sin recato y prometen lo que nunca piensan cumplir. Y sobre todo los que son autoridad mayor, como el Presidente y los gobernadores y muchos alcaldes, que al tomar posesi\u00f3n juraron guardar y hacer guardar la Constituci\u00f3n y las leyes que de ella emanan, y se han dedicado a violar sistem\u00e1ticamente todos los preceptos jur\u00eddicos.<br>\u200bQueda para la historia esa frase lapidaria de AMLO: \u201cY no me vengan ahora con que la ley es la ley\u201d, que ense\u00f1a cabalmente lo que \u00e9l piensa del estado de derecho que nos rige.<br>\u200bDe ah\u00ed, por ejemplo, todas las faltas a los lineamientos electorales que provienen de leyes que el mismo partido Morena promovi\u00f3, o el desaseo con las parentelas que est\u00e1n incrustadas en puestos de gobierno, o las concesiones a las corruptelas de personajes de primera l\u00ednea del morenismo.<br>\u200bY como el Patriarca tira la l\u00ednea, en Veracruz el Gobernador se pasa por el arco del triunfo, entre baile y baile, todas las leyes posibles. Y as\u00ed, no le hace caso a lo que dictamina la Suprema Corte de justicia de la Naci\u00f3n o a las recomendaciones de la Comisi\u00f3n Nacional de Derechos Humanos.<br>\u200bEl colmo es la dispensa totalmente anticonstitucional que le acaban de dar a la Presidenta del Tribunal Superior de Justicia, que seguramente la Corte federal le va a tirar, al igual que lo ha hecho con una veintena de decretos y leyes antilegales.<br>\u200bAs\u00ed, c\u00f3mo se puede tratar con ellos\u2026<\/p>\n\n\n\n<p>PD. Por el recogimiento de los d\u00edas santos, esta columna volver\u00e1 a aparecer hasta el pr\u00f3ximo lunes 18 de abril. Que Dios los bendiga.<\/p>\n\n\n\n<p>sglevet@gmail.com<\/p>\n\n\n\n<p><\/p>\n","protected":false},"excerpt":{"rendered":"<p>Sergio Gonz\u00e1lez Levet Sin tacto Hace muchos muchos a\u00f1os, me toc\u00f3 ver c\u00f3mo un joven era finalmente aceptado por el director de un peri\u00f3dico, despu\u00e9s de que le hab\u00eda rogado intensamente que lo contratara. No era un mal reportero, pero ten\u00eda un problema: hab\u00eda ca\u00eddo en el infierno de las drogas y ten\u00eda una afici\u00f3n [&hellip;]<\/p>\n","protected":false},"author":2,"featured_media":0,"comment_status":"closed","ping_status":"closed","sticky":false,"template":"","format":"standard","meta":{"_jetpack_newsletter_access":"","_jetpack_dont_email_post_to_subs":false,"_jetpack_newsletter_tier_id":0,"_jetpack_memberships_contains_paywalled_content":false,"_jetpack_memberships_contains_paid_content":false,"footnotes":""},"categories":[70],"tags":[618,1563,1026,1282,195],"class_list":["post-88590","post","type-post","status-publish","format-standard","hentry","category-de-opinion","tag-andres-manuel-lopez-obrador","tag-cuitlahuac-garcia-jimenez","tag-morena","tag-sergio-gonzalez-levet","tag-veracruz"],"jetpack_featured_media_url":"","jetpack_sharing_enabled":true,"jetpack_shortlink":"https:\/\/wp.me\/p4Qcd3-n2S","_links":{"self":[{"href":"https:\/\/lospoliticosveracruz.com.mx\/index.php?rest_route=\/wp\/v2\/posts\/88590","targetHints":{"allow":["GET"]}}],"collection":[{"href":"https:\/\/lospoliticosveracruz.com.mx\/index.php?rest_route=\/wp\/v2\/posts"}],"about":[{"href":"https:\/\/lospoliticosveracruz.com.mx\/index.php?rest_route=\/wp\/v2\/types\/post"}],"author":[{"embeddable":true,"href":"https:\/\/lospoliticosveracruz.com.mx\/index.php?rest_route=\/wp\/v2\/users\/2"}],"replies":[{"embeddable":true,"href":"https:\/\/lospoliticosveracruz.com.mx\/index.php?rest_route=%2Fwp%2Fv2%2Fcomments&post=88590"}],"version-history":[{"count":1,"href":"https:\/\/lospoliticosveracruz.com.mx\/index.php?rest_route=\/wp\/v2\/posts\/88590\/revisions"}],"predecessor-version":[{"id":88591,"href":"https:\/\/lospoliticosveracruz.com.mx\/index.php?rest_route=\/wp\/v2\/posts\/88590\/revisions\/88591"}],"wp:attachment":[{"href":"https:\/\/lospoliticosveracruz.com.mx\/index.php?rest_route=%2Fwp%2Fv2%2Fmedia&parent=88590"}],"wp:term":[{"taxonomy":"category","embeddable":true,"href":"https:\/\/lospoliticosveracruz.com.mx\/index.php?rest_route=%2Fwp%2Fv2%2Fcategories&post=88590"},{"taxonomy":"post_tag","embeddable":true,"href":"https:\/\/lospoliticosveracruz.com.mx\/index.php?rest_route=%2Fwp%2Fv2%2Ftags&post=88590"}],"curies":[{"name":"wp","href":"https:\/\/api.w.org\/{rel}","templated":true}]}}