{"id":8860,"date":"2009-04-28T15:30:00","date_gmt":"2009-04-28T15:30:00","guid":{"rendered":"http:\/\/www.lospoliticosveracruz.com.mx\/?p=8860"},"modified":"2014-10-08T19:26:16","modified_gmt":"2014-10-08T19:26:16","slug":"influenza-cierran-parcialmente-restaurantes","status":"publish","type":"post","link":"https:\/\/lospoliticosveracruz.com.mx\/?p=8860","title":{"rendered":"Influenza: Cierran parcialmente restaurantes"},"content":{"rendered":"<blockquote><p>Todos los restaurantes, fondas, cocinas econ\u00f3micas y aquellos establecimientos que vendan alimentos preparados s\u00f3lo podr\u00e1n vender comida para llevar<\/p><\/blockquote>\n<p><strong>SUN<\/strong><\/p>\n<p>El Gobierno del DF emiti\u00f3 este martes una orden para que todos los restaurantes, fondas, cocinas econ\u00f3micas y todos aquellos establecimientos que venda alimentos preparados suspendan parcialmente sus actividades hasta nuevo aviso. <br \/>Lo anterior quiere decir que esos negocios s\u00f3lo podr\u00e1n vender comida preparada para su env\u00edo a domicilio y no podr\u00e1n servir en sus mesas a los comensales. <\/p>\n<p>Jos\u00e9 \u00c1ngel \u00c1vila, secretario de Gobierno de la ciudad, dio a conocer esta nueva medida que se suma a toda la serie de restricciones impuesta por el gobierno de la ciudad ante la epidemia de la influenza. <\/p>\n<p>Tambi\u00e9n estim\u00f3 que tan s\u00f3lo con aquellos negocios incorporados a la C\u00e1mara Nacional de La Industria de Restaurantes (Canirac) ser\u00e1n 25 mil los establecimientos que cerrar\u00e1n con esta nueva medida, pero reconoci\u00f3 que la cifra real es mucho m\u00e1s alta, pues hay negocios que no est\u00e1n incorporados a ninguna organizaci\u00f3n empresarial. <\/p>\n<p>Jos\u00e9 \u00c1ngel \u00c1vila tambi\u00e9n dijo que ser\u00e1n multados y clausurados aquellos establecimientos que no acaten esta medida y entre ellos tambi\u00e9n se incluyen a los restaurantes bar, bares, cantinas, salones de fiestas, cines y salas de arte.<\/p>\n","protected":false},"excerpt":{"rendered":"<p>Todos los restaurantes, fondas, cocinas econ\u00f3micas y aquellos establecimientos que vendan alimentos preparados s\u00f3lo podr\u00e1n vender comida para llevar SUN El Gobierno del DF emiti\u00f3 este martes una orden para que todos los restaurantes, fondas, cocinas econ\u00f3micas y todos aquellos establecimientos que venda alimentos preparados suspendan parcialmente sus actividades hasta nuevo aviso. Lo anterior quiere [&hellip;]<\/p>\n","protected":false},"author":1,"featured_media":0,"comment_status":"open","ping_status":"open","sticky":false,"template":"","format":"standard","meta":{"_jetpack_newsletter_access":"","_jetpack_dont_email_post_to_subs":false,"_jetpack_newsletter_tier_id":0,"_jetpack_memberships_contains_paywalled_content":false,"_jetpack_memberships_contains_paid_content":false,"footnotes":""},"categories":[1],"tags":[],"class_list":["post-8860","post","type-post","status-publish","format-standard","hentry","category-sin-categoria"],"jetpack_featured_media_url":"","jetpack_sharing_enabled":true,"jetpack_shortlink":"https:\/\/wp.me\/p4Qcd3-2iU","_links":{"self":[{"href":"https:\/\/lospoliticosveracruz.com.mx\/index.php?rest_route=\/wp\/v2\/posts\/8860","targetHints":{"allow":["GET"]}}],"collection":[{"href":"https:\/\/lospoliticosveracruz.com.mx\/index.php?rest_route=\/wp\/v2\/posts"}],"about":[{"href":"https:\/\/lospoliticosveracruz.com.mx\/index.php?rest_route=\/wp\/v2\/types\/post"}],"author":[{"embeddable":true,"href":"https:\/\/lospoliticosveracruz.com.mx\/index.php?rest_route=\/wp\/v2\/users\/1"}],"replies":[{"embeddable":true,"href":"https:\/\/lospoliticosveracruz.com.mx\/index.php?rest_route=%2Fwp%2Fv2%2Fcomments&post=8860"}],"version-history":[{"count":0,"href":"https:\/\/lospoliticosveracruz.com.mx\/index.php?rest_route=\/wp\/v2\/posts\/8860\/revisions"}],"wp:attachment":[{"href":"https:\/\/lospoliticosveracruz.com.mx\/index.php?rest_route=%2Fwp%2Fv2%2Fmedia&parent=8860"}],"wp:term":[{"taxonomy":"category","embeddable":true,"href":"https:\/\/lospoliticosveracruz.com.mx\/index.php?rest_route=%2Fwp%2Fv2%2Fcategories&post=8860"},{"taxonomy":"post_tag","embeddable":true,"href":"https:\/\/lospoliticosveracruz.com.mx\/index.php?rest_route=%2Fwp%2Fv2%2Ftags&post=8860"}],"curies":[{"name":"wp","href":"https:\/\/api.w.org\/{rel}","templated":true}]}}