{"id":8861,"date":"2009-04-28T12:43:00","date_gmt":"2009-04-28T12:43:00","guid":{"rendered":"http:\/\/www.lospoliticosveracruz.com.mx\/?p=8861"},"modified":"2014-10-08T19:26:16","modified_gmt":"2014-10-08T19:26:16","slug":"antidoto-contra-influenza","status":"publish","type":"post","link":"https:\/\/lospoliticosveracruz.com.mx\/?p=8861","title":{"rendered":"Ant\u00eddoto contra influenza"},"content":{"rendered":"<blockquote><p>* La informaci\u00f3n es clave<br \/>* Suspenden m\u00e1s eventos<\/p><\/blockquote>\n<p><strong>Jos\u00e9 Ortiz Medina<\/strong><br \/><em>En Corto&#8230; sin Cortes<\/em><\/p>\n<p>El mejor ant\u00eddoto contra la influenza en estos momentos es la informaci\u00f3n. La desinformaci\u00f3n genera confusi\u00f3n. La confusi\u00f3n desemboca en psicosis. Y cuando hay psicosis no se puede pensar correctamente. Y cuando no pensamos de manera adecuada, podemos cometer errores que, esos s\u00ed, nos podr\u00edan conducir a consecuencias fatales.<br \/>Decimos esto porque ayer vimos en algunas farmacias de esta capital largas filas de personas comprando cuanta cosa se les ocurr\u00eda para enfrentar eventuales brotes de dicha enfermedad.<br \/>Est\u00e1 bien que adquieran cubre bocas, guantes, alcohol para desinfectarse las manos, pero autorrecetarse vitamina \u201cC\u201d, \u201cA\u201d y antivirales sin previa consulta m\u00e9dica, ello puede provocar trastornos a la salud.<br \/>La ciudadan\u00eda debe poner m\u00e1s atenci\u00f3n a los mensajes del gobierno estatal y federal que hacen \u00e9nfasis en comer frutas con alto contenido en vitamina C, no acudir a lugares p\u00fablicos, usar tapabocas de ser necesario, etc\u00e9tera.<br \/>Para aquellos que est\u00e1n tomando las cosas con excesivo nerviosismo, es necesario recordarles que en el Estado de Veracruz no se ha reportado ninguna muerte por influencia porcina. <br \/>El \u00fanico caso es el del ni\u00f1o Edgar Hern\u00e1ndez de la comunidad La Gloria del municipio de Perote y por fortuna el menor de edad no est\u00e1 en la gloria celestial sino en la gloria terrenal de su pueblo natal. <br \/>O sea, que est\u00e1 vivito y coleando, gracias a la oportuna atenci\u00f3n que se le brind\u00f3 en el Centro de Especialidades M\u00e9dicas \u201cDoctor Rafael Lucio\u201d. Y por si alguien lo dudase, hay est\u00e1n las im\u00e1genes difundidas ayer mismo en las que aparece este menor de edad al lado del gobernador Fidel Herrera Beltr\u00e1n quien visit\u00f3 al infante en su comunidad. <br \/>Precisamente eso es lo que deben recordar las personas. Que si los pacientes son atendidos a tiempo, las posibilidades de peligro se reducen. Asimismo, la etapa preventiva es fundamental. Hay que consumir mucha fruta rica en vitamina C y seguir las instrucciones del sector salud.<br \/>El otro aspecto ayer lo comentamos y tiene que ver con la responsabilidad social de los medios de comunicaci\u00f3n de no alarmar a los ciudadanos con informaciones falsas o exageradas. <br \/>Ayer mismo Fidel Herrera Beltr\u00e1n pidi\u00f3 a los medios de comunicaci\u00f3n y los organismos de salud evitar especulaciones en esta emergencia epidemiol\u00f3gica. \u201cEstamos pidiendo la mayor transparencia a todos los \u00f3rganos de salud y los medios, no se vale especular con la salud en un momento tan dif\u00edcil y cr\u00edtico; en cuanto tengamos algo documentado tenemos por obligaci\u00f3n que darlo a conocer a nivel nacional\u201d, afirm\u00f3 el gobernador. <br \/>La buena noticia es que la Organizaci\u00f3n Mundial de la Salud se comprometi\u00f3 a coordinar de inmediato a la comunidad cient\u00edfica para la elaboraci\u00f3n y producci\u00f3n de la vacuna contra el virus H1N1 que provoca la influenza porcina.<br \/>Sin embargo, hay el inconveniente que tomar\u00e1 entre cuatro y seis meses fabricar y producir la vacuna contra el virus, seg\u00fan lo dio a conocer ayer el presidente interino del Departamento de Seguridad Sanitaria y Medio Ambiente de la OMS, Keiji Fukuda.<br \/>Pues s\u00ed, no es de \u201cench\u00edlame \u00e9sta\u201d. Llevar\u00e1 su tiempo dicha vacuna. Mientras tanto, hay que cuidarse mucho y sobre todo hay que estar informados. Como lo dec\u00edamos al principio, ese es el principal ant\u00eddoto en estos momentos para combatir la influenza. <br \/>Por ello felicitamos la labor que est\u00e1 realizando la Secretar\u00eda de Salud de Veracruz al utilizar todos los medios posibles para alertar (m\u00e1s no alarmar) a la poblaci\u00f3n. <br \/>Una de esas estrategias es un \u201cbolet\u00edn especial\u201d que est\u00e1 siendo difundido a trav\u00e9s de miles de correos electr\u00f3nicos. De una manera sencilla se explica qu\u00e9 es la influenza, cu\u00e1les son los s\u00edntomas, recomendaciones para evitar el contagio, qu\u00e9 hacer en caso de contagio, d\u00f3nde obtener m\u00e1s informaci\u00f3n, as\u00ed como preguntas frecuentes.<\/p>\n<p>SIGUEN suspendi\u00e9ndose eventos por el asunto de la influenza. Ayer la Universidad Veracruzana inform\u00f3 que la conferencia que Enrique Florescano Mayet ofrecer\u00e1 en la UV como parte de las actividades para conmemorar el Bicentenario de la Independencia y el Centenario de la Revoluci\u00f3n Mexicana fue pospuesta para el 12 de mayo, a las 12:00 horas, en la Unidad de Servicios Bibliotecarios y de Informaci\u00f3n. Asimismo, diputados del Congreso del Estado se sumaron a las acciones instrumentadas por el Gobierno estatal para hacer frente a la contingencia ocasionada por la influenza porcina que en estos d\u00edas se padece en el pa\u00eds, por lo que se pospone la realizaci\u00f3n del 5\u00ba Parlamento de Ni\u00f1as y Ni\u00f1os de Veracruz programada para los d\u00edas del 27 al 29 de abril del presente a\u00f1o. De igual forma, fue pospuesta la feria de Coatepec y la de Xalapa, seg\u00fan nos enteramos ayer, ya fue cancelada. Quien no ha suspendido su informe es la diputada federal Elizabeth Morales. Hasta ayer por la tarde, mientras redact\u00e1bamos esta columneja, la legisladora segu\u00eda mandando invitaciones v\u00eda electr\u00f3nica. No ser\u00eda mala idea que Elizabeth cancelara el acto masivo que realizar\u00e1 el pr\u00f3ximo mi\u00e9rcoles a las 18:00 horas en la sala Emilio Carballido del Teatro del Estado. Proponemos que la representante popular dirija un mensaje radiof\u00f3nico y difunda un comunicado sobre sus acciones en la C\u00e1mara Baja.<\/p>\n","protected":false},"excerpt":{"rendered":"<p>* La informaci\u00f3n es clave* Suspenden m\u00e1s eventos Jos\u00e9 Ortiz MedinaEn Corto&#8230; sin Cortes El mejor ant\u00eddoto contra la influenza en estos momentos es la informaci\u00f3n. La desinformaci\u00f3n genera confusi\u00f3n. La confusi\u00f3n desemboca en psicosis. Y cuando hay psicosis no se puede pensar correctamente. Y cuando no pensamos de manera adecuada, podemos cometer errores que, [&hellip;]<\/p>\n","protected":false},"author":1,"featured_media":0,"comment_status":"open","ping_status":"open","sticky":false,"template":"","format":"standard","meta":{"_jetpack_newsletter_access":"","_jetpack_dont_email_post_to_subs":false,"_jetpack_newsletter_tier_id":0,"_jetpack_memberships_contains_paywalled_content":false,"_jetpack_memberships_contains_paid_content":false,"footnotes":""},"categories":[1],"tags":[],"class_list":["post-8861","post","type-post","status-publish","format-standard","hentry","category-sin-categoria"],"jetpack_featured_media_url":"","jetpack_sharing_enabled":true,"jetpack_shortlink":"https:\/\/wp.me\/p4Qcd3-2iV","_links":{"self":[{"href":"https:\/\/lospoliticosveracruz.com.mx\/index.php?rest_route=\/wp\/v2\/posts\/8861","targetHints":{"allow":["GET"]}}],"collection":[{"href":"https:\/\/lospoliticosveracruz.com.mx\/index.php?rest_route=\/wp\/v2\/posts"}],"about":[{"href":"https:\/\/lospoliticosveracruz.com.mx\/index.php?rest_route=\/wp\/v2\/types\/post"}],"author":[{"embeddable":true,"href":"https:\/\/lospoliticosveracruz.com.mx\/index.php?rest_route=\/wp\/v2\/users\/1"}],"replies":[{"embeddable":true,"href":"https:\/\/lospoliticosveracruz.com.mx\/index.php?rest_route=%2Fwp%2Fv2%2Fcomments&post=8861"}],"version-history":[{"count":0,"href":"https:\/\/lospoliticosveracruz.com.mx\/index.php?rest_route=\/wp\/v2\/posts\/8861\/revisions"}],"wp:attachment":[{"href":"https:\/\/lospoliticosveracruz.com.mx\/index.php?rest_route=%2Fwp%2Fv2%2Fmedia&parent=8861"}],"wp:term":[{"taxonomy":"category","embeddable":true,"href":"https:\/\/lospoliticosveracruz.com.mx\/index.php?rest_route=%2Fwp%2Fv2%2Fcategories&post=8861"},{"taxonomy":"post_tag","embeddable":true,"href":"https:\/\/lospoliticosveracruz.com.mx\/index.php?rest_route=%2Fwp%2Fv2%2Ftags&post=8861"}],"curies":[{"name":"wp","href":"https:\/\/api.w.org\/{rel}","templated":true}]}}