{"id":8862,"date":"2009-04-28T00:50:00","date_gmt":"2009-04-28T00:50:00","guid":{"rendered":"http:\/\/www.lospoliticosveracruz.com.mx\/?p=8862"},"modified":"2014-10-08T19:26:17","modified_gmt":"2014-10-08T19:26:17","slug":"el-sobreviviente-de-la-influenza-porcina","status":"publish","type":"post","link":"https:\/\/lospoliticosveracruz.com.mx\/?p=8862","title":{"rendered":"\u00a1El sobreviviente de la Influenza Porcina!"},"content":{"rendered":"<p><a href=\"http:\/\/www.lospoliticosveracruz.com.mx\/wp-content\/uploads\/2009\/04\/2.jpg\"><img decoding=\"async\" style=\"display:block; margin:0px auto 10px; text-align:center;cursor:pointer; cursor:hand;width: 321px; height: 400px;\" src=\"http:\/\/www.lospoliticosveracruz.com.mx\/wp-content\/uploads\/2009\/04\/2-240x300.jpg\" border=\"0\" alt=\"\"id=\"BLOGGER_PHOTO_ID_5329539035167792130\" \/><\/a><br \/>* El ni\u00f1o Edgar Hern\u00e1ndez, la padeci\u00f3<br \/>* \u00danico caso confirmado; atendido a tiempo y forma<\/p>\n<p><strong>Bolet\u00edn de la DGCS Veracruz<\/strong><\/p>\n<p>El gobernador Fidel Herrera Beltr\u00e1n visit\u00f3 en su domicilio de La Gloria, municipio de Perote, al ni\u00f1o Edgar Enrique Hern\u00e1ndez Hern\u00e1ndez, \u00fanico caso de influenza porcina detectado en la entidad hasta la fecha, quien ya se recuper\u00f3 y est\u00e1 en perfectas condiciones de salud, gracias a la r\u00e1pida y apropiada atenci\u00f3n brindada por los Servicios de Salud de Veracruz. <br \/>El Ejecutivo estatal aprovech\u00f3 para hacer un recorrido por esta comunidad durante el cual escuch\u00f3 y atendi\u00f3 a los pobladores, a quienes les explic\u00f3 que no tienen nada que temer, pues no se han detectado a m\u00e1s casos de influenza A\/N1H1. <br \/>\u201cCon acciones ejecutivas inmediatas hemos organizado a todo el Sistema Estatal de Salud, al de Protecci\u00f3n Civil, al de Seguridad y a todas las dependencias para atender a cualquier persona de la que se tuviera sospecha de estar afectado por el virus de la influenza porcina\u201d.<br \/>El gobernante veracruzano explic\u00f3 a los pobladores que el caso del ni\u00f1o Edgar es una prueba fehaciente de que el virus se cura cuando es detectado a tiempo y tratado adecuadamente, por lo que los invit\u00f3 a acercarse a los Centros de Salud si presentan alguna sintomatolog\u00eda.<br \/><a href=\"http:\/\/www.lospoliticosveracruz.com.mx\/wp-content\/uploads\/2009\/04\/1.jpg\"><img decoding=\"async\" style=\"float:right; margin:0 0 10px 10px;cursor:pointer; cursor:hand;width: 320px; height: 205px;\" src=\"http:\/\/www.lospoliticosveracruz.com.mx\/wp-content\/uploads\/2009\/04\/1-300x192.jpg\" border=\"0\" alt=\"\"id=\"BLOGGER_PHOTO_ID_5329539532309466562\" \/><\/a><br \/>Ante representantes de los medios de comunicaci\u00f3n, Herrera Beltr\u00e1n se\u00f1al\u00f3 que en Veracruz se est\u00e1 en alerta y atentos por esta delicada enfermedad, por lo que tom\u00f3 la determinaci\u00f3n, desde temprano, de suspender las clases en todos los niveles escolares para evitar cualquier riesgo, toda vez que est\u00e1n llegando a la entidad miles de personasen especial del centro del pa\u00eds.<br \/>Acompa\u00f1ado del ni\u00f1o Edgar Hern\u00e1ndez, el Gobernador explic\u00f3 que en Veracruz est\u00e1 contenida la incidencia de la enfermedad en parte a que en la pasada temporada invernal se vacun\u00f3 a todo el sistema educativo. <br \/>Pero, se\u00f1al\u00f3, \u201ctenemos que reforzar el cerco sanitario y atender cualquier caso que se presente\u201d, rog\u00e1ndole a los familiares y a los prestadores de servicio de hoteles y restaurantes que avisen y canalicen al sistema estatal de salud de cualquier caso probable. <br \/>La madre del peque\u00f1o Edgar Hern\u00e1ndez agradeci\u00f3 la visita del gobernador Fidel Herrera para verificar que su hijo se encuentra bien y saludable. <br \/>\u201cEstuvo enfermo pero ya est\u00e1 muy bien, ya esta jugando, estuvo con mucha temperatura, pero le dieron medicamento en el Centro de Salud y ya esta bien\u201d, expres\u00f3. <br \/>Acompa\u00f1aron al Gobernador en su visita el secretario de Proyecci\u00f3n Civil, Ranulfo M\u00e1rquez Hern\u00e1ndez, el alcalde Guillermo Franco V\u00e1zquez, y funcionarios de la Secretar\u00eda de Salud.<\/p>\n","protected":false},"excerpt":{"rendered":"<p>* El ni\u00f1o Edgar Hern\u00e1ndez, la padeci\u00f3* \u00danico caso confirmado; atendido a tiempo y forma Bolet\u00edn de la DGCS Veracruz El gobernador Fidel Herrera Beltr\u00e1n visit\u00f3 en su domicilio de La Gloria, municipio de Perote, al ni\u00f1o Edgar Enrique Hern\u00e1ndez Hern\u00e1ndez, \u00fanico caso de influenza porcina detectado en la entidad hasta la fecha, quien ya [&hellip;]<\/p>\n","protected":false},"author":1,"featured_media":11849,"comment_status":"open","ping_status":"open","sticky":false,"template":"","format":"standard","meta":{"_jetpack_newsletter_access":"","_jetpack_dont_email_post_to_subs":false,"_jetpack_newsletter_tier_id":0,"_jetpack_memberships_contains_paywalled_content":false,"_jetpack_memberships_contains_paid_content":false,"footnotes":""},"categories":[1],"tags":[],"class_list":["post-8862","post","type-post","status-publish","format-standard","has-post-thumbnail","hentry","category-sin-categoria"],"jetpack_featured_media_url":"https:\/\/lospoliticosveracruz.com.mx\/wp-content\/uploads\/2009\/04\/2.jpg","jetpack_sharing_enabled":true,"jetpack_shortlink":"https:\/\/wp.me\/p4Qcd3-2iW","_links":{"self":[{"href":"https:\/\/lospoliticosveracruz.com.mx\/index.php?rest_route=\/wp\/v2\/posts\/8862","targetHints":{"allow":["GET"]}}],"collection":[{"href":"https:\/\/lospoliticosveracruz.com.mx\/index.php?rest_route=\/wp\/v2\/posts"}],"about":[{"href":"https:\/\/lospoliticosveracruz.com.mx\/index.php?rest_route=\/wp\/v2\/types\/post"}],"author":[{"embeddable":true,"href":"https:\/\/lospoliticosveracruz.com.mx\/index.php?rest_route=\/wp\/v2\/users\/1"}],"replies":[{"embeddable":true,"href":"https:\/\/lospoliticosveracruz.com.mx\/index.php?rest_route=%2Fwp%2Fv2%2Fcomments&post=8862"}],"version-history":[{"count":0,"href":"https:\/\/lospoliticosveracruz.com.mx\/index.php?rest_route=\/wp\/v2\/posts\/8862\/revisions"}],"wp:featuredmedia":[{"embeddable":true,"href":"https:\/\/lospoliticosveracruz.com.mx\/index.php?rest_route=\/wp\/v2\/media\/11849"}],"wp:attachment":[{"href":"https:\/\/lospoliticosveracruz.com.mx\/index.php?rest_route=%2Fwp%2Fv2%2Fmedia&parent=8862"}],"wp:term":[{"taxonomy":"category","embeddable":true,"href":"https:\/\/lospoliticosveracruz.com.mx\/index.php?rest_route=%2Fwp%2Fv2%2Fcategories&post=8862"},{"taxonomy":"post_tag","embeddable":true,"href":"https:\/\/lospoliticosveracruz.com.mx\/index.php?rest_route=%2Fwp%2Fv2%2Ftags&post=8862"}],"curies":[{"name":"wp","href":"https:\/\/api.w.org\/{rel}","templated":true}]}}