{"id":8863,"date":"2009-04-27T23:40:00","date_gmt":"2009-04-27T23:40:00","guid":{"rendered":"http:\/\/www.lospoliticosveracruz.com.mx\/?p=8863"},"modified":"2014-10-08T19:26:18","modified_gmt":"2014-10-08T19:26:18","slug":"influenza-una-despensa-extra-no-estaria-de-mas","status":"publish","type":"post","link":"https:\/\/lospoliticosveracruz.com.mx\/?p=8863","title":{"rendered":"Influenza: Una despensa extra no estar\u00eda de m\u00e1s"},"content":{"rendered":"<p><a href=\"http:\/\/www.lospoliticosveracruz.com.mx\/wp-content\/uploads\/2009\/04\/Farmacia.jpg\"><img decoding=\"async\" style=\"display:block; margin:0px auto 10px; text-align:center;cursor:pointer; cursor:hand;width: 400px; height: 242px;\" src=\"http:\/\/www.lospoliticosveracruz.com.mx\/wp-content\/uploads\/2009\/04\/Farmacia-300x181.jpg\" border=\"0\" alt=\"\"id=\"BLOGGER_PHOTO_ID_5329520740579569954\" \/><\/a><br \/><a href=\"http:\/\/www.lospoliticosveracruz.com.mx\/wp-content\/uploads\/2009\/04\/Farmacia-2.jpg\"><img decoding=\"async\" style=\"display:block; margin:0px auto 10px; text-align:center;cursor:pointer; cursor:hand;width: 400px; height: 268px;\" src=\"http:\/\/www.lospoliticosveracruz.com.mx\/wp-content\/uploads\/2009\/04\/Farmacia-2-300x200.jpg\" border=\"0\" alt=\"\"id=\"BLOGGER_PHOTO_ID_5329520734793191746\" \/><\/a><br \/><strong>Salvador Mu\u00f1oz<\/strong><br \/><em>Los Pol\u00edticos<\/em><\/p>\n<p>Influenza Mexicana\u2026 as\u00ed es como llaman en Israel a este virus. No nos moleste\u2026 no nos extra\u00f1e\u2026 por supuesto, mucho menos se trata de una campa\u00f1a negra en contra del pa\u00eds\u2026<br \/>Ya antes hubo Influenza de Hong Kong y la peor\u2026 Influenza Espa\u00f1ola, la m\u00e1s devastadora que se tiene en registro.<br \/>\u00a1Hey! Si alguien lo corrige porque en lugar de decir \u201cInfluenza\u201d dice \u201cInfluencia\u201d, no le haga caso porque al final, de cualquier modo, viene resultando lo mismo.<br \/>Influenza es una palabra italiana que significa lo que en primera instancia parece que se oye: Influencia.<br \/>Se refiere a la teor\u00eda de c\u00f3mo pueden influir las estrellas, el cosmo, los planetas, con nosotros.<br \/>Incluso, se dice que la Influenza en un polvo c\u00f3smico que est\u00e1 suspendido en la atm\u00f3sfera y las aves, al emigrar, lo que hacen es llevarse entre sus plumas este polvo\u2026 no deja de ser una teor\u00eda o hip\u00f3tesis bien jalada\u2026<br \/>Por cierto, en los \u00faltimos d\u00edas recib\u00ed comentarios de que estaba exagerando\u2026 que me la jalaba demasiado\u2026<br \/>Lamentablemente, el virus ha entrado en una etapa en la que ya no es de uno por uno la transmisi\u00f3n\u2026 va por conjuntos.<br \/>Es por eso que, ojal\u00e1, no eche en saco roto el consejo y se haya cubierto con el famoso \u201ccubrebocas\u201d que menciono desde hace varios d\u00edas\u2026 le van los datos: 3M 8512 N95.<br \/>Le doy la \u00faltima recomendaci\u00f3n\u2026<br \/>Si puede, compre una despensa extra, de latitas, de galletas y agua.<br \/>\u00bfPor qu\u00e9?<br \/>S\u00f3lo es preventivo\u2026 nada m\u00e1s\u2026 pero supongamos, sin que se alarme ni caer en p\u00e1nico, \u00bfqu\u00e9 pasa si en un momento dado las autoridades sanitarias federales ordenan que simplemente, todo lugar o establecimiento que concentre a un conjunto de personas, se cierre?<br \/>Por lo mientras, Bancos, Centros Comerciales, Mercados, Terminales de Autobuses, Aviones y Ferrocarril, quedar\u00edan quietos.<br \/>Por supuesto, el Gobierno (tanto federal como estatal) a estas alturas, han de estar tomando en cuenta esta hip\u00f3tesis y ha de tener algunas reservas para apoyar, en caso de ser sumamente necesario, a quienes as\u00ed lo requieran.<br \/>Le digo\u2026 no est\u00e1 de m\u00e1s una despensita\u2026<br \/>Por otro lado, hay un comentario que se oye en corrillos de Hospitales del DF: \u201cEl virus vino de Veracruz\u201d. As\u00ed aseguran que el director de Epidemiolog\u00eda de un conocido nosocomio defe\u00f1o, afirm\u00f3: \u201cVino de Veracruz pero proced\u00eda de Estados Unidos\u201d\u2026<br \/>No especifica c\u00f3mo\u2026 pero compare con el texto an\u00f3nimo que me enviaron:<br \/>\u201cLos primeros brotes fueron en Estados Unidos a principios de Marzo, yo tengo copia del reporte. Nadie jam\u00e1s tuvo contacto con cerdos. NO ES INFLUENZA PORCINA. Si fuera Porcina \u00bfNo deber\u00edan estar enfermos los puercos del pa\u00eds? No lo est\u00e1n, pero esos pendejos de la SAGARPA se niegan a cambiarle el nombre. Es Influenza HUMANA. Carroll&#8217;s no tuvo nada que ver.\u201d<br \/>Muy aparte de la satanizaci\u00f3n de los cerditos, hay algo que preocupa\u2026<br \/>Si bien hab\u00edamos ponderado el papel de Calder\u00f3n, hoy, amigos m\u00e9dicos se preguntan de qu\u00e9 medicinas habla el presidente cuando dice que hay suficientes\u2026<br \/>Igual, ya no hay \u201ccubrebocas\u201d.<br \/>Lo peor que puede hacer el gobierno es no hablar directo.<br \/>Por cierto, otra carta enviada por un lector, dice lo siguiente:<br \/>\u201cEs realmente de locos no haber suspendido clases en el estado de Veracruz&#8230; y todo porque el se\u00f1or presidente no es \u2018rojo\u2019\u2026 \u00a1por favor! \u00a1dej\u00e9monos de seguir siendo miserables en cuanto a esta situaci\u00f3n\u2026 \u00a1digan la verdad! \u00a1es muy grave y s\u00famenle a eso hacerse pend\u2026 para q no digan que le estamos dando la raz\u00f3n al presidente azul\u2026 \u00a1por favor! \u00bfd\u00f3nde est\u00e1 esa \u201cfidelidad\u201d con la poblaci\u00f3n veracruzana con la que seg\u00fan el gobernador ha estado siempre comprometido?<br \/>Se\u00f1ores\u2026 \u00a1esto  no es de colores! \u00a1esto es de vidas humanas! \u00a1por favor! hagan a un lado el sentido partidista y asuman el sentido humano. No vaya a ser que en unos dos o tres meses, cuando haya la vacuna, no la quieran aplicar aqu\u00ed porque venga en un frasquito azul\u2026 que no mam\u2026\u201d<br \/>Insisto\u2026 no est\u00e1 de m\u00e1s la despensita\u2026 unas latitas, unas galletas, agua\u2026<br \/>Eso s\u00ed\u2026 el veracruzano no pierde el sentido del humor\u2026 si no, cheque otra que me enviaron:<br \/>\u201c\u00a1SE LES RECOMIENDA: refugiarse en sus hogares y por cada persona refugiada comprar un cart\u00f3n de cerveza por d\u00eda que durar\u00e1 el aislamiento. Tambi\u00e9n se vale hacer refugios colectivos entre estudiantes y amigos! \u00a1se recomienda llevar municiones de cigarros y carne para asar! \u00a1tambi\u00e9n que no falte la m\u00fasica y los frijoles refritos!\u201d<br \/>Con este sentido del Humor, capaz que rebautizan la Influenza Mexicana y le ponen \u201cInfluenza Jarocha\u201d\u2026 \u00a1a fuerzas!<\/p>\n<p>De Postdata:<br \/>\u00a1Millonaria multa al PAN por parte del IFE! \u00a1Por repartir \u201ccubrebocas\u201d azules!<\/p>\n","protected":false},"excerpt":{"rendered":"<p>Salvador Mu\u00f1ozLos Pol\u00edticos Influenza Mexicana\u2026 as\u00ed es como llaman en Israel a este virus. No nos moleste\u2026 no nos extra\u00f1e\u2026 por supuesto, mucho menos se trata de una campa\u00f1a negra en contra del pa\u00eds\u2026Ya antes hubo Influenza de Hong Kong y la peor\u2026 Influenza Espa\u00f1ola, la m\u00e1s devastadora que se tiene en registro.\u00a1Hey! Si alguien [&hellip;]<\/p>\n","protected":false},"author":1,"featured_media":0,"comment_status":"open","ping_status":"open","sticky":false,"template":"","format":"standard","meta":{"_jetpack_newsletter_access":"","_jetpack_dont_email_post_to_subs":false,"_jetpack_newsletter_tier_id":0,"_jetpack_memberships_contains_paywalled_content":false,"_jetpack_memberships_contains_paid_content":false,"footnotes":""},"categories":[1],"tags":[],"class_list":["post-8863","post","type-post","status-publish","format-standard","hentry","category-sin-categoria"],"jetpack_featured_media_url":"","jetpack_sharing_enabled":true,"jetpack_shortlink":"https:\/\/wp.me\/p4Qcd3-2iX","_links":{"self":[{"href":"https:\/\/lospoliticosveracruz.com.mx\/index.php?rest_route=\/wp\/v2\/posts\/8863","targetHints":{"allow":["GET"]}}],"collection":[{"href":"https:\/\/lospoliticosveracruz.com.mx\/index.php?rest_route=\/wp\/v2\/posts"}],"about":[{"href":"https:\/\/lospoliticosveracruz.com.mx\/index.php?rest_route=\/wp\/v2\/types\/post"}],"author":[{"embeddable":true,"href":"https:\/\/lospoliticosveracruz.com.mx\/index.php?rest_route=\/wp\/v2\/users\/1"}],"replies":[{"embeddable":true,"href":"https:\/\/lospoliticosveracruz.com.mx\/index.php?rest_route=%2Fwp%2Fv2%2Fcomments&post=8863"}],"version-history":[{"count":0,"href":"https:\/\/lospoliticosveracruz.com.mx\/index.php?rest_route=\/wp\/v2\/posts\/8863\/revisions"}],"wp:attachment":[{"href":"https:\/\/lospoliticosveracruz.com.mx\/index.php?rest_route=%2Fwp%2Fv2%2Fmedia&parent=8863"}],"wp:term":[{"taxonomy":"category","embeddable":true,"href":"https:\/\/lospoliticosveracruz.com.mx\/index.php?rest_route=%2Fwp%2Fv2%2Fcategories&post=8863"},{"taxonomy":"post_tag","embeddable":true,"href":"https:\/\/lospoliticosveracruz.com.mx\/index.php?rest_route=%2Fwp%2Fv2%2Ftags&post=8863"}],"curies":[{"name":"wp","href":"https:\/\/api.w.org\/{rel}","templated":true}]}}