{"id":8864,"date":"2009-04-27T17:14:00","date_gmt":"2009-04-27T17:14:00","guid":{"rendered":"http:\/\/www.lospoliticosveracruz.com.mx\/?p=8864"},"modified":"2014-10-08T19:26:18","modified_gmt":"2014-10-08T19:26:18","slug":"influenza-suspension-de-clases-a-nivel-nacional","status":"publish","type":"post","link":"https:\/\/lospoliticosveracruz.com.mx\/?p=8864","title":{"rendered":"Influenza: Suspensi\u00f3n de clases a nivel nacional"},"content":{"rendered":"<p><strong>SUN<\/strong><\/p>\n<p>El secretario de Salud, Jos\u00e9 \u00c1ngel C\u00f3rdova Villalobos, anunci\u00f3 la suspensi\u00f3n de clases en todos los niveles educativos en todos los estados del pa\u00eds, hasta el pr\u00f3ximo 6 de mayo. <br \/>En conferencia de prensa, el funcionario admiti\u00f3 que M\u00e9xico enfrenta el momento m\u00e1s \u00e1lgido de la epidemia de influenza porcina, por lo que \u00abdesgraciadamente\u00bb los casos seguir\u00e1n incrementando.  <br \/>En su informe, C\u00f3rdova detall\u00f3 que el n\u00famero de muertos durante la actual contingencia aument\u00f3 a 149, auqnue insisti\u00f3 en que se realizan las investigaciones para determinar si fueron causadas por la influenza porcina. <br \/>As\u00edmismo, se\u00f1al\u00f3 que mil 995 personas han sido ingresadas por neumon\u00eda grave a los hospitales, de los cuales 776 siguen hosp\u00edtalizados y mil 70 han sido dados de alta.<\/p>\n","protected":false},"excerpt":{"rendered":"<p>SUN El secretario de Salud, Jos\u00e9 \u00c1ngel C\u00f3rdova Villalobos, anunci\u00f3 la suspensi\u00f3n de clases en todos los niveles educativos en todos los estados del pa\u00eds, hasta el pr\u00f3ximo 6 de mayo. En conferencia de prensa, el funcionario admiti\u00f3 que M\u00e9xico enfrenta el momento m\u00e1s \u00e1lgido de la epidemia de influenza porcina, por lo que \u00abdesgraciadamente\u00bb [&hellip;]<\/p>\n","protected":false},"author":1,"featured_media":0,"comment_status":"open","ping_status":"open","sticky":false,"template":"","format":"standard","meta":{"_jetpack_newsletter_access":"","_jetpack_dont_email_post_to_subs":false,"_jetpack_newsletter_tier_id":0,"_jetpack_memberships_contains_paywalled_content":false,"_jetpack_memberships_contains_paid_content":false,"footnotes":""},"categories":[1],"tags":[],"class_list":["post-8864","post","type-post","status-publish","format-standard","hentry","category-sin-categoria"],"jetpack_featured_media_url":"","jetpack_sharing_enabled":true,"jetpack_shortlink":"https:\/\/wp.me\/p4Qcd3-2iY","_links":{"self":[{"href":"https:\/\/lospoliticosveracruz.com.mx\/index.php?rest_route=\/wp\/v2\/posts\/8864","targetHints":{"allow":["GET"]}}],"collection":[{"href":"https:\/\/lospoliticosveracruz.com.mx\/index.php?rest_route=\/wp\/v2\/posts"}],"about":[{"href":"https:\/\/lospoliticosveracruz.com.mx\/index.php?rest_route=\/wp\/v2\/types\/post"}],"author":[{"embeddable":true,"href":"https:\/\/lospoliticosveracruz.com.mx\/index.php?rest_route=\/wp\/v2\/users\/1"}],"replies":[{"embeddable":true,"href":"https:\/\/lospoliticosveracruz.com.mx\/index.php?rest_route=%2Fwp%2Fv2%2Fcomments&post=8864"}],"version-history":[{"count":0,"href":"https:\/\/lospoliticosveracruz.com.mx\/index.php?rest_route=\/wp\/v2\/posts\/8864\/revisions"}],"wp:attachment":[{"href":"https:\/\/lospoliticosveracruz.com.mx\/index.php?rest_route=%2Fwp%2Fv2%2Fmedia&parent=8864"}],"wp:term":[{"taxonomy":"category","embeddable":true,"href":"https:\/\/lospoliticosveracruz.com.mx\/index.php?rest_route=%2Fwp%2Fv2%2Fcategories&post=8864"},{"taxonomy":"post_tag","embeddable":true,"href":"https:\/\/lospoliticosveracruz.com.mx\/index.php?rest_route=%2Fwp%2Fv2%2Ftags&post=8864"}],"curies":[{"name":"wp","href":"https:\/\/api.w.org\/{rel}","templated":true}]}}