{"id":8865,"date":"2009-04-27T16:40:00","date_gmt":"2009-04-27T16:40:00","guid":{"rendered":"http:\/\/www.lospoliticosveracruz.com.mx\/?p=8865"},"modified":"2014-10-08T19:26:18","modified_gmt":"2014-10-08T19:26:18","slug":"el-virus-de-la-influencia-empezo-en-veracruz","status":"publish","type":"post","link":"https:\/\/lospoliticosveracruz.com.mx\/?p=8865","title":{"rendered":"\u00a1El virus de la Influencia empez\u00f3 en Veracruz!"},"content":{"rendered":"<p><strong>Amigo lector envi\u00f3 esto<\/strong><\/p>\n<p>As\u00ed como en el DF y Edomex ha surgido un nuevo brote del virus de la influenza, en el estado de Veracruz se asent\u00f3 desde el inicio de este sexenio fidelista un serio brote de \u201cInfluencia\u201d, es com\u00fan ver en las calles de Xalapa, as\u00ed como en el estado, a una parvada tanto de chamaquitos mamones porque se dicen que son \u201cinfluyentes\u201d; viejecitos y viejecitas ineptos con \u00ednfulas de grandeza y de gran influencia porque son \u201csecretarios de Estado\u201d sin merecerlo, s\u00f3lo por ser serviles\u2026 \u00a1y hasta las muchachitas de pantal\u00f3n apretadito! que se sienten m\u00e1s influyentes que nadie en su dependencia s\u00f3lo porque aflojaron el cuerpecito a alguien all\u00e1 en la c\u00fapula, por lo que fueron tomadas en cuenta en alguna chambita en esta administraci\u00f3n estatal ,aunque no sepan hacer gran cosa, (aparte del acost\u00f3n, claro).<br \/>S\u00edntomas de esta  epidemia de Influencia: \u00a1se les ve en sitios p\u00fablicos hablando siempre por celular con pose de gran se\u00f1or y cara de est\u00fapidos, con su trajecito barato y su corbatita de mal gusto (o pantaloncito apretado en el caso de las muchachitas), simulando que est\u00e1n ocupad\u00edsimos, (no trabajan pero c\u00f3mo fingen estar atareados y exhaustos\u2026 \u00bfde qu\u00e9? si no desquitan ni su sueldo ) y usan a gritos por el celular frases de gran conocedor como: \u201cme golpean porque me ven posibilidades\u201d, \u201cmi dependencia no camina sin m\u00ed\u201d&#8230; \u201cyo le hago todo a mi jefe, \u00e9l s\u00f3lo firma\u201d\u2026 \u201cya ves como es estooo, loco\u201d y voltean discretamente a ver qu\u00e9 cara ponen quienes est\u00e1n oyendo, sinti\u00e9ndose divas admiradas hechas a mano, pensando que con esta actuaci\u00f3n ocultaron su origen humilde, pensando que dejaron de ser nacos, \u00a1jajaja! eso no se quita ni con lija, menos ahorita que ya se les est\u00e1 acabando el sexenio.<br \/>Tambi\u00e9n se les ve en su cochecito nuevo comprado a cr\u00e9dito, con aires de influyente, esto es, con cara de \u201cfuchi, todo funciona mal en este pa\u00eds\u201d, como si le hicieran un favor a la humanidad al transitar en las calles que circulan los dem\u00e1s mortales y que no se les cruce un agente de Tr\u00e1nsito o que tengan un percance con alguien porque a gritos amenazan&#8230; \u201cno sabes con qui\u00e9n te est\u00e1s metiendo\u201d, \u201cCarvallo me favorece\u201d&#8230;<br \/> Son una plaga, si te topas con alguno de estos infectados de Influencia, c\u00f3rtales vuelta, acu\u00e9rdate que la prepotencia indigesta y lo pendejo se pega\u2026 \u00a1h\u00fayeles! y rep\u00f3rtalos al Issste con Miguel \u00c1ngel Yunes Linares, director general. \u00c9l ya dijo que los iba a vacunar en su momento&#8230;<\/p>\n","protected":false},"excerpt":{"rendered":"<p>Amigo lector envi\u00f3 esto As\u00ed como en el DF y Edomex ha surgido un nuevo brote del virus de la influenza, en el estado de Veracruz se asent\u00f3 desde el inicio de este sexenio fidelista un serio brote de \u201cInfluencia\u201d, es com\u00fan ver en las calles de Xalapa, as\u00ed como en el estado, a una [&hellip;]<\/p>\n","protected":false},"author":1,"featured_media":0,"comment_status":"open","ping_status":"open","sticky":false,"template":"","format":"standard","meta":{"_jetpack_newsletter_access":"","_jetpack_dont_email_post_to_subs":false,"_jetpack_newsletter_tier_id":0,"_jetpack_memberships_contains_paywalled_content":false,"_jetpack_memberships_contains_paid_content":false,"footnotes":""},"categories":[1],"tags":[],"class_list":["post-8865","post","type-post","status-publish","format-standard","hentry","category-sin-categoria"],"jetpack_featured_media_url":"","jetpack_sharing_enabled":true,"jetpack_shortlink":"https:\/\/wp.me\/p4Qcd3-2iZ","_links":{"self":[{"href":"https:\/\/lospoliticosveracruz.com.mx\/index.php?rest_route=\/wp\/v2\/posts\/8865","targetHints":{"allow":["GET"]}}],"collection":[{"href":"https:\/\/lospoliticosveracruz.com.mx\/index.php?rest_route=\/wp\/v2\/posts"}],"about":[{"href":"https:\/\/lospoliticosveracruz.com.mx\/index.php?rest_route=\/wp\/v2\/types\/post"}],"author":[{"embeddable":true,"href":"https:\/\/lospoliticosveracruz.com.mx\/index.php?rest_route=\/wp\/v2\/users\/1"}],"replies":[{"embeddable":true,"href":"https:\/\/lospoliticosveracruz.com.mx\/index.php?rest_route=%2Fwp%2Fv2%2Fcomments&post=8865"}],"version-history":[{"count":0,"href":"https:\/\/lospoliticosveracruz.com.mx\/index.php?rest_route=\/wp\/v2\/posts\/8865\/revisions"}],"wp:attachment":[{"href":"https:\/\/lospoliticosveracruz.com.mx\/index.php?rest_route=%2Fwp%2Fv2%2Fmedia&parent=8865"}],"wp:term":[{"taxonomy":"category","embeddable":true,"href":"https:\/\/lospoliticosveracruz.com.mx\/index.php?rest_route=%2Fwp%2Fv2%2Fcategories&post=8865"},{"taxonomy":"post_tag","embeddable":true,"href":"https:\/\/lospoliticosveracruz.com.mx\/index.php?rest_route=%2Fwp%2Fv2%2Ftags&post=8865"}],"curies":[{"name":"wp","href":"https:\/\/api.w.org\/{rel}","templated":true}]}}