{"id":8866,"date":"2009-04-27T15:56:00","date_gmt":"2009-04-27T15:56:00","guid":{"rendered":"http:\/\/www.lospoliticosveracruz.com.mx\/?p=8866"},"modified":"2014-10-08T19:26:18","modified_gmt":"2014-10-08T19:26:18","slug":"influenza-ya-tuvo-usted-una-gripa-canona","status":"publish","type":"post","link":"https:\/\/lospoliticosveracruz.com.mx\/?p=8866","title":{"rendered":"Influenza&#8230; \u00bfya tuvo usted una gripa ca\u00f1ona?"},"content":{"rendered":"<p><strong>A\u00edda P. Ram\u00edrez P.<\/strong><\/p>\n<p>Cada quien habla por como le va en la feria, recita un viejo refr\u00e1n y este es mi caso.<br \/>Por si es o no es, yo les transmito este bolet\u00edn que no est\u00e1 de m\u00e1s tomar en consideraci\u00f3n, dicen las lenguas (no digo que las malas) que esto es un distractor que nos recuerda aquella vez que nos inventaron al \u00abchupacabras\u00bb, que si es una medida para reactivar la econom\u00eda no s\u00f3lo de M\u00e9xico si no del mundo (por aquello que la OMS acaba de soltar un lanononon para hacer frente a la crisis, que si la OMS acaba de alertar que existe la posibilidad de una \u00abpandemia\u00bb parecida a la de 1918 o la que afect\u00f3 a Espa\u00f1a a principios de siglo y que acab\u00f3 con muchos millones de vida.<br \/>Dicen que a\u00fan no existe la cura porque es una cepa que ha mutado, que es algo nuevo para el mundo cient\u00edfico pero que es curable si se detecta a tiempo, dicen que es una manera de hacerse de recursos por aquello de que vienen elecciones en el pa\u00eds y que es una nueva fuente de financiamiento de nuestro flamante gobernador ya que por cada lluviecita que hab\u00eda ped\u00eda recursos y ahora no ser\u00e1 la excepci\u00f3n. Dicen que podemos ser un experimento de aquellas farmac\u00e9uticas que quieren sacar un nuevo producto al mercado (\u00bfvieron la pel\u00edcula de \u00abEl jardinero fiel\u00bb?) que se cansaron de experimentar en \u00c1frica y ahora van con nosotros&#8230;Dicen que es un invento de don Felipe Calder\u00f3n para lograr la legitimidad que no le ha llegado (seg\u00fan algunos)..en fin dicen que dicen que tanto dicen&#8230;.<br \/>Yo no s\u00e9 que es lo que sea cierto, pero no quiero creer que sea s\u00f3lo un distractor y aqu\u00ed vengo con eso de que cada quien habla como le va en la feria y les hablo por como me ha ido a m\u00ed, quienes me conocen bien saben que yo soy una persona susceptible a las enfermedades respiratorias, que m\u00ednimo una vez al mes estaba enferma o con cualquier cosita bastaba para recaer en gripas recurrentes o enfermedad respiratoria (quienes convivieron m\u00e1s conmigo en mi trabajo saben que no miento) pero esto para m\u00ed es normal, si me enfermara otra vez no me ser\u00eda desconocido y ya s\u00e9 que tomarme. <br \/>Sin embargo, a principios de a\u00f1o para ser exacta en Febrero me enferm\u00e9 como nunca antes me hab\u00eda ocurrido (que no fuera por la reacci\u00f3n de la vacuna de la influenza que esta vez no me puse) tuve temperaturas de m\u00e1s de 38 grados, me dol\u00eda todo el cuerpo y m\u00e1s mis pulmoncitos porque ten\u00eda los bronquios cerrados, y lo que es \u00abmejor\u00bb o \u00abpeor\u00bb,  dec\u00eda la doctora que eran principios de \u00abasma\u00bb&#8230;y lo ca\u00f1\u00f3n es que me dur\u00f3 m\u00e1s de un mes, y no fui la \u00fanica con una gripa de esa naturaleza&#8230;.pero como si tuve el cuidado pues sal\u00ed, pero reca\u00ed a los quince d\u00edas ya en marzo, despu\u00e9s de un mes y me dio tanta flojera ir al m\u00e9dico que repet\u00ed los medicamentos de la vez anterior. (mi prima, compa\u00f1eros de trabajo  y amigos con quienes habl\u00e9 esos d\u00edas pueden corroborar esta info)<br \/>S\u00e9 que no tiene nada que ver pero como yo, hay muchas personas que somos propensas a cualquier resfriadito o alerg\u00eda&#8230;y no me atrevo a pensar qu\u00e9 pasar\u00eda si me llegara a agarrar esta cosa del virus mutado de los cochinitos&#8230; as\u00ed que como no quiero gastar m\u00e1s de lo que ya gast\u00e9 en mi salud, ni pienso estar en cuarentena mejor le hago caso a las recomendaciones &#8230;<br \/>Y por aquellos que no creen y piensan que realmente es un distractor tipo \u00abchupacabras\u00bb m\u00e1s vale que tengan en cuenta las recomendaciones&#8230;porque el contagio ah\u00ed est\u00e1&#8230;.y en el mundo est\u00e1n tomando medidas y la m\u00e1s dram\u00e1tica es que ya en algunos pa\u00edses como China y Rusia han prohibido la importaci\u00f3n temporal de productos porcinos de M\u00e9xico y Estados Unidos&#8230;.en detrimento de los ganaderos&#8230;despu\u00e9s \u00bfqu\u00e9 seguir\u00e1? pero independientemente de lo que afectar\u00e1 econ\u00f3micamente hablando, me preocupa que realmente con tanta informaci\u00f3n luego no sabemos ni podemos procesarla, que se est\u00e1 generando psicosis, quiz\u00e1 si. Pero de entre tantas cosas, debe haber algo de cierto y como repito, el virus est\u00e1 ah\u00ed.<\/p>\n","protected":false},"excerpt":{"rendered":"<p>A\u00edda P. Ram\u00edrez P. Cada quien habla por como le va en la feria, recita un viejo refr\u00e1n y este es mi caso.Por si es o no es, yo les transmito este bolet\u00edn que no est\u00e1 de m\u00e1s tomar en consideraci\u00f3n, dicen las lenguas (no digo que las malas) que esto es un distractor que [&hellip;]<\/p>\n","protected":false},"author":1,"featured_media":0,"comment_status":"open","ping_status":"open","sticky":false,"template":"","format":"standard","meta":{"_jetpack_newsletter_access":"","_jetpack_dont_email_post_to_subs":false,"_jetpack_newsletter_tier_id":0,"_jetpack_memberships_contains_paywalled_content":false,"_jetpack_memberships_contains_paid_content":false,"footnotes":""},"categories":[1],"tags":[],"class_list":["post-8866","post","type-post","status-publish","format-standard","hentry","category-sin-categoria"],"jetpack_featured_media_url":"","jetpack_sharing_enabled":true,"jetpack_shortlink":"https:\/\/wp.me\/p4Qcd3-2j0","_links":{"self":[{"href":"https:\/\/lospoliticosveracruz.com.mx\/index.php?rest_route=\/wp\/v2\/posts\/8866","targetHints":{"allow":["GET"]}}],"collection":[{"href":"https:\/\/lospoliticosveracruz.com.mx\/index.php?rest_route=\/wp\/v2\/posts"}],"about":[{"href":"https:\/\/lospoliticosveracruz.com.mx\/index.php?rest_route=\/wp\/v2\/types\/post"}],"author":[{"embeddable":true,"href":"https:\/\/lospoliticosveracruz.com.mx\/index.php?rest_route=\/wp\/v2\/users\/1"}],"replies":[{"embeddable":true,"href":"https:\/\/lospoliticosveracruz.com.mx\/index.php?rest_route=%2Fwp%2Fv2%2Fcomments&post=8866"}],"version-history":[{"count":0,"href":"https:\/\/lospoliticosveracruz.com.mx\/index.php?rest_route=\/wp\/v2\/posts\/8866\/revisions"}],"wp:attachment":[{"href":"https:\/\/lospoliticosveracruz.com.mx\/index.php?rest_route=%2Fwp%2Fv2%2Fmedia&parent=8866"}],"wp:term":[{"taxonomy":"category","embeddable":true,"href":"https:\/\/lospoliticosveracruz.com.mx\/index.php?rest_route=%2Fwp%2Fv2%2Fcategories&post=8866"},{"taxonomy":"post_tag","embeddable":true,"href":"https:\/\/lospoliticosveracruz.com.mx\/index.php?rest_route=%2Fwp%2Fv2%2Ftags&post=8866"}],"curies":[{"name":"wp","href":"https:\/\/api.w.org\/{rel}","templated":true}]}}