{"id":8867,"date":"2009-04-27T12:51:00","date_gmt":"2009-04-27T12:51:00","guid":{"rendered":"http:\/\/www.lospoliticosveracruz.com.mx\/?p=8867"},"modified":"2014-10-08T19:26:18","modified_gmt":"2014-10-08T19:26:18","slug":"reyes-larios-defiende-a-cura-pederasta","status":"publish","type":"post","link":"https:\/\/lospoliticosveracruz.com.mx\/?p=8867","title":{"rendered":"Reyes Larios defiende a cura pederasta"},"content":{"rendered":"<blockquote><p>* La influencia del clero cat\u00f3lico<br \/>* David Velasco: \u201cestoy dedicado a trabajar por Jalapa\u201d<br \/>* V\u00edctor Arredondo: prioridad en el acceso a la educaci\u00f3n<\/p><\/blockquote>\n<p><strong>Inocencio Vald\u00e9s V\u00e1zquez<\/strong><br \/><em>P\u00e1gina Tres<\/em><\/p>\n<p>El pol\u00e9mico y vergonzoso caso del sacerdote jalape\u00f1o involucrado en una Red Nacional  de Pornograf\u00eda Infantil, parece que seguir\u00e1 siendo noticia a nivel local, nacional e internacional, ya que habr\u00e1 m\u00e1s informaci\u00f3n sobre el tema y obviamente los feligreses de la iglesia donde oficiaba y de otras capillas, lo seguir\u00e1n defendiendo a capa y espada \u201csea culpable o inocente\u201d.<br \/>Hasta han marchado por las calles de Jalapa para exigir su liberaci\u00f3n y seguir\u00e1n realizando otras acciones de protesta, si los propios jerarcas cat\u00f3licos as\u00ed lo creen conveniente en la defensa del supuesto pederasta.<br \/>Ahora sali\u00f3 al ruedo, el obispo de Xalapa, Hip\u00f3lito Reyes Larios, quien defendi\u00f3, como debe ser en \u00e9stos casos,  abiertamente al sacerdote Rafael Mu\u00f1iz L\u00f3pez y adem\u00e1s como agregado denunci\u00f3 que en su captura se cometieron muchas irregularidades.<br \/>El sucesor de Sergio Obeso Rivera explic\u00f3 que la Polic\u00eda del Distrito Federal, que captur\u00f3 al prelado en esta capital, entr\u00f3 al Estado sin la autorizaci\u00f3n correspondiente para este tipo de casos.<br \/>El obispo de la di\u00f3cesis de Jalapa \u2014la m\u00e1s grande del Estado\u2014 dijo adem\u00e1s que confiscaron varias computadoras sin la respectiva orden de cateo y agreg\u00f3 que a Mu\u00f1iz L\u00f3pez lo aprendieron en la calle y a su hermano cuando fue a verlo.<br \/>Y algo m\u00e1s que demuestra el peso que todav\u00eda tiene la iglesia cat\u00f3lica y sus sacerdotes es por lo siguiente:<br \/>Reyes Larios dio a conocer \u2013esto no se sab\u00eda p\u00fablicamente\u2013 que despu\u00e9s de que fuera detenido Rafael Mu\u00f1iz, el Procurador Salvador Mikel Rivera, de manera tapetuna le puso al tanto de la situaci\u00f3n y sobre todo lo apoy\u00f3 en las  gestiones ante el gobierno del Distrito Federal, que preside Macelo Ebrard Casaub\u00f3n,  para que a los abogados del sacerdote se les concediera audiencia con el Procurador capitalino.<br \/>\u201cA m\u00ed me habl\u00f3 el se\u00f1or Procurador para decirme que hab\u00eda un asunto delicado y que ya estaba detenido el sacerdote. Entonces nosotros nos movimos para que lo visitara un abogado y un sacerdote\u201d, dijo confiado Reyes Larios, quien tambi\u00e9n se mand\u00f3 a hacer su salida secreta por la calle de Clavijero, de la Casa donde tradicionalmente vive el Obispo de Jalapa en la calle de Ju\u00e1rez.<br \/>El obispo de Jalapa dijo tener fe en la inocencia del sacerdote presuntamente involucrado en redes de pornograf\u00eda infantil y subray\u00f3 que \u201cseguimos con todo el deseo de que se clarifiquen bien las cosas, pues cuando a una persona no le han probado nada, es inocente\u201d<br \/>El obispo insisti\u00f3 en que fue irregular la manera como fue  detenido el p\u00e1rroco Rafael Mu\u00f1iz, adem\u00e1s le \u201cconfiscaron\u201d dos computadoras port\u00e1tiles y una de escritorio que hab\u00eda en la parroquia, donde tienen acceso varias personas como las secretarias.  En ese sentido, manifest\u00f3 que \u201cno se puede culpar as\u00ed a nadie si no se le prueba.\u201d <br \/>Como van las cosas y con la intervenci\u00f3n de altos dignatarios del clero cat\u00f3lico, no se duda que en breve el supuesto sacerdote pederasta salga libre. Aunque en este asunto hay cosas muy raras y oscuras que poco a poco se van aclarando.<br \/>Sin embargo,  si fuera cualquier hijo de vecino el involucrado en este caso de pederastia las cosas ser\u00edan muy diferentes e incluso ya en la c\u00e1rcel le estuvieran aplicando ciertas reglas\u2026.<\/p>\n<p><strong>En Corto<\/strong><br \/>Por indicaciones del presidente de la Junta de Coordinaci\u00f3n Pol\u00edtica del Congreso local, H\u00e9ctor Yunes Landa y en el marco de la celebraci\u00f3n del \u201cD\u00eda del Ni\u00f1o\u201d, personal que labora en la LXI Legislatura Local entreg\u00f3 m\u00e1s de 500 lunchs y tres pasteles en diferentes casas albergues, entre ellas el asilo \u201cSayago\u201d, \u201cC\u00e1ritas\u201d, \u201cCasa Sol\u201d y \u201cChavarrillo\u201d, a fin de que ni\u00f1as y ni\u00f1os pasen un momento agradable en su d\u00eda\u2026.. La activa presidenta estatal del Frente Juvenil Revolucionario (FJR), Frida Celeste Rosas Peralta, encabez\u00f3 la toma de protesta de la Coordinaci\u00f3n Regional de Estudiantes Universitarios de Tecnol\u00f3gicos en el municipio de Minatitl\u00e1n. El coordinador regional de los universitarios, Rub\u00e9n Cruz Jim\u00e9nez, expres\u00f3 que tienen la encomienda de estrechar relaciones con la comunidad estudiantil de los tecnol\u00f3gicos de los municipios de Jes\u00fas Carranza, Acayucan, Coatzacoalcos, Minatitl\u00e1n y Nanchital para celebrar reuniones con los estudiantes y el PRI para recoger inquietudes, opiniones y propuestas\u2026. El Secretario de Educaci\u00f3n de Veracruz(SEV), V\u00edctor Arredondo \u00c1lvarez, con la representaci\u00f3n del Gobernador Fidel Herrera Beltr\u00e1n, inaugur\u00f3 la modernizaci\u00f3n de la Biblioteca Central Estatal ubicada en esta ciudad en el marco del \u201cD\u00eda Internacional del Libro y del Derecho de Autor\u201d. En ese lugar, acompa\u00f1ado por el alcalde David Velasco Chedraui, dijo que \u201cel acceso a la cultura y la educaci\u00f3n, es la principal herramienta para la mejora del individuo y de la sociedad en su conjunto\u201d..Por cierto que el alcalde capitalino rechaz\u00f3 la informaci\u00f3n difamatoria que v\u00eda un correo electr\u00f3nico se difundi\u00f3 recientemente y aclar\u00f3 que \u00e9l est\u00e1 dedicado a trabajar por Jalapa \u2026El regidor segundo y presidente de la Comisi\u00f3n de Tr\u00e1nsito y Vialidad del Ayuntamiento de Jalapa, Miguel \u00c1ngel Briones M\u00e9ndez, al reunirse con una veintena de reporteros, dijo que el Programa Integral de Movilidad Urbana, para evitar que se politice, se suspender\u00e1 en este periodo electoral, pero aclar\u00f3 que es una de las acciones positivas que promueve la Comuna. Dijo que en la capital, por el momento no es necesario aplicar el Programa Hoy no Circula.<\/p>\n<p>Visite: <a href=\"http:\/\/www.elmatutinovirtual.blogspot.com\/\">www.elmatutinovirtual.blogspot.com<\/a><\/p>\n<p>E-Mail:valdes6124@hotmail.com<\/p>\n","protected":false},"excerpt":{"rendered":"<p>* La influencia del clero cat\u00f3lico* David Velasco: \u201cestoy dedicado a trabajar por Jalapa\u201d* V\u00edctor Arredondo: prioridad en el acceso a la educaci\u00f3n Inocencio Vald\u00e9s V\u00e1zquezP\u00e1gina Tres El pol\u00e9mico y vergonzoso caso del sacerdote jalape\u00f1o involucrado en una Red Nacional de Pornograf\u00eda Infantil, parece que seguir\u00e1 siendo noticia a nivel local, nacional e internacional, ya [&hellip;]<\/p>\n","protected":false},"author":1,"featured_media":0,"comment_status":"open","ping_status":"open","sticky":false,"template":"","format":"standard","meta":{"_jetpack_newsletter_access":"","_jetpack_dont_email_post_to_subs":false,"_jetpack_newsletter_tier_id":0,"_jetpack_memberships_contains_paywalled_content":false,"_jetpack_memberships_contains_paid_content":false,"footnotes":""},"categories":[1],"tags":[],"class_list":["post-8867","post","type-post","status-publish","format-standard","hentry","category-sin-categoria"],"jetpack_featured_media_url":"","jetpack_sharing_enabled":true,"jetpack_shortlink":"https:\/\/wp.me\/p4Qcd3-2j1","_links":{"self":[{"href":"https:\/\/lospoliticosveracruz.com.mx\/index.php?rest_route=\/wp\/v2\/posts\/8867","targetHints":{"allow":["GET"]}}],"collection":[{"href":"https:\/\/lospoliticosveracruz.com.mx\/index.php?rest_route=\/wp\/v2\/posts"}],"about":[{"href":"https:\/\/lospoliticosveracruz.com.mx\/index.php?rest_route=\/wp\/v2\/types\/post"}],"author":[{"embeddable":true,"href":"https:\/\/lospoliticosveracruz.com.mx\/index.php?rest_route=\/wp\/v2\/users\/1"}],"replies":[{"embeddable":true,"href":"https:\/\/lospoliticosveracruz.com.mx\/index.php?rest_route=%2Fwp%2Fv2%2Fcomments&post=8867"}],"version-history":[{"count":0,"href":"https:\/\/lospoliticosveracruz.com.mx\/index.php?rest_route=\/wp\/v2\/posts\/8867\/revisions"}],"wp:attachment":[{"href":"https:\/\/lospoliticosveracruz.com.mx\/index.php?rest_route=%2Fwp%2Fv2%2Fmedia&parent=8867"}],"wp:term":[{"taxonomy":"category","embeddable":true,"href":"https:\/\/lospoliticosveracruz.com.mx\/index.php?rest_route=%2Fwp%2Fv2%2Fcategories&post=8867"},{"taxonomy":"post_tag","embeddable":true,"href":"https:\/\/lospoliticosveracruz.com.mx\/index.php?rest_route=%2Fwp%2Fv2%2Ftags&post=8867"}],"curies":[{"name":"wp","href":"https:\/\/api.w.org\/{rel}","templated":true}]}}