{"id":8870,"date":"2009-04-26T23:53:00","date_gmt":"2009-04-26T23:53:00","guid":{"rendered":"http:\/\/www.lospoliticosveracruz.com.mx\/?p=8870"},"modified":"2014-10-08T19:26:18","modified_gmt":"2014-10-08T19:26:18","slug":"granjas-carroll-influenza-advertida","status":"publish","type":"post","link":"https:\/\/lospoliticosveracruz.com.mx\/?p=8870","title":{"rendered":"Granjas Carroll \u00bfInfluenza advertida?"},"content":{"rendered":"<blockquote><p><strong>El fantasma con olor a muerte<\/strong><\/p>\n<p>* Los violadores cr\u00f3nicos de las leyes federales y estatales que hoy asentados en el valle de Perote, ser\u00edan responsables de serios problemas de salud p\u00fablica<\/p><\/blockquote>\n<p><strong>Evaristo Ortega<\/strong> \/ <em>Perote, Ver.<\/em><\/p>\n<p>Muy por encima de lo que se ha querido acallar, en el valle de Perote, Granjas Carroll podr\u00eda haberse convertido en un serio problema de salud p\u00fablica, que al menos este a\u00f1o, habr\u00eda cobrado la vida de dos infantes.<br \/>En la localidad de La Gloria, perteneciente a este municipio, una gruesa capa de polvo cubre la superficie de la tierra y en \u00e9sta, como en muchas otras ubicadas cerca de Granjas Carroll, el aire caliente forma enormes remolinos que, en algunos casos, se meten a las casas donde dejan todo tipo de residuos.<br \/>Y son precisamente \u00e9ste tipo de factores climatol\u00f3gicos, los que en este lugar, donde las temperaturas pueden llegar a ser extremas, se convierten en el principal temor de los pobladores, ya que a decir de \u00e9stos, las corrientes de aire que arrastran f\u00e9tidos olores, tambi\u00e9n esparcen parte de los residuos contenidos en las fosas de oxidaci\u00f3n que utiliza Granjas Carroll para deshacerse de sus desechos.<br \/>De ah\u00ed que en los \u00faltimos meses, el incremento de enfermedades en las v\u00edas respiratorias se haya asociado a las supuestas emanaciones de contaminantes producidas por Granjas Carroll, mismas que de acuerdo al informe rendido en el 2006 por legisladores integrantes de la Comisi\u00f3n de Medio Ambiente y Recursos Naturales de la LIX Legislatura de la C\u00e1mara de Diputados del Congreso de la Uni\u00f3n, entre otras cosas, son causa de \u201cincremento de amoniaco y otras sustancias en el aire de la localidad debido a las mal llevadas lagunas de oxidaci\u00f3n\u201d.<br \/>Tan s\u00f3lo en La Gloria, del 23 al 27 de marzo pasado, brigadas de salud reportaron de manera oficial haber ofrecido m\u00e1s de 400 consultas por este tipo de padecimientos, aunque de acuerdo con datos extraoficiales, el n\u00famero de personas atendidas habr\u00eda sido superior a las 800.<br \/>Al respecto, muy pocos son los que se atreven a hablar, y es que aqu\u00ed se tiene como antecedente el proceso legal que tuvieron que enfrentar cinco personas denunciadas por Granjas Carroll, tras atreverse a cuestionar sus formas de operar.<\/p>\n<p><strong>NUNCA HAB\u00cdA PASADO ESO<\/strong><br \/>\u201cEstas ya no fueron gripas, dijo la se\u00f1ora Rosaura Jim\u00e9nez quien asegur\u00f3 que la enfermedad que esta vez golpe\u00f3 a La Gloria nunca se hab\u00eda registrado.<br \/>\u201cNunca hab\u00eda pasado eso; pasaban unas gripillas pero normales, pero estas ya no fueron gripas, ya estuvo feo.\u201d<br \/>Y es que Rosaura Jim\u00e9nez dijo que la enfermedad no s\u00f3lo atac\u00f3 a los menores de edad. Tambi\u00e9n a los adultos, ya que su marido fue uno de los que se debatieron entre la vida y la muerte, pero por fortuna, tras la intervenci\u00f3n de las brigadas de salud pudo ser atendido y se recuper\u00f3. <br \/>\u201cMi marido tambi\u00e9n estuvo bien malo, ya se estaba muriendo, pero fue al doctor con los que vinieron a dar la ayuda y se levant\u00f3.\u201d<br \/>Coment\u00f3 que la enfermedad comenz\u00f3 hace \u201cunos dos meses\u201d, misma que provoc\u00f3 que muchos presentaran s\u00edntomas como ojos llorosos, gripa, tos y calentura, entre otros padecimientos, que incluso hicieron que dos ni\u00f1os fallecieran.<br \/>\u201cSupe porque mis ni\u00f1as estaban ah\u00ed en la casa y me dijeron, \u2018mami llevaron a unos ni\u00f1os a enterrar\u2019, pero como casi no estoy en la casa, estoy en el campo, no me di cuenta.\u201d<br \/>Sobre ello, dijo que aunque tuvieron la promesa de que el Presidente Municipal de Perote acudir\u00eda a esa comunidad para dar a conocer qu\u00e9 enfermedad era la que los hab\u00eda atacado, hasta ahora \u201cno ha venido\u201d.<\/p>\n<p><strong>\u201cDIOSITO FUE QUIEN LO LLAM\u00d3\u201d<\/strong><br \/>Pese al fantasma que parece rondar a La Gloria, los padres de los menores fallecidos s\u00f3lo piden que ya se les deje descansar en paz, pues sea o no responsable Granjas Carroll de la muerte de sus peque\u00f1os, refieren que ya nada de lo que se haga les podr\u00e1 devolver la vida.<br \/>\u201cDiosito fue quien llam\u00f3 a mi ni\u00f1o y ya aunque venga el presidente de la rep\u00fablica, no lo va a revivir\u201d, dijo la se\u00f1ora Mar\u00eda Hern\u00e1ndez, madre de uno de los menores fallecidos, que despu\u00e9s de tenerlo hospitalizado durante 15 d\u00edas no logr\u00f3 que le salvaran la vida.<br \/>Seg\u00fan Orlando Uscanga, jefe de la Jurisdicci\u00f3n Sanitaria N\u00famero V, en la localidad de La Gloria se contabilizaron dos muertes de infantes, una en febrero y otra en marzo de este a\u00f1o.<br \/>Pero tambi\u00e9n, con problemas en las v\u00edas respiratorias fueron hospitalizados Mar\u00eda de los \u00c1ngeles Garc\u00eda, de cinco meses, quien estuvo internada en el Centro de Especialidades M\u00e9dicas de Xalapa, as\u00ed como Jair Silva Guti\u00e9rrez quien fue atendido en el Hospital Civil de Perote.<br \/>No obstante y por ese motivo, tras la llegada de varias brigadas de salud a esta comunidad, una de las personas que estuvo presente en la reuni\u00f3n celebrada el 24 de marzo en La Gloria donde se habl\u00f3 de las medidas que se tomar\u00edan para contrarrestar la enfermedad, pidi\u00f3 a quienes ah\u00ed estuvieron \u201cno alarmar m\u00e1s a las comunidades\u201d, ya que dicho evento seg\u00fan \u00e9l hab\u00eda sido producto de una nota amarillista, se trataba s\u00f3lo de \u201cuna gripa\u201d.<br \/>Argument\u00f3 que no convenci\u00f3 a los habitantes de La Gloria, pues para ellos, el mal tiene otra explicaci\u00f3n, s\u00f3lo que como no conviene que se maneje de esa forma, entonces se intenta minimizar.<br \/>\u201cNosotros no estamos en contra de ninguna empresa, estamos en contra de la contaminaci\u00f3n y c\u00f3mo opera, si fuera una empresa que viniera a dar empleo, que no contaminara y que cumpliera con todas las normas ambientales, adelante, pero no es as\u00ed, no cumple, y para empezar todo el sistema que tiene es automatizado y no hay fuentes empleo.\u201d<\/p>\n<p><strong>POBLADORES ATRIBUYEN PADECIMIENTO A GRANJAS CARROLL<\/strong><br \/>Aunque en La Gloria el temor para hablar de Granjas Carroll es bastante marcado, los pobladores insistieron en que el padecimiento registrado durante los primeros meses del a\u00f1o en su comunidad, podr\u00eda tener \u201calgo que ver\u201d con la contaminaci\u00f3n de esa empresa dedicada a la producci\u00f3n de cerdos. <br \/>Sobre todo, porque aunado a los f\u00e9tidos olores, el polvo y otros factores de contaminaci\u00f3n, en los \u00faltimos a\u00f1os han proliferado plagas de moscas que se cree encuentran formas de reproducci\u00f3n en las granjas de cerdos y son las que pudieron haberles llevado \u201cesa gripa\u201d.<br \/>No obstante, una de las entrevistadas que suplic\u00f3 guardar su nombre en el anonimato por temor a represalias, dijo que las autoridades de salud jam\u00e1s van a reconocer que la forma de operar de Granjas Carroll representa una seria amenaza a la salud de los pobladores que viven en sus inmediaciones.  <br \/>\u201cSiempre protegen mucho a Granjas Carroll\u201d, dijo la entrevistada.<br \/>Mencion\u00f3 que desde hace varios a\u00f1os la comunidad de La Gloria libra una de sus mayores luchas en contra de Granjas Carroll, ya que a trav\u00e9s de sus representantes, en el 2004 adquiri\u00f3 terrenos a escasos 500 metros de ese centro poblacional, pero debido al antecedente que se tiene respecto de los niveles de contaminaci\u00f3n que emite, los vecinos se han opuesto a que se instalen en ese lugar.<br \/>Por ahora, las granjas m\u00e1s cercanas a La Gloria est\u00e1n en Xaltepec, tambi\u00e9n municipio de Perote, pero si desde ah\u00ed \u201cnos llegan los olores bien apestosos\u201d, peor ser\u00eda si se deja que se instalen m\u00e1s cerca, consider\u00f3. <br \/>\u201cLa poblaci\u00f3n no acepta que se quieran instalar aqu\u00ed por que fueron expulsadas de Carolina del Norte por su gran producci\u00f3n de gas metano.\u201d<br \/>Mencion\u00f3 que se ha insistido por la v\u00eda pac\u00edfica al gobernador del estado Fidel Herrera Beltr\u00e1n y al presidente de la rep\u00fablica Felipe Calder\u00f3n Hinojosa para que frene la operaci\u00f3n de Granjas Carroll, misma que cuenta con 42 m\u00f3dulos de producci\u00f3n de cerdos en todo el valle de Perote, pero a pesar de ello \u201cno han hecho nada\u201d.<br \/>Por el contrario, coment\u00f3 que derivado de la lucha que se libra en contra de Granjas Carroll, Guadalupe Serrano Gaspar, Jos\u00e9 Luis Mart\u00ednez Cris\u00f3stomo; Berta Cris\u00f3stomo Lara, actual agente municipal de La Gloria, Margarita Hern\u00e1ndez Burgos y la profesora Mar\u00eda Ver\u00f3nica Hern\u00e1ndez Arg\u00fcello, han sido victimas de persecuciones por su participaci\u00f3n activa en defensa del medio ambiente.<br \/>Guadalupe Serrano Gaspar, de 58 a\u00f1os de edad fue detenido el martes 8 de abril de 2008 bajo una orden federal como presunto responsable de \u201cataques a las v\u00edas de comunicaci\u00f3n\u201d, por su participaci\u00f3n en una manifestaci\u00f3n en la carretera a Chichicuautla, estado de Puebla, que fue parte de una serie de protestas  en contra de Granjas Carroll.<br \/>Por el mismo delito, tambi\u00e9n se giraron ordenes de aprehensi\u00f3n contra Berta Cris\u00f3stomo Lara y Margarita Hern\u00e1ndez Burgos, mientras que la profesora Mar\u00eda Ver\u00f3nica Hern\u00e1ndez Arg\u00fcello, tambi\u00e9n fue procesada al ser acusada de cometer el presunto delito de difamaci\u00f3n luego de que Granjas Carroll le atribuyera \u201cla autor\u00eda de un texto le\u00eddo en una estaci\u00f3n de radio en Perote, en el cual vecinos de comunidades de la zona se quejaban de la empresa por uso excesivo de agua y por contaminaci\u00f3n de los mantos fre\u00e1ticos\u201d.<br \/>Adem\u00e1s de estos casos de persecuci\u00f3n, el gobierno de Puebla lanz\u00f3 acusaciones contra \u201cJos\u00e9 Lu\u00eds Mart\u00ednez Cris\u00f3stomo, originario de La Gloria, en Perote; Jorge Bernal Zapata, de Xaltepec; Fausto Lim\u00f3n, de la comunidad de Zalayeta; y un ciudadano de Chichicuautla, Puebla, Rub\u00e9n L\u00f3pez Rivera, presidente del comisariado ejidal de su comunidad\u201d. <br \/>Ante ello, los pobladores que temen alzar la voz para hacerse escuchar, refieren que ya se hizo de todo para impedir que Granjas Carroll siga con la contaminaci\u00f3n de su entorn\u00f3, pero si a pesar de eso pretendieran insistir en instalarse m\u00e1s cerca de su comunidad, lo \u00fanico que har\u00edan ser\u00eda provocar a que la gente use otro medios para tratar de impedirlo.<br \/>Y advirtieron que la resistencia ser\u00eda tal, que llegar\u00edan a tomar las armas para defender a su comunidad.<br \/>\u201cYa no vamos a seguir nosotros manifest\u00e1ndonos y a andar pidiendo el apoyo del Gobernador o de las autoridades, no, el d\u00eda que se quieran instalar, dec\u00eda un viejecito: \u2018tengo todav\u00eda mi escopeta y si me voy a morir con la contaminaci\u00f3n, me muero de una vez ah\u00ed pero me llevo a uno por delante\u201d.<br \/>\u201cLa gente dice que nom\u00e1s se vengan a instalar y a como podamos, con palos o lo que tengamos vamos a defender nuestra comunidad.\u201d<\/p>\n<p><strong>GRANJAS CARROLL EN LA IRREGULARIDAD<\/strong><br \/>La problem\u00e1tica que seg\u00fan datos afectar\u00eda a m\u00e1s de 60 mil habitantes de Perote y zonas lim\u00edtrofes con otros municipios como San Andr\u00e9s Tlalnehuayocan, Ayahualulco, Altotonga, Jalacingo y Villa Aldama fue constatada y documentada por diputados de la Comisi\u00f3n de Medio Ambiente y Recursos Naturales de la LIX Legislatura de la C\u00e1mara de Diputados del Congreso de la Uni\u00f3n, que realizaron una visita el 22 y el 23 de febrero de 2006 a las instalaciones de Granjas Carroll. <br \/>En el informe publicado en la Gaceta Parlamentaria n\u00famero 1969, del 17 de marzo de 2006, se describe una serie de anomal\u00edas de la empresa, entre las que destacan las siguientes: <br \/>1. Las \u00e1reas de eliminaci\u00f3n de desechos, no est\u00e1n lo suficientemente alejadas de las fuentes de agua. <br \/>2. El agua se extrae indiscriminadamente de los pozos para lavar los residuos. <br \/>3. Las lagunas de tratamiento no cuentan adecuadamente con geomembranas, filtros y fosas de tratamiento biol\u00f3gico. <br \/>4. El aire de la localidad presenta un aumento de amoniaco y otras sustancias debido a que las lagunas de oxidaci\u00f3n son mal llevadas. <br \/>6. Los suelos est\u00e1n totalmente erosionados. <br \/>7. Los olores f\u00e9tidos ponen en entredicho la calidad del aire. <br \/>8. El consumo del agua en las granjas mayor que el de todas las poblaciones de la regi\u00f3n.<\/p>\n<p><strong>VIOLADORES CR\u00d3NICOS DE LAS LEYES FEDERALES Y ESTATALES<\/strong><br \/>De acuerdo con la gaceta Parlamentaria de la C\u00e1mara de Diputados, n\u00famero 2187-II del martes 6 de febrero de 2007, Granjas Carroll de M\u00e9xico, S de RL de CV, con domicilio en Perote Veracruz, inici\u00f3 operaciones en 1994 y anualmente produce alrededor de 800 mil cabezas, con base en un pie de cr\u00eda de 40 mil vientres, lo que la sit\u00faa como una de las tres principales productoras de cerdo en la Rep\u00fablica Mexicana. <br \/>Granjas Carroll es una sociedad formada por las compa\u00f1\u00edas estadounidense Smithfield, el mayor productor de cerdo en Estados Unidos; y Agroindustrias de M\u00e9xico S.A. de CV. <br \/>Antes, en la Gaceta Parlamentaria, a\u00f1o IX, n\u00famero 2012, del martes 23 de mayo de 2006 el diputado federal, Omar Ortega \u00c1lvarez, asent\u00f3 que Granjas Carroll de M\u00e9xico, SRL de CV es socia de la empresa americana Smithfield, la cual ven\u00eda operando en los estados de Virginia y Carolina del Norte, en los Estados Unidos, estados en el que fue objeto de un procedimiento judicial. En el a\u00f1o de 1985 el juez de la Corte de Justicia del Cuarto Circuito de Apelaciones en Estados Unidos impuso a la citada empresa Smithfield, socia de Granjas Carroll, SRL de CV el castigo civil m\u00e1s grande por violaci\u00f3n al Acta del Agua Limpia por $1,285,322 d\u00f3lares por contaminar el r\u00edo Pagan en el estado de Virginia. Fuente: Testimonio de Richard J. Dove. Comit\u00e9 en Asuntos Gubernamentales. Alianza Waterkeeper. Marzo 13,2002. <br \/>En 1996, el gerente de Smithfield y el operador fueron sancionados por falsificar y destruir muestras registradas y por la descarga intencional de agua t\u00f3xica en el r\u00edo Pagan. Estas acciones dieron lugar a una sentencia por 18 meses de prisi\u00f3n y una sanci\u00f3n hist\u00f3rica por $12.6 millones de d\u00f3lares como pena civil impuesta por la corte del distrito en 1997. <br \/>\u201cViolar las leyes ambientales es, como se deduce, un componente ominoso de la producci\u00f3n de cerdos. Registros de las dependencias estatales de los Estados Unidos relativas al medio ambiente, en m\u00e1s de una docena de estados, demuestran que los empresarios de la industria porc\u00edcola, en menci\u00f3n, son violadores cr\u00f3nicos de las leyes federales y estatales\u201d, sentenci\u00f3 en su escrito, el entonces diputado federal.<\/p>\n<p> {0} <br \/> Marcar como le\u00eddo <br \/>Marcar como no le\u00eddo <br \/>Eliminar <br \/>Correo no deseado <br \/>Es correo deseado <br \/>Imprimir <br \/>Ver c\u00f3digo fuente del mensaje <br \/>Este mensaje es demasiado ancho para que se ajuste a la pantalla. Mostrar el mensaje completo  \u00a9 2009 Microsoft Privacidad Legal  Centro de ayuda Cuenta Comentarios<\/p>\n","protected":false},"excerpt":{"rendered":"<p>El fantasma con olor a muerte * Los violadores cr\u00f3nicos de las leyes federales y estatales que hoy asentados en el valle de Perote, ser\u00edan responsables de serios problemas de salud p\u00fablica Evaristo Ortega \/ Perote, Ver. Muy por encima de lo que se ha querido acallar, en el valle de Perote, Granjas Carroll podr\u00eda [&hellip;]<\/p>\n","protected":false},"author":1,"featured_media":0,"comment_status":"open","ping_status":"open","sticky":false,"template":"","format":"standard","meta":{"_jetpack_newsletter_access":"","_jetpack_dont_email_post_to_subs":false,"_jetpack_newsletter_tier_id":0,"_jetpack_memberships_contains_paywalled_content":false,"_jetpack_memberships_contains_paid_content":false,"footnotes":""},"categories":[1],"tags":[],"class_list":["post-8870","post","type-post","status-publish","format-standard","hentry","category-sin-categoria"],"jetpack_featured_media_url":"","jetpack_sharing_enabled":true,"jetpack_shortlink":"https:\/\/wp.me\/p4Qcd3-2j4","_links":{"self":[{"href":"https:\/\/lospoliticosveracruz.com.mx\/index.php?rest_route=\/wp\/v2\/posts\/8870","targetHints":{"allow":["GET"]}}],"collection":[{"href":"https:\/\/lospoliticosveracruz.com.mx\/index.php?rest_route=\/wp\/v2\/posts"}],"about":[{"href":"https:\/\/lospoliticosveracruz.com.mx\/index.php?rest_route=\/wp\/v2\/types\/post"}],"author":[{"embeddable":true,"href":"https:\/\/lospoliticosveracruz.com.mx\/index.php?rest_route=\/wp\/v2\/users\/1"}],"replies":[{"embeddable":true,"href":"https:\/\/lospoliticosveracruz.com.mx\/index.php?rest_route=%2Fwp%2Fv2%2Fcomments&post=8870"}],"version-history":[{"count":0,"href":"https:\/\/lospoliticosveracruz.com.mx\/index.php?rest_route=\/wp\/v2\/posts\/8870\/revisions"}],"wp:attachment":[{"href":"https:\/\/lospoliticosveracruz.com.mx\/index.php?rest_route=%2Fwp%2Fv2%2Fmedia&parent=8870"}],"wp:term":[{"taxonomy":"category","embeddable":true,"href":"https:\/\/lospoliticosveracruz.com.mx\/index.php?rest_route=%2Fwp%2Fv2%2Fcategories&post=8870"},{"taxonomy":"post_tag","embeddable":true,"href":"https:\/\/lospoliticosveracruz.com.mx\/index.php?rest_route=%2Fwp%2Fv2%2Ftags&post=8870"}],"curies":[{"name":"wp","href":"https:\/\/api.w.org\/{rel}","templated":true}]}}