{"id":8877,"date":"2009-04-24T12:44:00","date_gmt":"2009-04-24T12:44:00","guid":{"rendered":"http:\/\/www.lospoliticosveracruz.com.mx\/?p=8877"},"modified":"2014-10-08T19:26:46","modified_gmt":"2014-10-08T19:26:46","slug":"hasta-siempre-lolin","status":"publish","type":"post","link":"https:\/\/lospoliticosveracruz.com.mx\/?p=8877","title":{"rendered":"Hasta siempre \u201cLol\u00edn\u201d"},"content":{"rendered":"<p><strong>Jos\u00e9 Villegas L\u00f3pez<\/strong><br \/><em>Expresi\u00f3n Personal <\/em><\/p>\n<p>A veces la vida nos tiene muchas sorpresas preparadas, muchas son para bien y muchas para mal, esta vez correspondi\u00f3 a mi hermano Teodoro Villegas L\u00f3pez (Lol\u00edn) que fue un extraordinario ser humano; Lo recuerdo cuando comenz\u00f3 a trabajar en los \u201cDiscos Velasco\u201d negocio de venta de discos de 33 revoluciones y 45 revoluciones con artistas que en ese tiempo eran Los Terricolas, Los \u00c1ngeles Negros, Los Freddy\u00b4s, sus \u00cddolos: Rigo Tovar, Acapulco Tropical, Los Joao, entre muchos otros mas, dicho comercio que se ubicaba justo enfrente del Mercado J\u00e1uregui donde creci\u00f3 rodeado de amigas y amigos que d\u00eda con d\u00eda llenaron el espacio de su existencia, siempre bien informado lector asiduo del Diario de Xalapa, desde que laboraba como Betunero en la calle Tamborrel a un costado del mercado, sus revistas del Memin Penguin, Kalim\u00e1n, Novelas del Coraz\u00f3n, Libro Vaquero, Libro Sentimental as\u00ed como los peri\u00f3dicos locales, no le pod\u00edan faltar en su changarrito donde boleaba a todos los clientes de la zona centro, Lolo como le conoc\u00edan en el mercado ah\u00ed donde mi madre ten\u00eda su puesto de venta de pollo destazado, siendo el numero 16, despu\u00e9s de que falleci\u00f3 \u201cCatita\u201d como se llamaba mi madre, lo ocupaba el como centro de operaciones, ah\u00ed  lo buscaban los locatarios del inmueble para pedirle que les hiciera favores como son: env\u00edo de coronas, arreglos florales, entrega de pollo en los restaurantes, siempre servicial y atento con la gente, siempre cuando nos ve\u00edamos exclamaba: \u201c\u00a1Carnalito\u201d siempre orgullo de m\u00ed, v\u00edctima de un infarto al miocardio, se nos adelant\u00f3 en este viaje al mas all\u00e1, donde sin duda se ha encontrado con Catalina L\u00f3pez Carballo y \u00c1ngel Villegas Gonz\u00e1lez, quienes fueron los que nos dieron vida, ah\u00ed por fin se encontr\u00f3 con \u201cPanchito\u201d mi hermano el mayor de todos, fallecido siendo ni\u00f1o; Hermano donde quiera que te encuentres rezaremos por ti, ve en paz que la paz espiritual de todos tus hermanos, de tu hijo Mario Villegas Hern\u00e1ndez, sobrinos, nietos y todos tus amigos que te queremos sabemos que ahora nos cuidas desde el lugar en donde te encuentras, yo siempre he dicho que te fuiste como \u201cAvanzada\u201d para checar bien como, quien y en donde nos recibir\u00e1n cuando llegue el momento de partir al llamado de Dios.<br \/>Quiero desde este espacio agradecer a todos los que me acompa\u00f1aron en estos momentos de dolor, quiero mencionar entre ellos al mismo Gobernador Fidel Herrera Beltr\u00e1n quien como siempre generoso, me brind\u00f3 su respaldo y apoyo total, Lic. Hugo Vega Morales, Lic. Marcelino Caicero Gonz\u00e1lez, Dr. Javier Duarte de Ochoa, Lic. Arturo Berm\u00fadez Zurita, Lic. Enrique Mu\u00f1oz S\u00e1nchez, Lic. Karla Estrada G\u00f3mez, Profr. Francisco Villa B\u00e1ez, Lic. Julio Cesar Cerecedo Aguilar, Lic. Gerardo Perdomo Cueto, Salvador Mu\u00f1oz, Claudia Guerrero Mart\u00ednez, Blanca E. Arg\u00fcelles Cervantes, \u00c1ticcus Licona, Miguel C\u00e1rdenas, Mario Jes\u00fas Hern\u00e1ndez P\u00e9rez, Miguel Landa Pe\u00f1a e Itzel Landa Hern\u00e1ndez, Timoteo Solano Hern\u00e1ndez, as\u00ed como todos mis amigos que estuvieron presentes gracias\u2026reitero mi gratitud perenne.<\/p>\n<p>Comentarios y sugerencias: expresionpersonal@hotmail.com <br \/>Celular: 0442281341440.<\/p>\n<p>M\u00e1s informaci\u00f3n: <a href=\"http:\/\/www.grupoacontecer.com\/\">http:\/\/www.grupoacontecer.com<\/a><\/p>\n","protected":false},"excerpt":{"rendered":"<p>Jos\u00e9 Villegas L\u00f3pezExpresi\u00f3n Personal A veces la vida nos tiene muchas sorpresas preparadas, muchas son para bien y muchas para mal, esta vez correspondi\u00f3 a mi hermano Teodoro Villegas L\u00f3pez (Lol\u00edn) que fue un extraordinario ser humano; Lo recuerdo cuando comenz\u00f3 a trabajar en los \u201cDiscos Velasco\u201d negocio de venta de discos de 33 revoluciones [&hellip;]<\/p>\n","protected":false},"author":1,"featured_media":0,"comment_status":"open","ping_status":"open","sticky":false,"template":"","format":"standard","meta":{"_jetpack_newsletter_access":"","_jetpack_dont_email_post_to_subs":false,"_jetpack_newsletter_tier_id":0,"_jetpack_memberships_contains_paywalled_content":false,"_jetpack_memberships_contains_paid_content":false,"footnotes":""},"categories":[1],"tags":[],"class_list":["post-8877","post","type-post","status-publish","format-standard","hentry","category-sin-categoria"],"jetpack_featured_media_url":"","jetpack_sharing_enabled":true,"jetpack_shortlink":"https:\/\/wp.me\/p4Qcd3-2jb","_links":{"self":[{"href":"https:\/\/lospoliticosveracruz.com.mx\/index.php?rest_route=\/wp\/v2\/posts\/8877","targetHints":{"allow":["GET"]}}],"collection":[{"href":"https:\/\/lospoliticosveracruz.com.mx\/index.php?rest_route=\/wp\/v2\/posts"}],"about":[{"href":"https:\/\/lospoliticosveracruz.com.mx\/index.php?rest_route=\/wp\/v2\/types\/post"}],"author":[{"embeddable":true,"href":"https:\/\/lospoliticosveracruz.com.mx\/index.php?rest_route=\/wp\/v2\/users\/1"}],"replies":[{"embeddable":true,"href":"https:\/\/lospoliticosveracruz.com.mx\/index.php?rest_route=%2Fwp%2Fv2%2Fcomments&post=8877"}],"version-history":[{"count":0,"href":"https:\/\/lospoliticosveracruz.com.mx\/index.php?rest_route=\/wp\/v2\/posts\/8877\/revisions"}],"wp:attachment":[{"href":"https:\/\/lospoliticosveracruz.com.mx\/index.php?rest_route=%2Fwp%2Fv2%2Fmedia&parent=8877"}],"wp:term":[{"taxonomy":"category","embeddable":true,"href":"https:\/\/lospoliticosveracruz.com.mx\/index.php?rest_route=%2Fwp%2Fv2%2Fcategories&post=8877"},{"taxonomy":"post_tag","embeddable":true,"href":"https:\/\/lospoliticosveracruz.com.mx\/index.php?rest_route=%2Fwp%2Fv2%2Ftags&post=8877"}],"curies":[{"name":"wp","href":"https:\/\/api.w.org\/{rel}","templated":true}]}}