{"id":8878,"date":"2009-04-23T23:19:00","date_gmt":"2009-04-23T23:19:00","guid":{"rendered":"http:\/\/www.lospoliticosveracruz.com.mx\/?p=8878"},"modified":"2014-10-08T19:26:47","modified_gmt":"2014-10-08T19:26:47","slug":"iglesia-y-pederastia","status":"publish","type":"post","link":"https:\/\/lospoliticosveracruz.com.mx\/?p=8878","title":{"rendered":"Iglesia y Pederastia"},"content":{"rendered":"<p><strong>Salvador Mu\u00f1oz<\/strong><br \/><em>Los Pol\u00edticos<\/em><\/p>\n<p>Muchos recuerdan sus palabras ahora: \u201cSi algo me llegara a pasar, s\u00e9 que me van a extra\u00f1ar\u201d.<br \/>De hablar desparpajado, directo, demasiado extrovertido. En algunos causaba buena impresi\u00f3n; en otros, como molestia.<br \/>Ahora, despu\u00e9s de haber celebrado esa misa de S\u00e1bado de Gloria donde pronunci\u00f3 esas palabras (\u201cSi algo me llegara a pasar, s\u00e9 que me van a extra\u00f1ar\u201d), algunos piensan que ya sab\u00eda lo que iba a ocurrir\u2026 lo present\u00eda.<br \/>Rafael Mu\u00f1iz L\u00f3pez, el sacerdote de la parroquia de San Pedro Ap\u00f3stol, era estudiante del \u00e1rea de Humanidades, cursando el sexto semestre en la facultad de Historia.<br \/>Tanto entre compa\u00f1eros de la universidad como de algunos parroquianos, extra\u00f1aba verlo descender de veh\u00edculos que ellos llaman de lujo, entre los que destacan Jetta, Bora y algunos dicen que camionetas.<br \/>Los vecinos de la calle Pablo Casals de la colonia Federal est\u00e1n indignados. Se entiende.<br \/>La figura del sacerdote, en muchos sectores, sigue vi\u00e9ndose inmaculada\u2026 sin mancha.<br \/>Sin embargo, poco ayuda la Conferencia del Episcopado Mexicano decir que estos casos \u201cayudan a ver a los sacerdotes m\u00e1s humanos\u201d.<br \/>Ya en anterior ocasi\u00f3n hablamos del esc\u00e1ndalo en que est\u00e1n envueltos en este momento sacerdotes de todos lados: Paraguay (bueno, ya no es), Durango, Xalapa y Boca del R\u00edo.<br \/>S\u00ed\u2026 creo que la mayor\u00eda de los feligreses ya no se tragan el cuento de que los sacerdotes son los intermediarios entre Dios y nosotros.<br \/>Tambi\u00e9n entendemos que tienen las debilidades propias de la carne (y no me refiero a la flacidez o celulitis). Sienten, tienen ganas y lo peor del caso: \u00a1Se las aguantan!<br \/>Se comprende a un sacerdote que se enamore de una mujer, que la corteje, incluso, que vaya a un prost\u00edbulo a \u201csaciar sus bajos instintos\u201d.<br \/>Recordemos al tristemente c\u00e9lebre padre \u00c1ngel Castillo L\u00f3pez, que de tanto vino de consagrar, subi\u00f3 a su camioneta Honda (\u00bfy la sencillez y humildad?) sali\u00f3 al bulevar de la zona conurbada de Veracruz-Boca del R\u00edo, vio a una dama y como est\u00e1 acostumbrado a comer del cuerpo del Se\u00f1or, dijo: \u00bfPor qu\u00e9 no del cuerpo de esta se\u00f1ora? Lamentablemente fue detenido por la polic\u00eda ante los se\u00f1alamientos de la ramisa, que si bien, para eso est\u00e1, no da cr\u00e9dito, limosna y mucho menos diezmo.<br \/>Lo que no se entiende, es a un sacerdote involucrado en pornograf\u00eda infantil donde se citan a ni\u00f1os de cero edad a 10 a\u00f1os. Habr\u00e1 que ver el desarrollo de este caso.<br \/>Hoy, circula por la Internet, una carta, seg\u00fan del Episcopado, pidiendo una plegaria por monse\u00f1or H\u00e9ctor Gonz\u00e1lez Mart\u00ednez, el que le puso el dedo al \u201cChapo\u201d, bueno, m\u00e1s bien dio la direcci\u00f3n de su casa, para que Dios lo proteja porque Gobernaci\u00f3n, como Pilatos, \u00a1ya se lav\u00f3 las manos!<br \/>Yo propongo otra\u2026<br \/>\u00a1Hagamos una plegaria por los ni\u00f1os que han sido ultrajados por los sacerdotes!<br \/>Padre nuestro que est\u00e1s en el cielo\u2026<br \/><a href=\"http:\/\/www.lospoliticosveracruz.com.mx\/wp-content\/uploads\/2009\/04\/Erwin.jpg\"><img decoding=\"async\" style=\"display:block; margin:0px auto 10px; text-align:center;cursor:pointer; cursor:hand;width: 400px; height: 326px;\" src=\"http:\/\/www.lospoliticosveracruz.com.mx\/wp-content\/uploads\/2009\/04\/Erwin-300x244.jpg\" border=\"0\" alt=\"\"id=\"BLOGGER_PHOTO_ID_5328030917071455314\" \/><\/a><\/p>\n","protected":false},"excerpt":{"rendered":"<p>Salvador Mu\u00f1ozLos Pol\u00edticos Muchos recuerdan sus palabras ahora: \u201cSi algo me llegara a pasar, s\u00e9 que me van a extra\u00f1ar\u201d.De hablar desparpajado, directo, demasiado extrovertido. En algunos causaba buena impresi\u00f3n; en otros, como molestia.Ahora, despu\u00e9s de haber celebrado esa misa de S\u00e1bado de Gloria donde pronunci\u00f3 esas palabras (\u201cSi algo me llegara a pasar, s\u00e9 [&hellip;]<\/p>\n","protected":false},"author":1,"featured_media":0,"comment_status":"open","ping_status":"open","sticky":false,"template":"","format":"standard","meta":{"_jetpack_newsletter_access":"","_jetpack_dont_email_post_to_subs":false,"_jetpack_newsletter_tier_id":0,"_jetpack_memberships_contains_paywalled_content":false,"_jetpack_memberships_contains_paid_content":false,"footnotes":""},"categories":[1],"tags":[],"class_list":["post-8878","post","type-post","status-publish","format-standard","hentry","category-sin-categoria"],"jetpack_featured_media_url":"","jetpack_sharing_enabled":true,"jetpack_shortlink":"https:\/\/wp.me\/p4Qcd3-2jc","_links":{"self":[{"href":"https:\/\/lospoliticosveracruz.com.mx\/index.php?rest_route=\/wp\/v2\/posts\/8878","targetHints":{"allow":["GET"]}}],"collection":[{"href":"https:\/\/lospoliticosveracruz.com.mx\/index.php?rest_route=\/wp\/v2\/posts"}],"about":[{"href":"https:\/\/lospoliticosveracruz.com.mx\/index.php?rest_route=\/wp\/v2\/types\/post"}],"author":[{"embeddable":true,"href":"https:\/\/lospoliticosveracruz.com.mx\/index.php?rest_route=\/wp\/v2\/users\/1"}],"replies":[{"embeddable":true,"href":"https:\/\/lospoliticosveracruz.com.mx\/index.php?rest_route=%2Fwp%2Fv2%2Fcomments&post=8878"}],"version-history":[{"count":0,"href":"https:\/\/lospoliticosveracruz.com.mx\/index.php?rest_route=\/wp\/v2\/posts\/8878\/revisions"}],"wp:attachment":[{"href":"https:\/\/lospoliticosveracruz.com.mx\/index.php?rest_route=%2Fwp%2Fv2%2Fmedia&parent=8878"}],"wp:term":[{"taxonomy":"category","embeddable":true,"href":"https:\/\/lospoliticosveracruz.com.mx\/index.php?rest_route=%2Fwp%2Fv2%2Fcategories&post=8878"},{"taxonomy":"post_tag","embeddable":true,"href":"https:\/\/lospoliticosveracruz.com.mx\/index.php?rest_route=%2Fwp%2Fv2%2Ftags&post=8878"}],"curies":[{"name":"wp","href":"https:\/\/api.w.org\/{rel}","templated":true}]}}