{"id":8888,"date":"2009-04-20T16:06:00","date_gmt":"2009-04-20T16:06:00","guid":{"rendered":"http:\/\/www.lospoliticosveracruz.com.mx\/?p=8888"},"modified":"2014-10-08T19:26:49","modified_gmt":"2014-10-08T19:26:49","slug":"politicos-genios-a-la-mexicana","status":"publish","type":"post","link":"https:\/\/lospoliticosveracruz.com.mx\/?p=8888","title":{"rendered":"Pol\u00edticos genios a la mexicana"},"content":{"rendered":"<p><strong>Jorge Arturo Rodr\u00edguez<\/strong><br \/><em>Tierra de Babel<\/em><\/p>\n<p>Como en el f\u00fatbol mexicano, tal pareciera que nuestra pol\u00edtica va como el cangrejo, pa\u2019 tr\u00e1s y ni siquiera un paso pa\u2019 delante, pero lo peor es que nosotros los espectadores seguimos creyendo y, fans tontos que somos, asistimos cada semana a verlos dizque a jugar, porque m\u00e1s bien hacen como que juegan \u2013total, reciben sus jugosos pagos-, y en todo caso realizan sus jugarretas hasta que cuando ya no pueden, pasan el bal\u00f3n al otro, que no al compa\u00f1ero, pa\u2019 que \u00e9ste contin\u00fae la mala acci\u00f3n que termina en un gol de campo o, lo peor, en un autogol. Porque ni siquiera hay un juego en equipo -\u00bfqu\u00e9 es eso?-; cada quien que se rasque donde quiera y como quiera. Ah, pero eso s\u00ed, la ultima y nos vamos, ah\u00ed s\u00ed estamos todos contentos y somos amigos, con tal que nosotros s\u00ed seamos felices y los otros que se chinguen.<br \/>Vaya que as\u00ed es M\u00e9xico. Pol\u00edtica y f\u00fatbol. \u00a1Qu\u00e9 delicia! Basta s\u00f3lo con que observe tantito y ver\u00e1, dijo el tuerto al ciego. Si hasta tenemos jugadores y pol\u00edticos de primera l\u00ednea, tanto mexicanos como tra\u00eddos de otros pa\u00edses, nacionalizados y con todo su bagaje de idiosincrasia que muchas veces nos hacen recordar lo que somos: indios patarrajadas, ignorantes y buena gente \u2013por no decir otra cosa-.<br \/>En fin, es el caso de Eriksson que fue calificado por el blog brit\u00e1nico worldcupblog.com como un genio, \u201cal haber obtenido una cuantiosa compensaci\u00f3n econ\u00f3mica tras ser despedido como t\u00e9cnico de la Selecci\u00f3n Mexicana\u201d. (El Universal\/3 de abril\/09). \u00bfY qu\u00e9 hizo durante el tiempo que fue entrenador de los Ratones Verdes? Pos no m\u00e1s ganar dinero, como nuestros pol\u00edticos mexicanos, \u00bfo no?<br \/>El c\u00ednico Ericsson se llev\u00f3 nada menos que 100 millones de pesos que incluyen salarios y su liquidaci\u00f3n, seg\u00fan la revista deportiva \u201cR\u00e9cord\u201d. \u00a1Qu\u00e9 requetebi\u00e9n! Y nosotros, sin chistar, que se lleven todo, total, todav\u00eda tenemos pa\u2019 rato, pero que sigan entreteni\u00e9ndonos y burl\u00e1ndose de nosotros. Pos eso nos gusta: pan y circo, f\u00fatbol y mentiras. Que hagan lo que quieran, pero que no nos dejen\u2026a nuestra suerte maldita de no saber qu\u00e9 madres hacer por apachurrados que somos.<br \/>Para no ir tan lejos, que haya quedado finalmente la nueva refiner\u00eda en Tula, Hidalgo, fue un lindo juego que termin\u00f3 a favor \u00bfde qui\u00e9n?, \u00bfde qu\u00e9 t\u00e9cnico o constructora extranjera? \u00bfQu\u00e9 manos se llenar\u00e1n de baloncitos millonarios? A nosotros que s\u00f3lo nos dejen migajas.<br \/>F\u00fatbol y pol\u00edtica c\u00ednica a la mexicana, porque aqu\u00ed se sabe el precio de todo y el valor de nada, parafraseando a Oscar Wilde; porque el hombre c\u00ednico cuando huele flores, busca un ata\u00fad alrededor, dijera Henry-Louis Mencken. Por eso quiz\u00e1s un servidor odia el cinismo m\u00e1s que al diablo, a menos que ambos sean la misma cosa, brome\u00f3 Stevenson.<br \/>Despierta, mexicano g\u00fcev\u00f3n<br \/>Pos ojal\u00e1 nosotros los espectadores al menos digamos algo y ya no estemos tan apachurrados, dejemos de ser conformistas y pusil\u00e1nimes. Como los volcanes, eso debemos hacer los mexicanos, despertar, afirm\u00f3 alguna vez mi Chavela Vargas que este 17 de abril cumple noventa a\u00f1os de edad.<br \/>La Chavelonga expresa: \u201cLo que est\u00e1 sosteniendo a M\u00e9xico son sus indios, su gente fuerte. Y sus dioses est\u00e1n pendientes, van a volver a reinar, f\u00edjate que as\u00ed va a ser. El gigante dormido va a despertar. Volver\u00e1n a reinar los grandes, los justos, los hombres de verdad. Lo que empobrece al pa\u00eds, lo que hace a su sociedad conservadora e hip\u00f3crita, es la p\u00e9rdida de identidad. El saludo ind\u00edgena que te pregunta \u00bfc\u00f3mo est\u00e1 tu coraz\u00f3n hoy? se est\u00e1 perdiendo. Ahora te dicen, \u00bfqu\u00e9 pas\u00f3 g\u00fcey?\u00bb. (La Jornada\/8 de junio\/07). No pos s\u00ed, mi Chavelita, pero a veces hay que decirle al mexicano que despierte el g\u00fcev\u00f3n.<\/p>\n<p><strong>De cinismo y anexas<\/strong><\/p>\n<p>* Ya que tenemos artistas y deportistas \u201cmamando\u201d de la pol\u00edtica \u2013m\u00e1s bien de los recursos p\u00fablicos-, lo menos que podemos exigir es que nuestros pol\u00edticos le entren a la cantada y el deporte. Total, vendr\u00eda a ser lo mismo: estar\u00edamos representados por genios a la mexicana. Digo, por lo sabihondo  que nos roban.<\/p>\n","protected":false},"excerpt":{"rendered":"<p>Jorge Arturo Rodr\u00edguezTierra de Babel Como en el f\u00fatbol mexicano, tal pareciera que nuestra pol\u00edtica va como el cangrejo, pa\u2019 tr\u00e1s y ni siquiera un paso pa\u2019 delante, pero lo peor es que nosotros los espectadores seguimos creyendo y, fans tontos que somos, asistimos cada semana a verlos dizque a jugar, porque m\u00e1s bien hacen [&hellip;]<\/p>\n","protected":false},"author":1,"featured_media":0,"comment_status":"open","ping_status":"open","sticky":false,"template":"","format":"standard","meta":{"_jetpack_newsletter_access":"","_jetpack_dont_email_post_to_subs":false,"_jetpack_newsletter_tier_id":0,"_jetpack_memberships_contains_paywalled_content":false,"_jetpack_memberships_contains_paid_content":false,"footnotes":""},"categories":[1],"tags":[],"class_list":["post-8888","post","type-post","status-publish","format-standard","hentry","category-sin-categoria"],"jetpack_featured_media_url":"","jetpack_sharing_enabled":true,"jetpack_shortlink":"https:\/\/wp.me\/p4Qcd3-2jm","_links":{"self":[{"href":"https:\/\/lospoliticosveracruz.com.mx\/index.php?rest_route=\/wp\/v2\/posts\/8888","targetHints":{"allow":["GET"]}}],"collection":[{"href":"https:\/\/lospoliticosveracruz.com.mx\/index.php?rest_route=\/wp\/v2\/posts"}],"about":[{"href":"https:\/\/lospoliticosveracruz.com.mx\/index.php?rest_route=\/wp\/v2\/types\/post"}],"author":[{"embeddable":true,"href":"https:\/\/lospoliticosveracruz.com.mx\/index.php?rest_route=\/wp\/v2\/users\/1"}],"replies":[{"embeddable":true,"href":"https:\/\/lospoliticosveracruz.com.mx\/index.php?rest_route=%2Fwp%2Fv2%2Fcomments&post=8888"}],"version-history":[{"count":0,"href":"https:\/\/lospoliticosveracruz.com.mx\/index.php?rest_route=\/wp\/v2\/posts\/8888\/revisions"}],"wp:attachment":[{"href":"https:\/\/lospoliticosveracruz.com.mx\/index.php?rest_route=%2Fwp%2Fv2%2Fmedia&parent=8888"}],"wp:term":[{"taxonomy":"category","embeddable":true,"href":"https:\/\/lospoliticosveracruz.com.mx\/index.php?rest_route=%2Fwp%2Fv2%2Fcategories&post=8888"},{"taxonomy":"post_tag","embeddable":true,"href":"https:\/\/lospoliticosveracruz.com.mx\/index.php?rest_route=%2Fwp%2Fv2%2Ftags&post=8888"}],"curies":[{"name":"wp","href":"https:\/\/api.w.org\/{rel}","templated":true}]}}