{"id":88886,"date":"2022-04-21T09:09:15","date_gmt":"2022-04-21T14:09:15","guid":{"rendered":"https:\/\/lospoliticosveracruz.com.mx\/?p=88886"},"modified":"2022-04-21T09:09:23","modified_gmt":"2022-04-21T14:09:23","slug":"traidores-a-la-patria-pira-u-horca","status":"publish","type":"post","link":"https:\/\/lospoliticosveracruz.com.mx\/?p=88886","title":{"rendered":"Traidores a la Patria: Pira u Horca"},"content":{"rendered":"\n<p><\/p>\n\n\n\n<p><br><strong>Uriel Flores Aguayo<\/strong><\/p>\n\n\n\n<p>La expresi\u00f3n patria es poco, casi nada, utilizada en el leguaje com\u00fan de la sociedad; no forma parte del habla cotidiano de la gente. Es m\u00e1s recurrente en los actos c\u00edvicos, los calendarios oficiales y los discursos pol\u00edticos; a\u00fan en estos \u00faltimos ya es escaso su uso, suena algo forzado y ret\u00f3rico. En el actual contexto pol\u00edtico ha aparecido con algo de fuerza y mucha solemnidad. Sin embargo, por m\u00e1s que se acent\u00fae su destino es el vac\u00edo; no se observa una genuina apropiaci\u00f3n popular del t\u00e9rmino. En el discurso oficial, a imagen y semejanza del Presidente, se ha vuelto un t\u00e9rmino usual, grandilocuente. Especialmente ahora que no fue aprobada la reforma el\u00e9ctrica. A las y los diputados que no votaron a favor inmediatamente se les catalog\u00f3 como traidores a la patria. En el debate legislativo fue utilizada esa acusaci\u00f3n por encima de los datos t\u00e9cnicos y financieros que supone una deliberaci\u00f3n sobre una industria. Siguiendo el guion autoritario se abusa de una descalificaci\u00f3n de alto volumen para ahorrarse di\u00e1logo y debate. Es un recurso de la intolerancia. Hace falta a sus autores mucha educaci\u00f3n, formaci\u00f3n c\u00edvica, respeto, honestidad intelectual y compromiso democr\u00e1tico. Pensar o votar distinto a una mayor\u00eda, o del tama\u00f1o que sea, no es traici\u00f3n de antemano; puede tener muchas explicaciones, en democracia deben verse con absoluta normalidad.<\/p>\n\n\n\n<p>Hablar de traidores nos coloca en terrenos de ilegalidad, como para perseguir a esos malos mexicanos, si existieran. En cierto sentido se les est\u00e1 negando su calidad ciudadana de nacionales, como si fueran extranjeros en su pa\u00eds. Tales expresiones y campa\u00f1as significan un descenso en el nivel de nuestra convivencia democr\u00e1tica. Es peligroso que sea tomado como una convocatoria a perseguirlos, pasar de las palabras a las acciones correctivas: a los traidores se les fusila. No es juego, aunque lo parezca, no es gracioso que Legisladores y dirigentes partidarios, que juegan o deben jugar un papel en la democracia, se comporten de manera primitiva y cuasi criminal. En esencia estamos ante un desliz de corte fascista, esto es, de un impulso al totalitarismo. Es un momento grave y l\u00edmite, de definiciones esenciales. Todas las reservas institucionales y sociales deben ponerse en juego para detener a tiempo estas acciones pol\u00edticas. No debemos permitir que el cancer del fascismo avance en nuestro cuerpo nacional. Ojal\u00e1 en el bloque gobernante los dem\u00f3cratas e izquierdistas que queden se empiecen a deslindar de estas provocaciones. Mucho di\u00e1logo, muchas ideas y bastantes acciones propositivas son el ant\u00eddoto contra los excesos del poder. De alguna manera no deja de ser una oportunidad para aclarar las posturas de los partidos pol\u00edticos y su compromiso democr\u00e1tico. Para la ciudadan\u00eda igualmente es una oportunidad de conocer y defender causas justas, un mucho mejor ambiente pol\u00edtico y la confianza en un futuro inmediato pacifico, decente y com\u00fan.<\/p>\n\n\n\n<p>En lo local la imprudencia va en el viaje y comparsa autoritaria. Desfigurando sus funciones varias autoridades ejecutivas y legislativas emiten posturas de corte partidario. Tienen un vergonzoso comportamiento: desfiguran investiduras y mal utilizan recursos p\u00fablicos. Omiten que son servidores p\u00fablicos y se convierten en simples activistas pol\u00edticos. Son un reflejo de la calidad gubernamental. Igual que los linchadores nacionales hacen como que juegan, como en broma. Por supuesto que no lo es. Esos peligrosos llamados a juzgar como traidores a la patria a quienes no piensen o se subordinen al poder deben revertirse a sus autores en formas de sanci\u00f3n moral, social y electoral .<\/p>\n\n\n\n<p>Recadito: SOS al Ayuntamiento en seguridad y tr\u00e1nsito.<br>Ufa.1959@gmail.com<\/p>\n","protected":false},"excerpt":{"rendered":"<p>Uriel Flores Aguayo La expresi\u00f3n patria es poco, casi nada, utilizada en el leguaje com\u00fan de la sociedad; no forma parte del habla cotidiano de la gente. Es m\u00e1s recurrente en los actos c\u00edvicos, los calendarios oficiales y los discursos pol\u00edticos; a\u00fan en estos \u00faltimos ya es escaso su uso, suena algo forzado y ret\u00f3rico. [&hellip;]<\/p>\n","protected":false},"author":2,"featured_media":0,"comment_status":"closed","ping_status":"closed","sticky":false,"template":"","format":"standard","meta":{"_jetpack_newsletter_access":"","_jetpack_dont_email_post_to_subs":false,"_jetpack_newsletter_tier_id":0,"_jetpack_memberships_contains_paywalled_content":false,"_jetpack_memberships_contains_paid_content":false,"footnotes":""},"categories":[70],"tags":[1026,26326,32935,2552,96],"class_list":["post-88886","post","type-post","status-publish","format-standard","hentry","category-de-opinion","tag-morena","tag-reforma-electrica","tag-traicion-a-la-patria","tag-uriel-flores-aguayo","tag-xalapa"],"jetpack_featured_media_url":"","jetpack_sharing_enabled":true,"jetpack_shortlink":"https:\/\/wp.me\/p4Qcd3-n7E","_links":{"self":[{"href":"https:\/\/lospoliticosveracruz.com.mx\/index.php?rest_route=\/wp\/v2\/posts\/88886","targetHints":{"allow":["GET"]}}],"collection":[{"href":"https:\/\/lospoliticosveracruz.com.mx\/index.php?rest_route=\/wp\/v2\/posts"}],"about":[{"href":"https:\/\/lospoliticosveracruz.com.mx\/index.php?rest_route=\/wp\/v2\/types\/post"}],"author":[{"embeddable":true,"href":"https:\/\/lospoliticosveracruz.com.mx\/index.php?rest_route=\/wp\/v2\/users\/2"}],"replies":[{"embeddable":true,"href":"https:\/\/lospoliticosveracruz.com.mx\/index.php?rest_route=%2Fwp%2Fv2%2Fcomments&post=88886"}],"version-history":[{"count":1,"href":"https:\/\/lospoliticosveracruz.com.mx\/index.php?rest_route=\/wp\/v2\/posts\/88886\/revisions"}],"predecessor-version":[{"id":88888,"href":"https:\/\/lospoliticosveracruz.com.mx\/index.php?rest_route=\/wp\/v2\/posts\/88886\/revisions\/88888"}],"wp:attachment":[{"href":"https:\/\/lospoliticosveracruz.com.mx\/index.php?rest_route=%2Fwp%2Fv2%2Fmedia&parent=88886"}],"wp:term":[{"taxonomy":"category","embeddable":true,"href":"https:\/\/lospoliticosveracruz.com.mx\/index.php?rest_route=%2Fwp%2Fv2%2Fcategories&post=88886"},{"taxonomy":"post_tag","embeddable":true,"href":"https:\/\/lospoliticosveracruz.com.mx\/index.php?rest_route=%2Fwp%2Fv2%2Ftags&post=88886"}],"curies":[{"name":"wp","href":"https:\/\/api.w.org\/{rel}","templated":true}]}}