{"id":88889,"date":"2022-04-21T10:09:59","date_gmt":"2022-04-21T15:09:59","guid":{"rendered":"https:\/\/lospoliticosveracruz.com.mx\/?p=88889"},"modified":"2022-04-21T10:10:07","modified_gmt":"2022-04-21T15:10:07","slug":"traidores-a-la-patria-1","status":"publish","type":"post","link":"https:\/\/lospoliticosveracruz.com.mx\/?p=88889","title":{"rendered":"Traidores a la patria \/1"},"content":{"rendered":"\n<p><strong>Sergio Gonz\u00e1lez Levet<\/strong><\/p>\n\n\n\n<p><em>Sin tacto<\/em><\/p>\n\n\n\n<p>En los a\u00f1os posteriores al Movimiento del 68, muchos de los afines pusieron de moda tildar de \u201cfascista\u201d a cualquier persona que no fuera pol\u00edticamente correcta o cometiera un error de apreciaci\u00f3n sobre los nuevos tiempos que corr\u00edan.<br>\u200bCon el echeverriato, el discurso oficial cambi\u00f3 radicalmente y pas\u00f3 del furibundo anticomunismo rampante en el Gobierno de Gustavo D\u00edaz Ordaz a un anti-imperialismo que se nutr\u00eda de muchos contenidos de la izquierda, por lo general mal enunciados desde la superficial formaci\u00f3n marxista que populariz\u00f3 (el t\u00e9rmino no es aleatorio) la chilena Martha Harneker, en particular con su libro Los conceptos elementales del materialismo hist\u00f3rico.<br>\u200bPara los izquierdistas y sobre todo para los izquierdosos de los a\u00f1os 70 del siglo pasado, cualquier persona era acusada de fascista a la menor provocaci\u00f3n: eran tales los que hab\u00edan sido funcionarios del gobierno de D\u00edaz Ordaz -con la excepci\u00f3n obvia de Luis Echeverr\u00eda \u00c1lvarez, que pas\u00f3 de ser un impetuoso y leal Secretario de Gobernaci\u00f3n a un Presidente muy cr\u00edtico con su antecesor-, pero tambi\u00e9n cab\u00edan en esa definici\u00f3n los empresarios, los miembros del PAN -el \u00fanico partido opositor que exist\u00eda-, los maestros que reprobaban a sus alumnos y hasta las gr\u00e1ciles muchachas que no hac\u00edan caso a los galanes.<br>\u200bEl t\u00e9rmino era fuerte en los primeros a\u00f1os del sexenio, pero se fue adelgazando con el uso continuado y acab\u00f3 por perder su fuerza denostadora. A mediados de los 70, ya era acusado de fascista cualquiera: que si el mesero se tardaba en servir la sopa, era un fascista; que si el bolero no dejaba totalmente limpios los zapatos, era un fascista; que si el tamarindo nos deten\u00eda por haber cometido alguna infracci\u00f3n, era un fascista.<br>\u200bLo opuesto y encontrado era ser un revolucionario. Y se consideraban as\u00ed los j\u00f3venes jilgueros que fue coptando el candidato Echeverr\u00eda, quienes empezaron a incluir en sus discursos m\u00e1s tronantes palabras y frases como \u201cburgues\u00eda\u201d, \u201cinfraestructura\u201d, \u201cplusval\u00eda\u201d, \u201cimperialismo\u201d, \u201cdictadura del proletariado\u201d.<br>\u200bCuento como an\u00e9cdota lo que le grit\u00f3 un joven harnekeriano al cantante de protesta Jos\u00e9 de Molina all\u00e1 por 1972, durante un concierto popular que estaba dando el m\u00fasico en un centro comercial de Aguascalientes, cuando un polic\u00eda auxiliar se acerc\u00f3 subrepticiamente y desconect\u00f3 el cable que hab\u00eda enchufado sin permiso y sin pagar, para que su guitarra el\u00e9ctrica y su bocina hicieran escuchar su canto a la peque\u00f1a muchedumbre que se hab\u00eda congregado:<br>\u200b\u201cJos\u00e9, Jos\u00e9,\u201d -llam\u00f3 la atenci\u00f3n del cantante y acus\u00f3 a la autoridad- \u201c\u00a1este esbirro del imperialismo yanqui acaba de cometer un atentado contra la infraestructura popular!\u201d<\/p>\n\n\n\n<p>sglevet@gmail.com<\/p>\n","protected":false},"excerpt":{"rendered":"<p>Sergio Gonz\u00e1lez Levet Sin tacto En los a\u00f1os posteriores al Movimiento del 68, muchos de los afines pusieron de moda tildar de \u201cfascista\u201d a cualquier persona que no fuera pol\u00edticamente correcta o cometiera un error de apreciaci\u00f3n sobre los nuevos tiempos que corr\u00edan.\u200bCon el echeverriato, el discurso oficial cambi\u00f3 radicalmente y pas\u00f3 del furibundo anticomunismo [&hellip;]<\/p>\n","protected":false},"author":2,"featured_media":0,"comment_status":"closed","ping_status":"closed","sticky":false,"template":"","format":"standard","meta":{"_jetpack_newsletter_access":"","_jetpack_dont_email_post_to_subs":false,"_jetpack_newsletter_tier_id":0,"_jetpack_memberships_contains_paywalled_content":false,"_jetpack_memberships_contains_paid_content":false,"footnotes":""},"categories":[70],"tags":[2906,15459,1026,22034,1282,32936],"class_list":["post-88889","post","type-post","status-publish","format-standard","hentry","category-de-opinion","tag-gustavo-diaz-ordaz","tag-luis-echeverria-alvarez","tag-morena","tag-movimiento-del-68","tag-sergio-gonzalez-levet","tag-traidores-a-la-patria"],"jetpack_featured_media_url":"","jetpack_sharing_enabled":true,"jetpack_shortlink":"https:\/\/wp.me\/p4Qcd3-n7H","_links":{"self":[{"href":"https:\/\/lospoliticosveracruz.com.mx\/index.php?rest_route=\/wp\/v2\/posts\/88889","targetHints":{"allow":["GET"]}}],"collection":[{"href":"https:\/\/lospoliticosveracruz.com.mx\/index.php?rest_route=\/wp\/v2\/posts"}],"about":[{"href":"https:\/\/lospoliticosveracruz.com.mx\/index.php?rest_route=\/wp\/v2\/types\/post"}],"author":[{"embeddable":true,"href":"https:\/\/lospoliticosveracruz.com.mx\/index.php?rest_route=\/wp\/v2\/users\/2"}],"replies":[{"embeddable":true,"href":"https:\/\/lospoliticosveracruz.com.mx\/index.php?rest_route=%2Fwp%2Fv2%2Fcomments&post=88889"}],"version-history":[{"count":1,"href":"https:\/\/lospoliticosveracruz.com.mx\/index.php?rest_route=\/wp\/v2\/posts\/88889\/revisions"}],"predecessor-version":[{"id":88891,"href":"https:\/\/lospoliticosveracruz.com.mx\/index.php?rest_route=\/wp\/v2\/posts\/88889\/revisions\/88891"}],"wp:attachment":[{"href":"https:\/\/lospoliticosveracruz.com.mx\/index.php?rest_route=%2Fwp%2Fv2%2Fmedia&parent=88889"}],"wp:term":[{"taxonomy":"category","embeddable":true,"href":"https:\/\/lospoliticosveracruz.com.mx\/index.php?rest_route=%2Fwp%2Fv2%2Fcategories&post=88889"},{"taxonomy":"post_tag","embeddable":true,"href":"https:\/\/lospoliticosveracruz.com.mx\/index.php?rest_route=%2Fwp%2Fv2%2Ftags&post=88889"}],"curies":[{"name":"wp","href":"https:\/\/api.w.org\/{rel}","templated":true}]}}