{"id":88892,"date":"2022-04-21T11:56:57","date_gmt":"2022-04-21T16:56:57","guid":{"rendered":"https:\/\/lospoliticosveracruz.com.mx\/?p=88892"},"modified":"2022-04-21T11:58:32","modified_gmt":"2022-04-21T16:58:32","slug":"aguila-de-veracruz-mala-paga","status":"publish","type":"post","link":"https:\/\/lospoliticosveracruz.com.mx\/?p=88892","title":{"rendered":"\u00c1guila de Veracruz, mala paga!"},"content":{"rendered":"\n<p><\/p>\n\n\n\n<p><\/p>\n\n\n\n<p><strong>A la Bandeja de Entrada<\/strong><\/p>\n\n\n\n<p><br>Mi\u00e9rcoles 20 de Abril de 2022.<br>El 21 de Diciembre del 2021, se realiz\u00f3 la conferencia de prensa en el estadio de beisbol \u00abBeto \u00c1vila\u00bb donde se daba a conocer que se realizar\u00eda lucha libre de la AAA. En \u00e9sta estuvo el presidente del equipo \u00c1guila de Veracruz, Bernardo Pasquel y los directivos del equipo Santiago Osio y Eliseo Morf\u00edn.<br>Semanas antes, el se\u00f1or Eliseo Morf\u00edn me contact\u00f3 para apoyarlo en facilitarle el mobiliario requerido (pantalla led, tarima, muebles y sillas).<br>Para el 19 de Febrero que se llev\u00f3 a cabo el evento de lucha, ya le hab\u00eda conseguido proveedores de lonas (para cubrir el pasto artificial) y sillas, al costo de proveedor y en lo que corresponde a nosotros, fuimos los proveedores de salas lounge y tarimas.<br>De esa fecha al d\u00eda de hoy, son dos meses y no pagan las salas lounge y las tarimas, incluso las sillas y unos muebles de la conferencia de prensa que tambi\u00e9n quedaron pendientes.<br>El se\u00f1or Santiago Osio se contact\u00f3 con nosotros a partir del 26 de marzo para decir que \u00e9l se hac\u00eda cargo del monto a pagar pero s\u00f3lo eso, ya que no tiene intenciones de pagar.<\/p>\n\n\n\n<p>Atte<br><\/p>\n\n\n\n<p>LEF Gabriel Figueroa<br>La Fiesta Eventos<\/p>\n","protected":false},"excerpt":{"rendered":"<p>A la Bandeja de Entrada Mi\u00e9rcoles 20 de Abril de 2022.El 21 de Diciembre del 2021, se realiz\u00f3 la conferencia de prensa en el estadio de beisbol \u00abBeto \u00c1vila\u00bb donde se daba a conocer que se realizar\u00eda lucha libre de la AAA. En \u00e9sta estuvo el presidente del equipo \u00c1guila de Veracruz, Bernardo Pasquel y [&hellip;]<\/p>\n","protected":false},"author":2,"featured_media":0,"comment_status":"closed","ping_status":"closed","sticky":false,"template":"","format":"standard","meta":{"_jetpack_newsletter_access":"","_jetpack_dont_email_post_to_subs":false,"_jetpack_newsletter_tier_id":0,"_jetpack_memberships_contains_paywalled_content":false,"_jetpack_memberships_contains_paid_content":false,"footnotes":""},"categories":[74],"tags":[32940,32937,32939],"class_list":["post-88892","post","type-post","status-publish","format-standard","hentry","category-lavadero","tag-eliseo-morfin","tag-lef-gabriel-figueroa","tag-santiago-osio"],"jetpack_featured_media_url":"","jetpack_sharing_enabled":true,"jetpack_shortlink":"https:\/\/wp.me\/p4Qcd3-n7K","_links":{"self":[{"href":"https:\/\/lospoliticosveracruz.com.mx\/index.php?rest_route=\/wp\/v2\/posts\/88892","targetHints":{"allow":["GET"]}}],"collection":[{"href":"https:\/\/lospoliticosveracruz.com.mx\/index.php?rest_route=\/wp\/v2\/posts"}],"about":[{"href":"https:\/\/lospoliticosveracruz.com.mx\/index.php?rest_route=\/wp\/v2\/types\/post"}],"author":[{"embeddable":true,"href":"https:\/\/lospoliticosveracruz.com.mx\/index.php?rest_route=\/wp\/v2\/users\/2"}],"replies":[{"embeddable":true,"href":"https:\/\/lospoliticosveracruz.com.mx\/index.php?rest_route=%2Fwp%2Fv2%2Fcomments&post=88892"}],"version-history":[{"count":2,"href":"https:\/\/lospoliticosveracruz.com.mx\/index.php?rest_route=\/wp\/v2\/posts\/88892\/revisions"}],"predecessor-version":[{"id":88895,"href":"https:\/\/lospoliticosveracruz.com.mx\/index.php?rest_route=\/wp\/v2\/posts\/88892\/revisions\/88895"}],"wp:attachment":[{"href":"https:\/\/lospoliticosveracruz.com.mx\/index.php?rest_route=%2Fwp%2Fv2%2Fmedia&parent=88892"}],"wp:term":[{"taxonomy":"category","embeddable":true,"href":"https:\/\/lospoliticosveracruz.com.mx\/index.php?rest_route=%2Fwp%2Fv2%2Fcategories&post=88892"},{"taxonomy":"post_tag","embeddable":true,"href":"https:\/\/lospoliticosveracruz.com.mx\/index.php?rest_route=%2Fwp%2Fv2%2Ftags&post=88892"}],"curies":[{"name":"wp","href":"https:\/\/api.w.org\/{rel}","templated":true}]}}