{"id":8891,"date":"2009-04-20T12:51:00","date_gmt":"2009-04-20T12:51:00","guid":{"rendered":"http:\/\/www.lospoliticosveracruz.com.mx\/?p=8891"},"modified":"2014-10-08T19:26:49","modified_gmt":"2014-10-08T19:26:49","slug":"reponen-recursos-a-alcaldes","status":"publish","type":"post","link":"https:\/\/lospoliticosveracruz.com.mx\/?p=8891","title":{"rendered":"Reponen recursos a alcaldes"},"content":{"rendered":"<blockquote><p>* Este lunes inicia la entrega<br \/>* Son puras conjeturas: Paco<\/p><\/blockquote>\n<p><strong>Jos\u00e9 Ortiz Medina<\/strong><br \/><em>En Corto&#8230; sin cortes <\/em><\/p>\n<p>LOS ALCALDES veracruzanos sienten un nuevo respiro en sus finanzas. Y es que el gobernador Fidel Herrera Beltr\u00e1n anunci\u00f3 que este lunes recibir\u00e1n los ayuntamientos la reposici\u00f3n de gran parte de las participaciones federales que les fueron recortados a los municipios. <br \/>\u201cSe logr\u00f3 convenir con el gobierno federal, que a partir de ma\u00f1ana (hoy lunes) estar\u00e1n depositadas en las tesorer\u00edas la reposici\u00f3n del 75 por ciento de la recaudaci\u00f3n federal participable, que se hab\u00eda recortado con recursos del fondo de estabilizaci\u00f3n del propio gravamen que se hab\u00eda venido acumulando durante muchos a\u00f1os de crecimiento de la econom\u00eda\u201d, subray\u00f3 el mandatario estatal. Con estos acuerdos se beneficia a todos los municipios del pa\u00eds y son 100 mil millones de este fondo que ser\u00e1n distribuidos en toda la rep\u00fablica \u201ca nosotros nos corresponde sobre 720 millones de pesos, que de inmediato ser\u00e1n distribuidos a los municipios y los respaldar\u00e1n con recursos de otros programas\u201d. <\/p>\n<p>EL PASADO s\u00e1bado por la noche vimos la serie televisiva \u201cAventura por M\u00e9xico rumbo al Bicentenario\u201d que conducen Jaime Camil y Javier Poza. Ambos realizan un recorrido en motocicleta por el pa\u00eds. En esta ocasi\u00f3n les toc\u00f3 visitar el Estado de Veracruz. Fueron dignos anfitriones el gobernador Fidel Herrera Beltr\u00e1n y su esposa la se\u00f1ora Rosa Borunda de Herrera. Por cierto, la presidenta del DIF en el Estado de Veracruz acompa\u00f1\u00f3 a Poza y a Camil para que constataran el avance de las obras del Centro de Rehabilitaci\u00f3n y Educaci\u00f3n Especial de Veracruz (Creever)  que se construye en esta capital. Esta obra ser\u00e1 una realidad este a\u00f1o, ya que lleva un avance f\u00edsico del 80% en su estructura f\u00edsica.<\/p>\n<p>A PROP\u00d3SITO, el DIF estatal que encabeza Rosa Borunda de Herrera, en coordinaci\u00f3n con los DIF municipales, realizar\u00e1 este lunes diversas actividades. En el Puerto de Veracruz, a las 9 de la ma\u00f1ana, efectuar\u00e1  la entrega de pensiones alimenticias a mil 137 adultos mayores. La ceremonia tendr\u00e1 lugar en el auditorio Benito Ju\u00e1rez. En Coatzacoalcos  se llevar\u00e1 a cabo la adaptaci\u00f3n de auxiliares auditivos por parte del DIF Estatal y las Fundaciones Venga y Oiga, AC, y Ronald McDonalds. Este evento tendr\u00e1 lugar a las 7 de la ma\u00f1ana en conocido restaurante que est\u00e1 ubicado entre las calles Zaragoza  y Abasolo, en la colonia centro de la ciudad de Coatzacoalcos. <\/p>\n<p>EL SUBSECRETARIO de Gobierno, Paco Portilla ya aclar\u00f3 en una entrevista que no hay nada respecto a que ser\u00e1 candidato a diputado suplente. Se\u00f1al\u00f3 que contin\u00faa en la Subsecretar\u00eda en la que \u201cestoy trabajando las 24 horas del d\u00eda y estoy coordinando tambi\u00e9n los trabajos de la visita del presidente de la Republica, y quiz\u00e1s por eso se fortaleci\u00f3 el rumor. Son puras conjeturas\u201d. Enfatiz\u00f3 que la suplente de Duarte, Daniela Nadal \u201ces una mujer extraordinaria, talentosa y generosa\u201d. <\/p>\n<p>FOX RECHAZ\u00d3 cualquier posibilidad de comparecer ante el Congreso de la Uni\u00f3n para responder ante las acusaciones de los diputados de oposici\u00f3n que descalificaron las cuentas p\u00fablicas de su administraci\u00f3n. \u201c\u00bfEst\u00e1 dispuesto a ir al Congreso?\u201d, pregunt\u00f3 una reportera. \u201c\u00a1No\u2019ombre!, yo trabajo en serio, no pierdo mi tiempo\u2026 \u00bfir al Congreso?&#8230; \u00a1Est\u00e1n locos estos cuates!&#8230; respondi\u00f3 Fox. \u201cPero entonces, \u00bfc\u00f3mo frenar este tipo de cuestiones que usted llama mentiras?\u201d, insisti\u00f3 la comunicadora. \u201cDe verdad que es una verg\u00fcenza para el pa\u00eds el comportamiento de los diputados del PRI y del PRD. \u00bfA qu\u00e9 le juegan?, \u00bfcu\u00e1l es la idea?, ya, no la votaron y \u00bfahora qu\u00e9 van a hacer?, \u00bfqu\u00e9 sigue?\u201d, acot\u00f3 el ex mandatario. Pues de locos a locos, quien s\u00ed puede estar tocado del cerebro es precisamente Vicente Fox. Bueno, eso dijo el Vaticano tras autorizarle la anulaci\u00f3n conyugal con Lilian de la Concha. <\/p>\n<p>EN UN DIARIO de la Ciudad de M\u00e9xico especulan que Ang\u00e9lica Rivera ahora s\u00ed ser\u00e1 la se\u00f1ora de Pe\u00f1a Nieto el s\u00e1bado 26 de Septiembre en una ceremonia civil que se efectuar\u00e1 en Acapulco. Incluso, aseguran que hay confirmados testigos, del lado de la novia: Jorge Eduardo Murgu\u00eda de Televisa y el actor Eduardo Y\u00e1nez. Por parte del novio se ha confirmado a Jorge Kawaghi y al mism\u00edsimo Felipe Calder\u00f3n. A ver si no al rato vuelven a salir a desmentir.<\/p>\n<p>DICEN que Adolfo Mota Hern\u00e1ndez no acudi\u00f3 a la reciente comida de cumplea\u00f1os de Don Jos\u00e9 Iturriaga Sauco en virtud de que el diputado federal se encuentra ocupado con sus actividades partidistas en Sinaloa, estado en el que es delegado del CEN del PRI. <\/p>\n<p>TAL Y COMO lo adelantamos en este espacio, avanza a pasos agigantados la construcci\u00f3n de una nueva tienda departamental en Plaza \u00c1nimas, con la que se busca \u201crevivir\u201d ese centro comercial. Dicho sea de paso, trascendi\u00f3 que de los dos grandes socios que hab\u00eda en esa Plaza, ya s\u00f3lo queda uno, que ser\u00eda el principal accionista. Por ello es que desde hace meses opera como administrador de dicha plaza Carlos Berist\u00e1in, vinculado a importante personaje de la pol\u00edtica y los negocios. <\/p>\n<p>YA SE SUPO que habr\u00e1 varias protestas ciudadanas durante la visita que realizar\u00e1 el Presidente Felipe Calder\u00f3n Hinojosa este martes a la ciudad de C\u00f3rdoba.<\/p>\n","protected":false},"excerpt":{"rendered":"<p>* Este lunes inicia la entrega* Son puras conjeturas: Paco Jos\u00e9 Ortiz MedinaEn Corto&#8230; sin cortes LOS ALCALDES veracruzanos sienten un nuevo respiro en sus finanzas. Y es que el gobernador Fidel Herrera Beltr\u00e1n anunci\u00f3 que este lunes recibir\u00e1n los ayuntamientos la reposici\u00f3n de gran parte de las participaciones federales que les fueron recortados a [&hellip;]<\/p>\n","protected":false},"author":1,"featured_media":0,"comment_status":"open","ping_status":"open","sticky":false,"template":"","format":"standard","meta":{"_jetpack_newsletter_access":"","_jetpack_dont_email_post_to_subs":false,"_jetpack_newsletter_tier_id":0,"_jetpack_memberships_contains_paywalled_content":false,"_jetpack_memberships_contains_paid_content":false,"footnotes":""},"categories":[1],"tags":[],"class_list":["post-8891","post","type-post","status-publish","format-standard","hentry","category-sin-categoria"],"jetpack_featured_media_url":"","jetpack_sharing_enabled":true,"jetpack_shortlink":"https:\/\/wp.me\/p4Qcd3-2jp","_links":{"self":[{"href":"https:\/\/lospoliticosveracruz.com.mx\/index.php?rest_route=\/wp\/v2\/posts\/8891","targetHints":{"allow":["GET"]}}],"collection":[{"href":"https:\/\/lospoliticosveracruz.com.mx\/index.php?rest_route=\/wp\/v2\/posts"}],"about":[{"href":"https:\/\/lospoliticosveracruz.com.mx\/index.php?rest_route=\/wp\/v2\/types\/post"}],"author":[{"embeddable":true,"href":"https:\/\/lospoliticosveracruz.com.mx\/index.php?rest_route=\/wp\/v2\/users\/1"}],"replies":[{"embeddable":true,"href":"https:\/\/lospoliticosveracruz.com.mx\/index.php?rest_route=%2Fwp%2Fv2%2Fcomments&post=8891"}],"version-history":[{"count":0,"href":"https:\/\/lospoliticosveracruz.com.mx\/index.php?rest_route=\/wp\/v2\/posts\/8891\/revisions"}],"wp:attachment":[{"href":"https:\/\/lospoliticosveracruz.com.mx\/index.php?rest_route=%2Fwp%2Fv2%2Fmedia&parent=8891"}],"wp:term":[{"taxonomy":"category","embeddable":true,"href":"https:\/\/lospoliticosveracruz.com.mx\/index.php?rest_route=%2Fwp%2Fv2%2Fcategories&post=8891"},{"taxonomy":"post_tag","embeddable":true,"href":"https:\/\/lospoliticosveracruz.com.mx\/index.php?rest_route=%2Fwp%2Fv2%2Ftags&post=8891"}],"curies":[{"name":"wp","href":"https:\/\/api.w.org\/{rel}","templated":true}]}}