{"id":8892,"date":"2009-04-20T12:41:00","date_gmt":"2009-04-20T12:41:00","guid":{"rendered":"http:\/\/www.lospoliticosveracruz.com.mx\/?p=8892"},"modified":"2014-10-08T19:26:50","modified_gmt":"2014-10-08T19:26:50","slug":"miscelanea","status":"publish","type":"post","link":"https:\/\/lospoliticosveracruz.com.mx\/?p=8892","title":{"rendered":"Miscel\u00e1nea"},"content":{"rendered":"<p><strong>Juan Antonio Nemi Dib<\/strong><br \/><em>Historia de Cosas Peque\u00f1as<\/em><\/p>\n<p>1] El Partido Acci\u00f3n Nacional ten\u00eda una historia envidiable relacionada con el respeto a sus principios y convicciones, el humanismo que sol\u00eda impregnar a su visi\u00f3n del Pa\u00eds y un notorio acatamiento rec\u00edproco entre su militancia y sus distintas dirigencias, que habitualmente se traduc\u00eda en pr\u00e1cticas democr\u00e1ticas inobjetables al interior de la organizaci\u00f3n y, derivada de dichas pr\u00e1cticas, una cohesi\u00f3n francamente envidiable para otras organizaciones partidistas; una vez tomadas las decisiones mayoritarias, principalmente las relacionadas con la elecci\u00f3n de candidatos, todos los panistas sol\u00edan agruparse en torno a los acuerdos y los respaldaban sin objeci\u00f3n.<br \/><a href=\"http:\/\/www.lospoliticosveracruz.com.mx\/wp-content\/uploads\/2009\/04\/21.jpg\"><img decoding=\"async\" style=\"float:right; margin:0 0 10px 10px;cursor:pointer; cursor:hand;width: 117px; height: 175px;\" src=\"http:\/\/www.lospoliticosveracruz.com.mx\/wp-content\/uploads\/2009\/04\/21.jpg\" border=\"0\" alt=\"\"id=\"BLOGGER_PHOTO_ID_5326754118128174322\" \/><\/a><br \/>Parece que el ejercicio del poder p\u00fablico y los intereses creados en torno a los \u201cpuestos\u201d y empleos remunerados en la administraci\u00f3n p\u00fablica y en el legislativo han modificado dram\u00e1ticamente estas pr\u00e1cticas al punto de que el PAN vive hoy en su interior conflictos que habr\u00edan sido impensables hace apenas una d\u00e9cada.<br \/>Manuel Espino Barrientos, ex presidente del Comit\u00e9 Ejecutivo Nacional panista, claramente identificado con Vicente Fox y, m\u00e1s precisamente, con la se\u00f1ora Martha Sahag\u00fan, critica p\u00fablicamente los actuales m\u00e9todos de selecci\u00f3n de los candidatos a diputados federales de su partido, afirma que las candidaturas se planearon desde la Presidencia de la Rep\u00fablica \u2013al m\u00e1s puro estilo pri\u00edsta\u2014 y, en una maniobra de clara vocaci\u00f3n publicitaria, permanece durante horas en espera de ser recibido por su sucesor en la sede partidista quien, por novatez o por instrucciones, cae en el juego e ignora a su cr\u00edtico, legitimando con ello impl\u00edcitamente las acusaciones de que es objeto.<br \/>\u00bfAlguien puede negar que dentro del nuevo PAN se disputa por las parcelas de poder y los distintos grupos se confrontan por los espacios? Han llegado al extremo de destituir candidatos elegidos en asambleas democr\u00e1ticas y substituirlos por personas \u201cdesignadas\u201d.<br \/>Y no es que el PAN sea o act\u00fae peor que otros partidos, dado que en pr\u00e1cticamente todos (salvo los que funcionan como franquicias familiares y se administran gerencialmente) ocurre lo mismo. Parece que, tristemente, se confirma ese aforismo de que el poder corrompe y el poder absoluto corrompe absolutamente. Lamentable.<\/p>\n<p>2] Hay leves signos de ligera recuperaci\u00f3n en la econom\u00eda mundial, principalmente el hecho de que los mayores bancos de los Estados Unidos han vuelto a ganar dinero y algunos indicadores \u2013como el precio del petr\u00f3leo\u2014 parecieran recomponerse sutilmente. Sin embargo, permanece el clima de incertidumbre y el consumo \u2013motor esencial de toda la econom\u00eda\u2014 contin\u00faa a la baja, al tiempo que el Mundo observa expectante pregunt\u00e1ndose si finalmente General Motors lograr\u00e1 o no evitar su anunciada quiebra y cu\u00e1ndo podr\u00e1n las potencias europeas remontar el riesgo de deflaci\u00f3n.<br \/><a href=\"http:\/\/www.lospoliticosveracruz.com.mx\/wp-content\/uploads\/2009\/04\/3.jpg\"><img decoding=\"async\" style=\"float:right; margin:0 0 10px 10px;cursor:pointer; cursor:hand;width: 122px; height: 162px;\" src=\"http:\/\/www.lospoliticosveracruz.com.mx\/wp-content\/uploads\/2009\/04\/3.jpg\" border=\"0\" alt=\"\"id=\"BLOGGER_PHOTO_ID_5326754115769013826\" \/><\/a><br \/>Aunque nadie sabe con precisi\u00f3n en qu\u00e9 momento y c\u00f3mo terminar\u00e1 esta pesadilla, ya hay elementos para concluir qui\u00e9nes ser\u00e1n ganadores de esta partida en el juego de las finanzas globales. Antes del estallido de la crisis ya estaba claro que China y la India encabezaban al grupo de \u201ceconom\u00edas emergentes\u201d cuyos niveles de crecimiento anual, superiores al 8% se convert\u00edan vertiginosamente en las nuevas potencias.<br \/>La sorpresa para los analistas la est\u00e1 dando Rusia pero especialmente Brasil, cuyo liderazgo en Sudam\u00e9rica empieza a extenderse allende los oc\u00e9anos. El Brasil de Lula genera tecnolog\u00eda, fabrica y exporta masivamente aviones de dise\u00f1o propio (y muchas cosas m\u00e1s) y ha respondido con rapidez y eficacia a la contracci\u00f3n econ\u00f3mica, fortaleciendo su mercado interno y \u2013mediante un programa de construcci\u00f3n de millones de viviendas, entre otras medias\u2014 evitando la destrucci\u00f3n de empleos productivos.<br \/>En cambio, la liberaci\u00f3n de una l\u00ednea de cr\u00e9dito del Fondo Monetario Internacional para M\u00e9xico, por 47 mil millones de d\u00f3lares (la primera de ese tipo que se concede desde el inicio de la debacle de las \u201chipotecas basura\u201d) a fin de que est\u00e9 disponible \u201cen caso de contingencia\u201d deja en claro que, a diferencia del propio Brasil, de China, Rusia y la India, nuestra econom\u00eda es endeble, salvajemente dependiente y que la poca diversificaci\u00f3n de nuestros clientes nos ata a las veleidades del mercado estadounidense. Esta no fue nuestra oportunidad de revertir la pobreza end\u00e9mica; tal vez la pr\u00f3xima.<\/p>\n<p>3] El Observatorio del Instituto Tecnol\u00f3gico de Valencia dice lo siguiente: \u201cPor primera vez en la historia, una m\u00e1quina ha producido conocimiento cient\u00edfico nuevo sin asistencia humana. Cient\u00edficos de las universidades brit\u00e1nicas de Aberystwyth y Cambridge programaron a Adam, el cient\u00edfico robot, para que llevase a cabo cada etapa del proceso de investigaci\u00f3n sin necesidad de intervenci\u00f3n de los investigadores. A partir de ah\u00ed, la m\u00e1quina plante\u00f3 una hip\u00f3tesis: qu\u00e9 genes de la levadura de cerveza (Saccharomyces cerevisiae) codifican determinadas enzimas responsables de varias reacciones bioqu\u00edmicas en este organismo. A continuaci\u00f3n, dise\u00f1\u00f3 los experimentos necesarios para comprobar si su hip\u00f3tesis era verdadera o falsa, los condujo dentro del laboratorio automatizado del que forma parte, e interpret\u00f3 los resultados. Finalmente, los investigadores humanos, que hoy publican la experiencia en Science, comprobaron que sus resultados eran correctos.\u201d<br \/><a href=\"http:\/\/www.lospoliticosveracruz.com.mx\/wp-content\/uploads\/2009\/04\/4.jpg\"><img decoding=\"async\" style=\"float:right; margin:0 0 10px 10px;cursor:pointer; cursor:hand;width: 103px; height: 156px;\" src=\"http:\/\/www.lospoliticosveracruz.com.mx\/wp-content\/uploads\/2009\/04\/4.jpg\" border=\"0\" alt=\"\"id=\"BLOGGER_PHOTO_ID_5326754117979624146\" \/><\/a><br \/>A pesar de la  enorme relevancia del hecho, ni siquiera la comunidad cient\u00edfica ha reaccionado ante lo que constituye un hito que parece tomado de la ciencia ficci\u00f3n pero que cambiar\u00e1 la perspectiva del conocimiento y, bien utilizado, podr\u00e1 multiplicar los recursos de investigaci\u00f3n, facilitando trabajos complejos, acortando procesos laboriosos y disminuyendo los costos que implica la producci\u00f3n de nuevos conocimientos. Por ahora, Adam sigue siendo una m\u00e1quina que s\u00f3lo ejecuta instrucciones humanas y que depende, indefectiblemente, de que alguien encienda y apague su interruptor. Sin embargo, con toda probabilidad, la noticia reavivar\u00e1 el debate respecto de las m\u00e1quinas capaces de tomar decisiones por s\u00ed mismas, auto programarse y, en alg\u00fan momento \u201cdominar a sus creadores\u201d.<\/p>\n","protected":false},"excerpt":{"rendered":"<p>Juan Antonio Nemi DibHistoria de Cosas Peque\u00f1as 1] El Partido Acci\u00f3n Nacional ten\u00eda una historia envidiable relacionada con el respeto a sus principios y convicciones, el humanismo que sol\u00eda impregnar a su visi\u00f3n del Pa\u00eds y un notorio acatamiento rec\u00edproco entre su militancia y sus distintas dirigencias, que habitualmente se traduc\u00eda en pr\u00e1cticas democr\u00e1ticas inobjetables [&hellip;]<\/p>\n","protected":false},"author":1,"featured_media":0,"comment_status":"open","ping_status":"open","sticky":false,"template":"","format":"standard","meta":{"_jetpack_newsletter_access":"","_jetpack_dont_email_post_to_subs":false,"_jetpack_newsletter_tier_id":0,"_jetpack_memberships_contains_paywalled_content":false,"_jetpack_memberships_contains_paid_content":false,"footnotes":""},"categories":[1],"tags":[],"class_list":["post-8892","post","type-post","status-publish","format-standard","hentry","category-sin-categoria"],"jetpack_featured_media_url":"","jetpack_sharing_enabled":true,"jetpack_shortlink":"https:\/\/wp.me\/p4Qcd3-2jq","_links":{"self":[{"href":"https:\/\/lospoliticosveracruz.com.mx\/index.php?rest_route=\/wp\/v2\/posts\/8892","targetHints":{"allow":["GET"]}}],"collection":[{"href":"https:\/\/lospoliticosveracruz.com.mx\/index.php?rest_route=\/wp\/v2\/posts"}],"about":[{"href":"https:\/\/lospoliticosveracruz.com.mx\/index.php?rest_route=\/wp\/v2\/types\/post"}],"author":[{"embeddable":true,"href":"https:\/\/lospoliticosveracruz.com.mx\/index.php?rest_route=\/wp\/v2\/users\/1"}],"replies":[{"embeddable":true,"href":"https:\/\/lospoliticosveracruz.com.mx\/index.php?rest_route=%2Fwp%2Fv2%2Fcomments&post=8892"}],"version-history":[{"count":0,"href":"https:\/\/lospoliticosveracruz.com.mx\/index.php?rest_route=\/wp\/v2\/posts\/8892\/revisions"}],"wp:attachment":[{"href":"https:\/\/lospoliticosveracruz.com.mx\/index.php?rest_route=%2Fwp%2Fv2%2Fmedia&parent=8892"}],"wp:term":[{"taxonomy":"category","embeddable":true,"href":"https:\/\/lospoliticosveracruz.com.mx\/index.php?rest_route=%2Fwp%2Fv2%2Fcategories&post=8892"},{"taxonomy":"post_tag","embeddable":true,"href":"https:\/\/lospoliticosveracruz.com.mx\/index.php?rest_route=%2Fwp%2Fv2%2Ftags&post=8892"}],"curies":[{"name":"wp","href":"https:\/\/api.w.org\/{rel}","templated":true}]}}