{"id":8893,"date":"2009-04-19T20:42:00","date_gmt":"2009-04-19T20:42:00","guid":{"rendered":"http:\/\/www.lospoliticosveracruz.com.mx\/?p=8893"},"modified":"2014-10-08T19:26:50","modified_gmt":"2014-10-08T19:26:50","slug":"el-record-de-calderon","status":"publish","type":"post","link":"https:\/\/lospoliticosveracruz.com.mx\/?p=8893","title":{"rendered":"\u00a1El r\u00e9cord de Calder\u00f3n!"},"content":{"rendered":"<p><strong>Salvador Mu\u00f1oz<\/strong><br \/><em>Los Pol\u00edticos<\/em><\/p>\n<p>\u00bfQu\u00e9 pensar\u00eda si le dijera que Felipe Calder\u00f3n Hinojosa construy\u00f3 32 hospitales y siete parques acu\u00e1ticos en tan s\u00f3lo cuatro d\u00edas?<br \/>De seguro su respuesta ser\u00eda: \u201cEso, \u00a1ni Fidel Herrera con la bursatilizaci\u00f3n!\u201d<br \/>Pero no olvidemos que apenas el fin de semana, el Fondo Monetario Internacional acaba de aprobar una l\u00ednea de cr\u00e9dito para M\u00e9xico por la fabulosa cantidad de 47 mil millones de d\u00f3lares.<br \/>\u00a1Ok! \u00a1Ok! Me puede responder que es cierto eso, pero que esos 47 mil mdd no los va a utilizar sino que ser\u00e1n como un colch\u00f3n o una forma de mostrar solidez econ\u00f3mica ante la situaci\u00f3n cr\u00edtica que atraviesa el pa\u00eds.<br \/>\u00a1Ah! Claro\u2026 est\u00e1 bien, pero a que se le olvida que hace unos d\u00edas, el nueve de abril para ser exactos, el Banco Mundial igual aprob\u00f3 un pr\u00e9stamo para el gobierno de M\u00e9xico por un monto de un mil 500 millones de d\u00f3lares para apoyar el Programa Oportunidades\u2026<br \/>\u00a1S\u00ed! Ya s\u00e9 su respuesta\u2026 es para \u201cOportunidades\u201d  y parece m\u00e1s bien una estrategia electoral y ese dinero, se supone, estar\u00e1 etiquetado para todo, menos para 32 Hospitales y siete parques acu\u00e1ticos.<br \/>Adem\u00e1s, \u00bfc\u00f3mo demonios podr\u00eda superar Felipe Calder\u00f3n Hinojosa, el r\u00e9cord m\u00e1ximo de todos los tiempos, de los siglos de los siglos, de la \u00fanica persona que ha construido la Gran Obra en Seis d\u00edas?<br \/>Por supuesto que esto es posible s\u00f3lo en un lugar y no es M\u00e9xico, sino Colorado (nada que ver con Fidel Herrera \u00a1por favor!). Siendo m\u00e1s precisos, en un peque\u00f1o pueblo llamado Souht Park.<br \/>Si usted no es un \u201cHomo Videns\u201d (es decir, que no est\u00e1 clavado en la tele como quien escribe), quiz\u00e1 no tenga idea de qu\u00e9 demonios es \u00e9ste pueblo de Colorado.<br \/>South Park es adem\u00e1s el nombre de una famosa serie de caricaturas que pasan en el canal de MTV. All\u00ed, pasan la vida de cuatro ni\u00f1os: Kenny, Cartman, Kyle y Stan.<br \/>La caricatura no es m\u00e1s que la satirizaci\u00f3n de los hechos m\u00e1s recientes y algunos pasados, as\u00ed como de las costumbres, pol\u00edtica y religi\u00f3n.<br \/>Entre los temas que m\u00e1s han sacudido a las conciencias \u201cmochas\u201d son la interpretaci\u00f3n de la navidad que viven esos ni\u00f1os, como es el Se\u00f1or Moj\u00f3n, una especie de Santa Clos de las alcantarillas. Tambi\u00e9n est\u00e1 Dios, presentado como un monstruo y su hijo, Jes\u00fas, es el estelar de un \u201ctalk-show\u201d parecido al de \u201cCristina\u201d y \u201cLaura en Am\u00e9rica\u201d.<br \/>No s\u00e9 qu\u00e9 tan bueno sea aparecer en ese programa, pero en la nueva temporada (la trece), en el cap\u00edtulo seis, aparece por un breve momento (por supuesto, no alcanza los quince minutos de gloria que predica Andy Warhol).<br \/>All\u00ed, en ese cap\u00edtulo, por espacio de 48 segundos \u00a1y eso exagerando! \u201cSouth Park\u201d toca el tema de M\u00e9xico, aunque no es la primera ocasi\u00f3n.<br \/>Unos extraterrestres, a punto de retirarse, se dirigen a los habitantes de \u201cSouth Park\u201d y comentan:<br \/>\u2013Tenemos algunas im\u00e1genes tomadas a su planeta, y parece que unos de sus pa\u00edses m\u00e1s pobres\u2026 M\u00e9xico, ha construido 32 hospitales nuevos y siete parques acu\u00e1ticos en los \u00faltimos cuatro d\u00edas.<br \/>El pueblo responde, algo titubeante:<br \/>\u2013S\u00ed\u2026 M\u00e9xico\u2026 \u00bfsabe? Todos los dem\u00e1s pa\u00edses hemos contribuido y le dimos a M\u00e9xico un poco de ayuda\u2026 S\u00ed\u2026 realmente necesitaban nuevos parques acu\u00e1ticos<br \/>(\u00bfLes recuerda al Banco Mundial y al FMI? \u00bfSuena algo as\u00ed como pan y circo?)<br \/>Los extraterrestres, con cara de incredulidad, s\u00f3lo alcanzan a decir\u2026<br \/>\u2013Aj\u00e1\u2026 que tengan un buen d\u00eda\u2013 y se retiran en su nave espacial.<br \/>De inmediato, celular en mano, el pap\u00e1 de Stan, Randy, toma el celular y hace una llamada:<br \/>\u2013\u00a1Hey, M\u00e9xico\u2026 \u00a1Les dijimos que no se gastaran el efectivo espacial a\u00fan! \u00a1Qu\u00e9 demonios est\u00e1n haciendo!<br \/>Acto inmediato, aparece en escena (los segundos de gloria) Felipe Calder\u00f3n y un personaje muy similar a Manuel Espino, teniendo como fondo, un vistoso parque acu\u00e1tico. Las miradas de ambos personajes mexicanos son de extra\u00f1eza.<br \/>Randy sigue al celular:<br \/>\u2013\u00a1Alg\u00fan pa\u00eds que hable espa\u00f1ol que le grite a M\u00e9xico! \u00a1Van a arruinarlo todo!<br \/>Y all\u00ed acaban los segundo de gloria para M\u00e9xico y para Calder\u00f3n.<br \/>\u00a1Claro! El malestar de Randy era porque el dinero que hab\u00eda invertido Calder\u00f3n en dichos hospitales y parques acu\u00e1ticos, era robado a los extraterrestres y se hab\u00edan repartido el bot\u00edn entre varios pa\u00edses.<br \/>Porque, de otra manera, \u00bfc\u00f3mo podr\u00eda Calder\u00f3n en cuatro d\u00edas construir 32 hospitales y siete parques acu\u00e1ticos? Esto s\u00f3lo es posible en las caricaturas.<br \/>Para mayor informaci\u00f3n, cheque el video:<br \/><object width=\"560\" height=\"340\"><param name=\"movie\" value=\"http:\/\/www.youtube.com\/v\/BL0PrQI5Yhk&#038;hl=es&#038;fs=1\"><\/param><param name=\"allowFullScreen\" value=\"true\"><\/param><param name=\"allowscriptaccess\" value=\"always\"><\/param><\/object><\/p>\n","protected":false},"excerpt":{"rendered":"<p>Salvador Mu\u00f1ozLos Pol\u00edticos \u00bfQu\u00e9 pensar\u00eda si le dijera que Felipe Calder\u00f3n Hinojosa construy\u00f3 32 hospitales y siete parques acu\u00e1ticos en tan s\u00f3lo cuatro d\u00edas?De seguro su respuesta ser\u00eda: \u201cEso, \u00a1ni Fidel Herrera con la bursatilizaci\u00f3n!\u201dPero no olvidemos que apenas el fin de semana, el Fondo Monetario Internacional acaba de aprobar una l\u00ednea de cr\u00e9dito para [&hellip;]<\/p>\n","protected":false},"author":1,"featured_media":0,"comment_status":"open","ping_status":"open","sticky":false,"template":"","format":"standard","meta":{"_jetpack_newsletter_access":"","_jetpack_dont_email_post_to_subs":false,"_jetpack_newsletter_tier_id":0,"_jetpack_memberships_contains_paywalled_content":false,"_jetpack_memberships_contains_paid_content":false,"footnotes":""},"categories":[1],"tags":[],"class_list":["post-8893","post","type-post","status-publish","format-standard","hentry","category-sin-categoria"],"jetpack_featured_media_url":"","jetpack_sharing_enabled":true,"jetpack_shortlink":"https:\/\/wp.me\/p4Qcd3-2jr","_links":{"self":[{"href":"https:\/\/lospoliticosveracruz.com.mx\/index.php?rest_route=\/wp\/v2\/posts\/8893","targetHints":{"allow":["GET"]}}],"collection":[{"href":"https:\/\/lospoliticosveracruz.com.mx\/index.php?rest_route=\/wp\/v2\/posts"}],"about":[{"href":"https:\/\/lospoliticosveracruz.com.mx\/index.php?rest_route=\/wp\/v2\/types\/post"}],"author":[{"embeddable":true,"href":"https:\/\/lospoliticosveracruz.com.mx\/index.php?rest_route=\/wp\/v2\/users\/1"}],"replies":[{"embeddable":true,"href":"https:\/\/lospoliticosveracruz.com.mx\/index.php?rest_route=%2Fwp%2Fv2%2Fcomments&post=8893"}],"version-history":[{"count":0,"href":"https:\/\/lospoliticosveracruz.com.mx\/index.php?rest_route=\/wp\/v2\/posts\/8893\/revisions"}],"wp:attachment":[{"href":"https:\/\/lospoliticosveracruz.com.mx\/index.php?rest_route=%2Fwp%2Fv2%2Fmedia&parent=8893"}],"wp:term":[{"taxonomy":"category","embeddable":true,"href":"https:\/\/lospoliticosveracruz.com.mx\/index.php?rest_route=%2Fwp%2Fv2%2Fcategories&post=8893"},{"taxonomy":"post_tag","embeddable":true,"href":"https:\/\/lospoliticosveracruz.com.mx\/index.php?rest_route=%2Fwp%2Fv2%2Ftags&post=8893"}],"curies":[{"name":"wp","href":"https:\/\/api.w.org\/{rel}","templated":true}]}}