{"id":8894,"date":"2009-04-18T02:11:00","date_gmt":"2009-04-18T02:11:00","guid":{"rendered":"http:\/\/www.lospoliticosveracruz.com.mx\/?p=8894"},"modified":"2014-10-08T19:26:50","modified_gmt":"2014-10-08T19:26:50","slug":"el-abanderamiento","status":"publish","type":"post","link":"https:\/\/lospoliticosveracruz.com.mx\/?p=8894","title":{"rendered":"El abanderamiento"},"content":{"rendered":"<p><strong>Fernando Hern\u00e1ndez Fern\u00e1ndez<\/strong><br \/><em>El Marcaje<\/em><\/p>\n<p>Viernes 17 de abril. Las dos de la tarde se acercan. Van casi tres horas de retraso de lo previsto en el Palacio de Gobierno por el Instituto Veracruzano del Deporte. Larga espera, pero el abanderamiento se ten\u00eda que dar a los j\u00f3venes de Olimpiada Nacional.<br \/>Empiezan los murmullos y repentinamente la ovaci\u00f3n de los presentes. El gobernador Fidel Herrera Beltr\u00e1n por fin apareci\u00f3. Traje gris y la tradicional corbata roja es la vestimenta en turno. Se quita el saco y lo cambia por la chamarra roja del uniforme deportivo de la entidad. Anda de buenas, muy sonriente. De hecho pidi\u00f3 disculpas por el retraso y hasta la comida dispar\u00f3.<br \/>Adentro de la Sala de Banderas el olor a humanidad es demasiado notorio. Y c\u00f3mo no, si estaba repleto de gente, muchos j\u00f3venes con la chamarra roja a cuestas, que comenzar\u00e1n su batallar de Olimpiada en unos cuantos d\u00edas m\u00e1s. Todos pendientes a lo que dec\u00eda el mandatario estatal.<br \/>El aroma se comprend\u00eda. El calor no ayudaba mucho a otra cosa. Por lapsos era insoportable. Adem\u00e1s, muchos sudaron porque hay cosas que evento tras evento no cambian. Superar a los guaruras de la entrada es el primer obst\u00e1culo regularmente en este tipo de eventos. El acceso se torn\u00f3 dif\u00edcil. Entrada a cuentagotas y una cerraz\u00f3n al vil estilo de cadeneros de antro.<br \/>Despu\u00e9s de varios minutos y haber ingresado al recinto empez\u00f3 el protocolo. Un director del Instituto Veracruzano del Deporte, es decir, Roberto Bueno Campos, que describi\u00f3 el proceso de la delegaci\u00f3n de Olimpiada, agradeci\u00f3 al gobernador y tan tan; sin embargo, cuando se le cuestion\u00f3 acerca de las consecuencias ante la posibilidad de fallar en el intento de volver a los Diez Grandes del pa\u00eds, el tono cambi\u00f3.<br \/>Fidel Herrera entreg\u00f3 el bander\u00edn rojiblanco a los destacados taekwondo\u00ednes Oll\u00edn Medina y Luis Aguilar, al igual que a la jugadora de voleibol Karla Mart\u00ednez. Y les di su mensaje.<br \/>De hecho, Luis le reconoci\u00f3 los apoyos al representante del Ejecutivo estatal. Oll\u00edn explic\u00f3 que la mentalidad ha sido la clave de los \u00e9xitos.<br \/>Termin\u00f3 el acto y de inmediato la muchedumbre se abalanz\u00f3 sobre el gober, y c\u00f3mo no, todos quer\u00edan salir en la foto, entregar alg\u00fan folder de petici\u00f3n o simplemente ir al chisme. Escasos cinco minutos despu\u00e9s, la Sala de Banderas qued\u00f3 vac\u00eda con aromas, m\u00e1s all\u00e1 de los provocados del calor, que tienen esperanza propia, gracias al trabajo de unos y que es bien sabido, otros se colgar\u00e1n de los \u00e9xitos.<\/p>\n","protected":false},"excerpt":{"rendered":"<p>Fernando Hern\u00e1ndez Fern\u00e1ndezEl Marcaje Viernes 17 de abril. Las dos de la tarde se acercan. Van casi tres horas de retraso de lo previsto en el Palacio de Gobierno por el Instituto Veracruzano del Deporte. Larga espera, pero el abanderamiento se ten\u00eda que dar a los j\u00f3venes de Olimpiada Nacional.Empiezan los murmullos y repentinamente la [&hellip;]<\/p>\n","protected":false},"author":1,"featured_media":0,"comment_status":"open","ping_status":"open","sticky":false,"template":"","format":"standard","meta":{"_jetpack_newsletter_access":"","_jetpack_dont_email_post_to_subs":false,"_jetpack_newsletter_tier_id":0,"_jetpack_memberships_contains_paywalled_content":false,"_jetpack_memberships_contains_paid_content":false,"footnotes":""},"categories":[1],"tags":[],"class_list":["post-8894","post","type-post","status-publish","format-standard","hentry","category-sin-categoria"],"jetpack_featured_media_url":"","jetpack_sharing_enabled":true,"jetpack_shortlink":"https:\/\/wp.me\/p4Qcd3-2js","_links":{"self":[{"href":"https:\/\/lospoliticosveracruz.com.mx\/index.php?rest_route=\/wp\/v2\/posts\/8894","targetHints":{"allow":["GET"]}}],"collection":[{"href":"https:\/\/lospoliticosveracruz.com.mx\/index.php?rest_route=\/wp\/v2\/posts"}],"about":[{"href":"https:\/\/lospoliticosveracruz.com.mx\/index.php?rest_route=\/wp\/v2\/types\/post"}],"author":[{"embeddable":true,"href":"https:\/\/lospoliticosveracruz.com.mx\/index.php?rest_route=\/wp\/v2\/users\/1"}],"replies":[{"embeddable":true,"href":"https:\/\/lospoliticosveracruz.com.mx\/index.php?rest_route=%2Fwp%2Fv2%2Fcomments&post=8894"}],"version-history":[{"count":0,"href":"https:\/\/lospoliticosveracruz.com.mx\/index.php?rest_route=\/wp\/v2\/posts\/8894\/revisions"}],"wp:attachment":[{"href":"https:\/\/lospoliticosveracruz.com.mx\/index.php?rest_route=%2Fwp%2Fv2%2Fmedia&parent=8894"}],"wp:term":[{"taxonomy":"category","embeddable":true,"href":"https:\/\/lospoliticosveracruz.com.mx\/index.php?rest_route=%2Fwp%2Fv2%2Fcategories&post=8894"},{"taxonomy":"post_tag","embeddable":true,"href":"https:\/\/lospoliticosveracruz.com.mx\/index.php?rest_route=%2Fwp%2Fv2%2Ftags&post=8894"}],"curies":[{"name":"wp","href":"https:\/\/api.w.org\/{rel}","templated":true}]}}