{"id":8895,"date":"2009-04-18T01:06:00","date_gmt":"2009-04-18T01:06:00","guid":{"rendered":"http:\/\/www.lospoliticosveracruz.com.mx\/?p=8895"},"modified":"2014-10-08T19:26:53","modified_gmt":"2014-10-08T19:26:53","slug":"chedraui-gato-por-liebre-o-grasa-por-carne","status":"publish","type":"post","link":"https:\/\/lospoliticosveracruz.com.mx\/?p=8895","title":{"rendered":"Chedraui: Gato por liebre o grasa por carne"},"content":{"rendered":"<p><strong>Salvador Mu\u00f1oz<\/strong><br \/><em>Los Pol\u00edticos<\/em><\/p>\n<p>Es curioso, pero en lugar de motivar, decepciona a su clientela el grupo Chedraui.<br \/>Usted puede decir con justa raz\u00f3n: \u201c\u00a1Salvador est\u00e1 loco! Nadie nos da por cada mil pesos de compra \u00a1cien pesotes!\u201d<br \/>D\u00e9jeme contarle dos cosas y ya usted tomar\u00e1 un juicio. Conste que hablo como cliente.<br \/>Cierta ocasi\u00f3n, curioseando por la tienda de Chedraui, nos ofrecieron la tarjeta \u201cBanco-f\u00e1cil\u201d, que suena a \u201cBanco Chedraui\u201d.<br \/>Con esa tarjetita pod\u00edamos comprar en Chedraui con un cr\u00e9dito inicial de 2 mil 500 pesos. Al poco tiempo nos lo subieron a 5 mil pesos, despu\u00e9s a 10 mil y finalmente concluy\u00f3 en 30 mil pesos de cr\u00e9dito. \u00bfFabuloso? \u00a1Claro!<br \/>Despu\u00e9s descubrimos que Tiendas Chedraui ten\u00eda una promoci\u00f3n de que por cada 1 mil pesos de compra, nos daba 100 pesos. Para aprovechar la oferta, compr\u00e1bamos un poquito arriba de dos mil pesitos la despensa y le gan\u00e1bamos 200 varitos\u2026<br \/>Eso s\u00ed\u2026 cada mes, a la hora de pagar, \u00e9ramos puntuales\u2026 \u00a1nada de \u201cm\u00ednimo a pagar\u201d! para no generar intereses.<br \/>Fue entonces que una ocasi\u00f3n, cuando fuimos a comprar despensa, nos rebotaron la tarjeta\u2026 \u00bfpor qu\u00e9? Porque \u201cBanco-F\u00e1cil\u201d hab\u00eda reducido nuestro cr\u00e9dito \u00a1por sus pistolas!<br \/>Adem\u00e1s del \u201cOso\u201d entre la gente que ve que nos \u201crebotan\u201d la tarjeta, el pinche susto\u2026 que tra\u00edamos otra tarjeta de cr\u00e9dito (que nada tiene que ver con Chedraui) y pudimos pagar&#8230; si no, \u00a1qu\u00e9 hubiera dicho la \u201cjai-societi\u201d!<br \/>La conclusi\u00f3n para que nos redujeran nuestro cr\u00e9dito, fue f\u00e1cil\u2026 como somos buenos pagadores, no les conviene que cada mes les chinguemos 200 pesos. En cambio, a la gente que paga intereses a cada rato le suben su cr\u00e9dito\u2026 es decir: \u00a1para ahorcarlos poco a poco! Bueno, ese es mi razonamiento\u2026 usted juzgue.<br \/>Ok\u2026 le pasamos eso\u2026 no le vamos a despreciar sus 200 pesitos mensuales\u2026<br \/>Pero lo que s\u00ed no le perdonamos a Chedraui es que vaya a comprar pollo, me encuentre que vendan un paquete con dos muslos con pierna a 25 pesos, con un peso aproximado de 765 gramos\u2026 \u00a1casi un kilo!<br \/>Me los llevo a casa y cuando los voy a preparar, resulta que tienen sorpresa\u2026<br \/>El muslo y la pierna que marca tanto el paquete como el recibo o ticket, traen su \u201cextra\u201d\u2026<br \/>No, no piense que es cucarachas, gusanos o alima\u00f1a alguna, no\u2026<br \/>Cuando tomo el paquete se ven grandes las piernas y los muslos pero era porque ten\u00edan plan con ma\u00f1a\u2026<br \/>Por abajo, alguien hizo el favor de ponerle una alfombra de grasa de pollo, y pedazos de huacal\u2026 lo que adem\u00e1s de darle volumen de manera superficial (no se ve\u00eda el agregado) le daba casi \u00a1el kilo de pollo!<br \/>As\u00ed que, se\u00f1oras amas de casa\u2026 cuando vayan a Chedraui, ojo con lo que compran\u2026 no sea que les vayan a dar gato por liebre o peor, grasa por carne.<br \/><a href=\"http:\/\/www.lospoliticosveracruz.com.mx\/wp-content\/uploads\/2009\/04\/P1030144.jpg\"><img decoding=\"async\" style=\"display:block; margin:0px auto 10px; text-align:center;cursor:pointer; cursor:hand;width: 300px; height: 400px;\" src=\"http:\/\/www.lospoliticosveracruz.com.mx\/wp-content\/uploads\/2009\/04\/P1030144-225x300.jpg\" border=\"0\" alt=\"\"id=\"BLOGGER_PHOTO_ID_5325834766860212338\" \/><\/a><\/p>\n","protected":false},"excerpt":{"rendered":"<p>Salvador Mu\u00f1ozLos Pol\u00edticos Es curioso, pero en lugar de motivar, decepciona a su clientela el grupo Chedraui.Usted puede decir con justa raz\u00f3n: \u201c\u00a1Salvador est\u00e1 loco! Nadie nos da por cada mil pesos de compra \u00a1cien pesotes!\u201dD\u00e9jeme contarle dos cosas y ya usted tomar\u00e1 un juicio. Conste que hablo como cliente.Cierta ocasi\u00f3n, curioseando por la tienda [&hellip;]<\/p>\n","protected":false},"author":1,"featured_media":0,"comment_status":"open","ping_status":"open","sticky":false,"template":"","format":"standard","meta":{"_jetpack_newsletter_access":"","_jetpack_dont_email_post_to_subs":false,"_jetpack_newsletter_tier_id":0,"_jetpack_memberships_contains_paywalled_content":false,"_jetpack_memberships_contains_paid_content":false,"footnotes":""},"categories":[1],"tags":[],"class_list":["post-8895","post","type-post","status-publish","format-standard","hentry","category-sin-categoria"],"jetpack_featured_media_url":"","jetpack_sharing_enabled":true,"jetpack_shortlink":"https:\/\/wp.me\/p4Qcd3-2jt","_links":{"self":[{"href":"https:\/\/lospoliticosveracruz.com.mx\/index.php?rest_route=\/wp\/v2\/posts\/8895","targetHints":{"allow":["GET"]}}],"collection":[{"href":"https:\/\/lospoliticosveracruz.com.mx\/index.php?rest_route=\/wp\/v2\/posts"}],"about":[{"href":"https:\/\/lospoliticosveracruz.com.mx\/index.php?rest_route=\/wp\/v2\/types\/post"}],"author":[{"embeddable":true,"href":"https:\/\/lospoliticosveracruz.com.mx\/index.php?rest_route=\/wp\/v2\/users\/1"}],"replies":[{"embeddable":true,"href":"https:\/\/lospoliticosveracruz.com.mx\/index.php?rest_route=%2Fwp%2Fv2%2Fcomments&post=8895"}],"version-history":[{"count":0,"href":"https:\/\/lospoliticosveracruz.com.mx\/index.php?rest_route=\/wp\/v2\/posts\/8895\/revisions"}],"wp:attachment":[{"href":"https:\/\/lospoliticosveracruz.com.mx\/index.php?rest_route=%2Fwp%2Fv2%2Fmedia&parent=8895"}],"wp:term":[{"taxonomy":"category","embeddable":true,"href":"https:\/\/lospoliticosveracruz.com.mx\/index.php?rest_route=%2Fwp%2Fv2%2Fcategories&post=8895"},{"taxonomy":"post_tag","embeddable":true,"href":"https:\/\/lospoliticosveracruz.com.mx\/index.php?rest_route=%2Fwp%2Fv2%2Ftags&post=8895"}],"curies":[{"name":"wp","href":"https:\/\/api.w.org\/{rel}","templated":true}]}}