{"id":8896,"date":"2009-04-17T02:07:00","date_gmt":"2009-04-17T02:07:00","guid":{"rendered":"http:\/\/www.lospoliticosveracruz.com.mx\/?p=8896"},"modified":"2014-10-08T19:26:53","modified_gmt":"2014-10-08T19:26:53","slug":"empieza-una-nueva-aventura","status":"publish","type":"post","link":"https:\/\/lospoliticosveracruz.com.mx\/?p=8896","title":{"rendered":"Empieza una nueva aventura"},"content":{"rendered":"<p><strong>Fernando Hern\u00e1ndez Fern\u00e1ndez<\/strong><br \/><em>El Marcaje<\/em><\/p>\n<p>Viernes 17 de abril del 2009. Fecha en la que un nuevo banderazo de salida se d\u00e9 desde Palacio de Gobierno. La Olimpiada Nacional est\u00e1 a la vuelta de la esquina y otra vez saldr\u00e1n las decenas de j\u00f3venes a buscar que Veracruz regrese a los 10 mejores del pa\u00eds.<br \/>Qu\u00e9 curioso. \u201cLa Ola Roja\u201d no pelea por estar hasta arriba, si se ubica d\u00e9cima se har\u00e1 fiesta total y m\u00e1s de uno habr\u00e1 salvado la chamba.<br \/>A a\u00f1os luz est\u00e1n Jalisco, Nuevo Le\u00f3n y Baja California. Son los mejores del pa\u00eds. Qu\u00e9 decir de entidades como Yucat\u00e1n, Guanajuato o Chihuahua que han subido en su calidad en tanto que los veracruzanos se han quedado a la expectativa desde el duod\u00e9cimo pelda\u00f1o del escalaf\u00f3n.<br \/>La delegaci\u00f3n escarlata va por estar entre esos 10 sitios, que regrese el reconocimiento nacional a la entidad, pero qu\u00e9 pasar\u00e1 si se vuelve a fallar.<br \/>Por primera vez en mucho tiempo hubo continuidad en la direcci\u00f3n del Instituto Veracruzano del Deporte. Porque en los primeros tres a\u00f1os de mandato de Fidel Herrera Beltr\u00e1n apareci\u00f3 la misma cantidad de l\u00edderes en el IVD. A Roberto Bueno Campos es al \u00fanico que le ha dado una segunda oportunidad.<br \/>Por eso la duda aumenta. \u00bfQu\u00e9 pasar\u00e1 si se vuelve a quedar fuera del Top 10? Porque hace un par de a\u00f1os a Jos\u00e9 Luis Izquierdo Bustamante lo sacaron del organismo, a pesar de haber acabado en el noveno pelda\u00f1o, con la obtenci\u00f3n de apariciones de la iniciativa privada en los uniformes rojos y de repente, sin decir agua va, fue pedida su renuncia, en una situaci\u00f3n que jam\u00e1s se esclareci\u00f3, s\u00f3lo pas\u00f3 y ya.<br \/>Adem\u00e1s, la inc\u00f3gnita de resultados es mucha, por la supuesta partici\u00f3n de poderes en el edificio boque\u00f1o. Por un lado est\u00e1 \u201cEl Flamer\u201d con su gente; por otro, aparece la subdirectora administrativa, Ydalia Gonz\u00e1lez P\u00e9rez, con supuestos conflictos con algunos grupos; tambi\u00e9n el encargado del alto rendimiento, Alejandro C\u00e1rdenas Robles, con las quejas encima de varias Asociaciones y otras que dicen s\u00ed estar de acuerdo con el sonorense.<br \/>Ojal\u00e1 lo logren los chavos, pero por ellos, por el estado, no para que los de pantal\u00f3n largo se paren el cuello.<br \/>Viernes 17 de abril del 2009. Fecha en la que un nuevo banderazo de salida se d\u00e9 desde Palacio de Gobierno. A ver cu\u00e1ntos aparecen en Sala de Banderas para salir en la foto y que en recientes fechas han hecho nada por la comunidad deportiva. Ojal\u00e1 a esos colados o aqu\u00e9llos que s\u00f3lo van a pedir chichi les den con la puerta en las narices.<br \/>Hasta la vista.<\/p>\n<p>fhernandez1980@gmail.com<\/p>\n","protected":false},"excerpt":{"rendered":"<p>Fernando Hern\u00e1ndez Fern\u00e1ndezEl Marcaje Viernes 17 de abril del 2009. Fecha en la que un nuevo banderazo de salida se d\u00e9 desde Palacio de Gobierno. La Olimpiada Nacional est\u00e1 a la vuelta de la esquina y otra vez saldr\u00e1n las decenas de j\u00f3venes a buscar que Veracruz regrese a los 10 mejores del pa\u00eds.Qu\u00e9 curioso. [&hellip;]<\/p>\n","protected":false},"author":1,"featured_media":0,"comment_status":"open","ping_status":"open","sticky":false,"template":"","format":"standard","meta":{"_jetpack_newsletter_access":"","_jetpack_dont_email_post_to_subs":false,"_jetpack_newsletter_tier_id":0,"_jetpack_memberships_contains_paywalled_content":false,"_jetpack_memberships_contains_paid_content":false,"footnotes":""},"categories":[1],"tags":[],"class_list":["post-8896","post","type-post","status-publish","format-standard","hentry","category-sin-categoria"],"jetpack_featured_media_url":"","jetpack_sharing_enabled":true,"jetpack_shortlink":"https:\/\/wp.me\/p4Qcd3-2ju","_links":{"self":[{"href":"https:\/\/lospoliticosveracruz.com.mx\/index.php?rest_route=\/wp\/v2\/posts\/8896","targetHints":{"allow":["GET"]}}],"collection":[{"href":"https:\/\/lospoliticosveracruz.com.mx\/index.php?rest_route=\/wp\/v2\/posts"}],"about":[{"href":"https:\/\/lospoliticosveracruz.com.mx\/index.php?rest_route=\/wp\/v2\/types\/post"}],"author":[{"embeddable":true,"href":"https:\/\/lospoliticosveracruz.com.mx\/index.php?rest_route=\/wp\/v2\/users\/1"}],"replies":[{"embeddable":true,"href":"https:\/\/lospoliticosveracruz.com.mx\/index.php?rest_route=%2Fwp%2Fv2%2Fcomments&post=8896"}],"version-history":[{"count":0,"href":"https:\/\/lospoliticosveracruz.com.mx\/index.php?rest_route=\/wp\/v2\/posts\/8896\/revisions"}],"wp:attachment":[{"href":"https:\/\/lospoliticosveracruz.com.mx\/index.php?rest_route=%2Fwp%2Fv2%2Fmedia&parent=8896"}],"wp:term":[{"taxonomy":"category","embeddable":true,"href":"https:\/\/lospoliticosveracruz.com.mx\/index.php?rest_route=%2Fwp%2Fv2%2Fcategories&post=8896"},{"taxonomy":"post_tag","embeddable":true,"href":"https:\/\/lospoliticosveracruz.com.mx\/index.php?rest_route=%2Fwp%2Fv2%2Ftags&post=8896"}],"curies":[{"name":"wp","href":"https:\/\/api.w.org\/{rel}","templated":true}]}}