{"id":8897,"date":"2009-04-17T02:05:00","date_gmt":"2009-04-17T02:05:00","guid":{"rendered":"http:\/\/www.lospoliticosveracruz.com.mx\/?p=8897"},"modified":"2014-10-08T19:26:54","modified_gmt":"2014-10-08T19:26:54","slug":"todo-lo-que-sube-tiene-que-bajar","status":"publish","type":"post","link":"https:\/\/lospoliticosveracruz.com.mx\/?p=8897","title":{"rendered":"Todo lo que sube tiene que bajar"},"content":{"rendered":"<p><strong>Eva Varona<\/strong><br \/><em>Cuando las Piedras hablan, los hombres tiemblan<\/em><\/p>\n<p>Un d\u00eda vino de visita un amigo desde el Distrito Federal, mismo que trabaja en un medio nacional; aquella ma\u00f1ana tendidos sobre el comedor de la casa, como todas las ma\u00f1anas, alineados los 6 principales diarios locales que se leen de caj\u00f3n m\u00e1s uno que otro colado pasqu\u00edn.<br \/>Mi amigo se vio atra\u00eddo por aquellos medios, imposible no hacerlo siendo periodista, as\u00ed que se tomo su tiempo de verlos cuando yo en la cocina preparaba un cafecito.<br \/>Cuando llegue hasta \u00e9l me dijo en un tono casi alarmante:<br \/>\u00bfY\u2026ESTO ES LA PRENSA DE VERACRUZ?<br \/>No tuve m\u00e1s remedio que agachar la cabeza y decirle&#8230;que as\u00ed era.<br \/>Lindo panorama\u2026<br \/>En todas las primeras planas, la misma foto del gobernador Herrera con casi el mismo titular, claro todo con marquito rojo pa\u00b4que resalte.<br \/>\u201cLa misma foto, el mismo titular, s\u00f3lo se usar\u00edan en caso de que \u00e9l mismo muriera o hubiera pasado por algo tr\u00e1gico; digno de una importancia nacional\u2026pero \u00bfesto?\u201d; me comento mi amigo.<br \/>El comunicado de que inaugur\u00f3 \u201cx\u201d carretera, en primera plana, 6 columnas, de 2 a 3 pisos.<br \/>Una campa\u00f1a medi\u00e1tica rid\u00edculamente evidente, hasta casi las mismas palabras.<br \/>S\u00ed, hasta dan ganas de vomitar; y aunque esto fue hace como dos meses, honestamente opte por no leer los peri\u00f3dicos locales, refugi\u00e1ndome en el \u00fanico medio que es m\u00e1s imparcial\u2026el internet.<br \/>Mis intentos fueron fallidos, porque a mi correo desfilaban los boletines lambiscones con t\u00edtulos pedantes y ofensivos a la inteligencia de cualquiera.<br \/>Prensa y revistas inundados de color rojo e inserciones pagadas a lo descarado.<br \/>A trav\u00e9s de este mandato he visto nacer al por mayor; pasquines, semanarios, revistas y gran cantidad de medios cocinados al vapor, cuyo contendi\u00f3 \u00fanicamente gira alrededor de un objetivo:<br \/>Adular a un gobierno \u201cfiel\u201d con s\u00fabditos \u201cfieles\u201d (aunque en \u00faltimas fechas ni tan fieles).<br \/>Desfilaban los halagos desmedidos, sesiones fotogr\u00e1ficas al estilo de aventurera, entrevistas pagadas, eventos sociales.<br \/>\u00bfPor qu\u00e9 no mostrarlo antes, para que la sociedad se entere?<br \/>Muy sencillo.<br \/>Porque a las personas que deber\u00eda interesales m\u00e1s, que ir\u00f3nicamente conforman la mayor\u00eda del padr\u00f3n electoral, son los j\u00f3venes; y estos ni leen y ni les interesa\u2026peor a\u00fan, viven estupidizados por el bombardeo de las industrias culturales que han sedado sus cerebros impidi\u00e9ndoles pensar y cuestionar lo que consideran, que al aparecer en un peri\u00f3dico ya es una verdad.<br \/>O en el peor de los males\u2026prefieren una sombrilla roja pal\u00b4calor.<br \/>Al pueblo pan y circo\u2026<br \/>En ese momento no s\u00f3lo la prensa escrita estatal se inund\u00f3 de la ola roja\u2026me resulta repulsivo ver por internet la absurda campa\u00f1a medi\u00e1tica de blogs, portales, space rendidos a una campa\u00f1a sin fin.<br \/>Lo bueno de internet (gracias al dios del internet) es que se puede luchar en distintas trincheras y conseguir un respiro de imparcialidad, un poco m\u00e1s de objetividad.<br \/>Y es ah\u00ed, donde se ve con mayor evidencia, el abandono de lo que obviamente ya va de salida.<br \/>Duro, dur\u00edsimo debi\u00f3 ser el golpe que sintiera Fidel Herrera al ver la encuentras publicadas en el peri\u00f3dico EXCELSIOR \u2013lunes 18 de abril 09-, porque no hay nada m\u00e1s duro que darse cuenta que vivi\u00f3 enga\u00f1ado en una burbuja rosa que le pinto un estado rendido a sus pies, por medio de publicaciones y parafernalias que antes mencion\u00e9.<br \/>Ser\u00e1 por eso que se le ve un ojo morado a Gobernador Veracruzano, golpeado por el pasado que irremediablemente siempre regresara a saldar cuentas.<br \/>La fe no garantiza la obediencia.<br \/>En dichas encuestas, muestra lo que es casi predecible; un Gobernador con Carisma y con bastante peso pol\u00edtico, alguien que sabe no morder la mano que le da de comer\u2026Enrique Pe\u00f1a Nieto.<br \/>Un d\u00eda escuchaba de la voz de una chica veracruzana: \u201cyo si votar\u00eda por \u00e9l no mas por guapo\u201d<br \/>0_o<br \/>As\u00ed las cosas\u2026<br \/>Y la lista sigue; el popul\u00f3metro, indica la preferencia por los gobernadores \u00fanicamente de extracci\u00f3n pri\u00edsta, aqu\u00ed se las escaneo para que la vean con m\u00e1s detalle.<br \/>El detalle est\u00e1 en que, en el sondeo vemos a un \u201cGober precioso\u201d Mario Mar\u00edn, tres sitios arriba de la preferencia de Fidel Herrera, quien condecora el no muy agraciado lugar noveno.<br \/>\u00bfQu\u00e9 sucedi\u00f3?<br \/>\u00a1!Pero si la prensa de Veracruz me adora\u00a1\u00a1<br \/>He visto como en sus encuestas me colocan por encima de todo\u2026<br \/>\u00bfC\u00f3mo es posible?<br \/>Bien\u2026nunca es tarde para darse cuenta qui\u00e9nes son tus amigos y cu\u00e1les tus enemigos; pero lo mejor ser\u00eda, como dir\u00eda Carmen Salinas:<br \/>\u201cA mis enemigos los escojo yo\u201d<\/p>\n","protected":false},"excerpt":{"rendered":"<p>Eva VaronaCuando las Piedras hablan, los hombres tiemblan Un d\u00eda vino de visita un amigo desde el Distrito Federal, mismo que trabaja en un medio nacional; aquella ma\u00f1ana tendidos sobre el comedor de la casa, como todas las ma\u00f1anas, alineados los 6 principales diarios locales que se leen de caj\u00f3n m\u00e1s uno que otro colado [&hellip;]<\/p>\n","protected":false},"author":1,"featured_media":0,"comment_status":"open","ping_status":"open","sticky":false,"template":"","format":"standard","meta":{"_jetpack_newsletter_access":"","_jetpack_dont_email_post_to_subs":false,"_jetpack_newsletter_tier_id":0,"_jetpack_memberships_contains_paywalled_content":false,"_jetpack_memberships_contains_paid_content":false,"footnotes":""},"categories":[1],"tags":[],"class_list":["post-8897","post","type-post","status-publish","format-standard","hentry","category-sin-categoria"],"jetpack_featured_media_url":"","jetpack_sharing_enabled":true,"jetpack_shortlink":"https:\/\/wp.me\/p4Qcd3-2jv","_links":{"self":[{"href":"https:\/\/lospoliticosveracruz.com.mx\/index.php?rest_route=\/wp\/v2\/posts\/8897","targetHints":{"allow":["GET"]}}],"collection":[{"href":"https:\/\/lospoliticosveracruz.com.mx\/index.php?rest_route=\/wp\/v2\/posts"}],"about":[{"href":"https:\/\/lospoliticosveracruz.com.mx\/index.php?rest_route=\/wp\/v2\/types\/post"}],"author":[{"embeddable":true,"href":"https:\/\/lospoliticosveracruz.com.mx\/index.php?rest_route=\/wp\/v2\/users\/1"}],"replies":[{"embeddable":true,"href":"https:\/\/lospoliticosveracruz.com.mx\/index.php?rest_route=%2Fwp%2Fv2%2Fcomments&post=8897"}],"version-history":[{"count":0,"href":"https:\/\/lospoliticosveracruz.com.mx\/index.php?rest_route=\/wp\/v2\/posts\/8897\/revisions"}],"wp:attachment":[{"href":"https:\/\/lospoliticosveracruz.com.mx\/index.php?rest_route=%2Fwp%2Fv2%2Fmedia&parent=8897"}],"wp:term":[{"taxonomy":"category","embeddable":true,"href":"https:\/\/lospoliticosveracruz.com.mx\/index.php?rest_route=%2Fwp%2Fv2%2Fcategories&post=8897"},{"taxonomy":"post_tag","embeddable":true,"href":"https:\/\/lospoliticosveracruz.com.mx\/index.php?rest_route=%2Fwp%2Fv2%2Ftags&post=8897"}],"curies":[{"name":"wp","href":"https:\/\/api.w.org\/{rel}","templated":true}]}}