{"id":8898,"date":"2009-04-17T00:25:00","date_gmt":"2009-04-17T00:25:00","guid":{"rendered":"http:\/\/www.lospoliticosveracruz.com.mx\/?p=8898"},"modified":"2014-10-08T19:26:54","modified_gmt":"2014-10-08T19:26:54","slug":"del-i-dreamed-a-dream-al-yo-te-vi-yo-te-vi-fidel","status":"publish","type":"post","link":"https:\/\/lospoliticosveracruz.com.mx\/?p=8898","title":{"rendered":"Del \u201cI dreamed a dream\u201d al \u201cYo te vi, yo te vi, Fidel\u201d"},"content":{"rendered":"<p><a href=\"http:\/\/www.lospoliticosveracruz.com.mx\/wp-content\/uploads\/2009\/04\/Susan.jpg\"><img decoding=\"async\" style=\"display:block; margin:0px auto 10px; text-align:center;cursor:pointer; cursor:hand;width: 320px; height: 230px;\" src=\"http:\/\/www.lospoliticosveracruz.com.mx\/wp-content\/uploads\/2009\/04\/Susan-300x216.jpg\" border=\"0\" alt=\"\"id=\"BLOGGER_PHOTO_ID_5325450645253331490\" \/><\/a><br \/><a href=\"http:\/\/www.lospoliticosveracruz.com.mx\/wp-content\/uploads\/2009\/04\/Gael.jpg\"><img decoding=\"async\" style=\"display:block; margin:0px auto 10px; text-align:center;cursor:pointer; cursor:hand;width: 320px; height: 262px;\" src=\"http:\/\/www.lospoliticosveracruz.com.mx\/wp-content\/uploads\/2009\/04\/Gael-300x245.jpg\" border=\"0\" alt=\"\"id=\"BLOGGER_PHOTO_ID_5325450647302739954\" \/><\/a><br \/><strong>Salvador Mu\u00f1oz<\/strong><br \/><em>Los Pol\u00edticos<\/em><\/p>\n<p>El caso de Susan Boyle, brit\u00e1nica de aproximados 50 a\u00f1os, desempleada, que de la noche a la ma\u00f1ana salta a la fama internacional por un video de \u201cyoutube\u201d, nos obliga a reflexionar en lo maravilloso que es la tecnolog\u00eda que cada d\u00eda acorta con m\u00e1s celeridad las distancias en el mundo.<br \/>Susan participa en un \u201creallity show\u201d llamado \u201cBritain\u2019s got talent\u201d (El Reino Unido tiene talento) y tras interpretar un tema de la obra \u201cLos Miserables\u201d titulado \u201cI dreamed a dream\u201d (algo as\u00ed como \u201cso\u00f1\u00e9 un sue\u00f1o\u201d), deja a todos con la boca abierta. Cuando la escuch\u00e9, en la primera entonaci\u00f3n, quedo fascinado.<br \/>Esta mujer, de 47 a\u00f1os, robusta, que a primera vista me recuerda a Silvia Dom\u00ednguez, provoca una catarsis auditiva que sacude los lacrimales.<br \/>Les ofrezco el link para que, si tienen oportunidad, la vean y escuchen\u2026 <a href=\"http:\/\/www.youtube.com\/watch?v=dSFP4XfE8jI\">http:\/\/www.youtube.com\/watch?v=dSFP4XfE8jI<\/a><br \/>Esta mujer, por su apariencia, fue prejuzgada de inmediato por jueces y p\u00fablico en general. He de confesar que cuando la vi en el escenario lo primero que se me vino a mi mente fue \u201cvoy a escuchar berridos\u201d. \u00a1Son las veces que me alegro equivocarme!<br \/>A partir de su actuaci\u00f3n, medios de televisi\u00f3n y electr\u00f3nicos se dieron a la tarea de difundir su imagen y por supuesto, tambi\u00e9n por el \u201cyoutube\u201d.<br \/>En verdad que a veces espanta la manera en que se mueve la noticia a trav\u00e9s de la tecnolog\u00eda\u2026 nos podemos comunicar con alguien al otro lado del mundo ya sea por el famoso \u201cmessenger\u201d o las famosas redes sociales, siendo la m\u00e1s popular en este momento, al menos en Veracruz, el Facebook, que en otras ocasiones ha sido tema de nuestras redacciones.<br \/>Son tan importantes estas redes que candidatos y hasta el gobernador, est\u00e1n en ellas.<br \/>\u00a1Vaya! Ayer Fidel Herrera Beltr\u00e1n difund\u00eda a trav\u00e9s del Facebook un video-mensaje resaltando la importancia de este medio:<br \/>\u201cTe saludo con afecto y te subrayo lo importante que es estar en contacto con los medios electr\u00f3nicos, los medios cibern\u00e9ticos, los medios de la modernidad, \u00e9ste, el de las redes sociales de la Internet.<br \/>\u201cA m\u00ed me sorprende mucho la capacidad digital de los veracruzanos, sobre todo, los de las nuevas generaciones y tambi\u00e9n la disposici\u00f3n que tienen todos los veracruzanos, sobre todo, las mujeres y los hombres, para mantenerse en contacto, para  conectarse, ayudarse, cuidarse, protegerse, respaldarse y hacer incluso buenos negocios\u2026<br \/>\u201cVeracruz est\u00e1 creciendo, como parte de este Veracruz del presente y del futuro\u2026<br \/>\u201cComo tu amigo Fidel, como gobernador de Veracruz, Fidel Herrera Beltr\u00e1n, estoy a tu disposici\u00f3n, soy tu aliado, soy tu amigo, estamos unidos, vamos bien, nuestro esfuerzo contin\u00faa\u201d.<br \/>Da gusto saber que nuestro gobernador est\u00e9 al tanto e inmerso en la tecnolog\u00eda y sus avances.<br \/>Sabe de las ventajas que tienen estas redes sociales y su difusi\u00f3n enorme.<br \/>Pero al igual que tiene ventajas\u2026 \u00a1hay tambi\u00e9n desventajas! Bueno, dependiendo del lado en que uno se encuentre.<br \/>Por ejemplo, el video que en youtube o justo al final de esta columna que aparece sobre T\u00edo Fide.<br \/>No deja de sorprender el ingenio de sus productores que, utilizando la canci\u00f3n de \u201cQuiero que me quieras\u201d que lanz\u00f3 a la fama Gael Garc\u00eda en la pel\u00edcula \u201cRudo y Cursi\u201d, hacen una mofa del gobernador con una letra muy peculiar que en el estribillo dice: \u201cYo te vi, yo te vi, yo te vi robando\u201d. \u00a1As\u00ed que ya se ha de imaginar!<br \/>Nada m\u00e1s les pongo un pedacito de la canci\u00f3n\u2026 ya de ustedes depende si la buscan en youtube o en el blog:<br \/>\u201c\u00c9l es Fidel Herrera \/<br \/>Siempre hace lo que quiera \/<br \/>\u00c9l tiene buena suerte \/<br \/>Y amigos influyentes \/<\/p>\n<p>Ganar la loter\u00eda es ca\u00f1\u00f3n \/<br \/>Dos veces s\u00ed que est\u00e1 cabr\u00f3n \/<br \/>Si otra serie compra hoy \/<br \/>Seguriiiito se la gana\u2026\u201d<\/p>\n<p>Por supuesto, de escuchar y ver a Susan Boyle a ver el video de Gael Garc\u00eda y la parodia que hacen con el gobernador, prefiero a la brit\u00e1nica y la catarsis auditiva que provoca. \u00bfY usted?<\/p>\n","protected":false},"excerpt":{"rendered":"<p>Salvador Mu\u00f1ozLos Pol\u00edticos El caso de Susan Boyle, brit\u00e1nica de aproximados 50 a\u00f1os, desempleada, que de la noche a la ma\u00f1ana salta a la fama internacional por un video de \u201cyoutube\u201d, nos obliga a reflexionar en lo maravilloso que es la tecnolog\u00eda que cada d\u00eda acorta con m\u00e1s celeridad las distancias en el mundo.Susan participa [&hellip;]<\/p>\n","protected":false},"author":1,"featured_media":0,"comment_status":"open","ping_status":"open","sticky":false,"template":"","format":"standard","meta":{"_jetpack_newsletter_access":"","_jetpack_dont_email_post_to_subs":false,"_jetpack_newsletter_tier_id":0,"_jetpack_memberships_contains_paywalled_content":false,"_jetpack_memberships_contains_paid_content":false,"footnotes":""},"categories":[1],"tags":[],"class_list":["post-8898","post","type-post","status-publish","format-standard","hentry","category-sin-categoria"],"jetpack_featured_media_url":"","jetpack_sharing_enabled":true,"jetpack_shortlink":"https:\/\/wp.me\/p4Qcd3-2jw","_links":{"self":[{"href":"https:\/\/lospoliticosveracruz.com.mx\/index.php?rest_route=\/wp\/v2\/posts\/8898","targetHints":{"allow":["GET"]}}],"collection":[{"href":"https:\/\/lospoliticosveracruz.com.mx\/index.php?rest_route=\/wp\/v2\/posts"}],"about":[{"href":"https:\/\/lospoliticosveracruz.com.mx\/index.php?rest_route=\/wp\/v2\/types\/post"}],"author":[{"embeddable":true,"href":"https:\/\/lospoliticosveracruz.com.mx\/index.php?rest_route=\/wp\/v2\/users\/1"}],"replies":[{"embeddable":true,"href":"https:\/\/lospoliticosveracruz.com.mx\/index.php?rest_route=%2Fwp%2Fv2%2Fcomments&post=8898"}],"version-history":[{"count":0,"href":"https:\/\/lospoliticosveracruz.com.mx\/index.php?rest_route=\/wp\/v2\/posts\/8898\/revisions"}],"wp:attachment":[{"href":"https:\/\/lospoliticosveracruz.com.mx\/index.php?rest_route=%2Fwp%2Fv2%2Fmedia&parent=8898"}],"wp:term":[{"taxonomy":"category","embeddable":true,"href":"https:\/\/lospoliticosveracruz.com.mx\/index.php?rest_route=%2Fwp%2Fv2%2Fcategories&post=8898"},{"taxonomy":"post_tag","embeddable":true,"href":"https:\/\/lospoliticosveracruz.com.mx\/index.php?rest_route=%2Fwp%2Fv2%2Ftags&post=8898"}],"curies":[{"name":"wp","href":"https:\/\/api.w.org\/{rel}","templated":true}]}}