{"id":8900,"date":"2009-04-16T01:36:00","date_gmt":"2009-04-16T01:36:00","guid":{"rendered":"http:\/\/www.lospoliticosveracruz.com.mx\/?p=8900"},"modified":"2014-10-08T19:26:54","modified_gmt":"2014-10-08T19:26:54","slug":"expulsacion","status":"publish","type":"post","link":"https:\/\/lospoliticosveracruz.com.mx\/?p=8900","title":{"rendered":"\u201cExpulsaci\u00f3n\u201d"},"content":{"rendered":"<p><a href=\"http:\/\/www.lospoliticosveracruz.com.mx\/wp-content\/uploads\/2009\/04\/Duarte.jpg\"><img decoding=\"async\" style=\"display:block; margin:0px auto 10px; text-align:center;cursor:pointer; cursor:hand;width: 265px; height: 400px;\" src=\"http:\/\/www.lospoliticosveracruz.com.mx\/wp-content\/uploads\/2009\/04\/Duarte-198x300.jpg\" border=\"0\" alt=\"\"id=\"BLOGGER_PHOTO_ID_5325099523717499858\" \/><\/a><br \/><strong>Salvador Mu\u00f1oz<\/strong><br \/><em>Los Pol\u00edticos <\/em><\/p>\n<p>Seg\u00fan los estudiosos de la lengua, \u201cExpulsar\u201d significa \u201cGuiar a alguien hacia fuera\u201d, que parece m\u00e1s bien \u201cuna invitaci\u00f3n a que te vayas\u201d.<br \/>Siendo literales, uno recordar\u00eda el c\u00e9lebre rebuznido de Vicente Fox a Fidel Castro cuando en una grabaci\u00f3n se escucha al mandatario sugerirle al cubano: \u201cComes y te vas\u201d.<br \/>Bueno, pero volviendo a la \u201cexpulsi\u00f3n\u201d, qui\u00e9n no recuerda la que se gan\u00f3 Niurka (\u00a1otra cubana!) pero en un programa de televisi\u00f3n llamado \u201cBig Brother\u201d. El motivo, romper las reglas del juego.<br \/>Aunque hay una expulsi\u00f3n que siempre me ha impresionado: \u00a1La del Padre Merry en la pel\u00edcula del Exorcista!<br \/>Por supuesto, no podemos dejar de lado en el tema de las \u201cExpulsaciones\u201d a Legi\u00f3n, el demonio que pidi\u00f3 a Jes\u00fas que si lo expulsara del cuerpo del geraseno, lo arrojara a una piara de cerdos\u2026 porque eran muchos.<br \/>Ahora, me llama la atenci\u00f3n una foto que se difundi\u00f3 en varios medios de informaci\u00f3n. Aparece Javier Duarte de Ochoa, candidato del PRI a la diputaci\u00f3n federal por C\u00f3rdoba, con una tarjeta roja en la mano derecha en similar movimiento de cuando se expulsa a alguien.<br \/>Por supuesto, algunos medios pusieron algo como \u201cla tarjeta roja con la que los cordobeses expulsar\u00e1n a Hermosillo\u201d o \u201cJavier Duarte (\u2026) le sac\u00f3 la tarjeta roja a su contrincante Carlos Hermosillo\u201d.<br \/>El asunto no tendr\u00eda ninguna relevancia m\u00e1s que el juego pol\u00edtico que infiere la famosa tarjeta roja y el hecho de que Carlos Hermosillo fue jugador de futbol.<br \/>Dije \u201cno tendr\u00eda\u201d pero la tiene.<br \/>\u00bfPor qu\u00e9?<br \/>Muy sencillo: Los \u201casesores\u201d de Javier Duarte debieron comentarle algo al candidato despu\u00e9s de que le tomaron la foto\u2026 \u201cSe\u00f1or, \u00bfsabe qui\u00e9n es el autorizado para sacar una tarjeta roja en un partido de futbol?&#8230; el \u00e1rbitro\u201d.<br \/>Es decir, parece que con esa foto, muy aparte de los pies de gr\u00e1fica que le hayan puesto, Javier Duarte de Ochoa asume el papel de juez.<br \/>Si bien, en lo particular, a m\u00ed no me agrada el oportunismo de Carlos Hermosillo al situarse como potencial candidato del PAN a diputado federal por el distrito de C\u00f3rdoba, es claro que \u201cel Bultote de Cerro Azul\u201d est\u00e1 en su derecho a intentarlo. S\u00f3lo recordemos que Fidel Herrera Beltr\u00e1n fue diputado por Boca del R\u00edo y P\u00e1nuco\u2026 \u00bfven? Es totalmente normal\u2026<br \/>Incluso, hace unos d\u00edas, un amigo de C\u00f3rdoba, indignado, se me acerc\u00f3 y me expres\u00f3 su indignaci\u00f3n por saber que Carlos Hermosillo ser\u00eda candidato.<br \/>As\u00ed como este cordob\u00e9s, ha de haber muchos que se encuentran \u201csacados de onda\u201d con Hermosillo y puede que le pase lo mismo que le ocurri\u00f3 cuando del equipo Am\u00e9rica lleg\u00f3 de Europa para enfilarse si no mal recuerdo, en el Cruz Azul\u2026 \u00a1los millonetas del Am\u00e9rica nunca se lo perdonaron! A lo mejor C\u00f3rdoba tampoco le perdone su arribismo.<br \/>Entonces, para no hacer el cuento largo, considero que est\u00e1 mal el manejo de esa foto de Javier Duarte por parte de su equipo de \u201casesores\u201d porque no es \u00e9l el juez, sino un jugador m\u00e1s.<br \/>Que sea entonces el pueblo que decida si le saca la tarjeta roja o no este cinco de julio y eso s\u00ed, nom\u00e1s que recuerde Duarte de Ochoa, si hay alguien con la autoridad suficiente para expulsar a un \u201cgrandote\u201d (\u00e9ste s\u00ed \u201cGrandote\u201d) de azul, ha sido Arturo Brizio Carter, en el mundial del 98, en Francia, cuando Zinedine Zidane pis\u00f3 a su contrincante\u2026 \u00a1Tarjeta roja y fuera!<\/p>\n","protected":false},"excerpt":{"rendered":"<p>Salvador Mu\u00f1ozLos Pol\u00edticos Seg\u00fan los estudiosos de la lengua, \u201cExpulsar\u201d significa \u201cGuiar a alguien hacia fuera\u201d, que parece m\u00e1s bien \u201cuna invitaci\u00f3n a que te vayas\u201d.Siendo literales, uno recordar\u00eda el c\u00e9lebre rebuznido de Vicente Fox a Fidel Castro cuando en una grabaci\u00f3n se escucha al mandatario sugerirle al cubano: \u201cComes y te vas\u201d.Bueno, pero volviendo [&hellip;]<\/p>\n","protected":false},"author":1,"featured_media":11868,"comment_status":"open","ping_status":"open","sticky":false,"template":"","format":"standard","meta":{"_jetpack_newsletter_access":"","_jetpack_dont_email_post_to_subs":false,"_jetpack_newsletter_tier_id":0,"_jetpack_memberships_contains_paywalled_content":false,"_jetpack_memberships_contains_paid_content":false,"footnotes":""},"categories":[1],"tags":[],"class_list":["post-8900","post","type-post","status-publish","format-standard","has-post-thumbnail","hentry","category-sin-categoria"],"jetpack_featured_media_url":"https:\/\/lospoliticosveracruz.com.mx\/wp-content\/uploads\/2009\/04\/Duarte.jpg","jetpack_sharing_enabled":true,"jetpack_shortlink":"https:\/\/wp.me\/p4Qcd3-2jy","_links":{"self":[{"href":"https:\/\/lospoliticosveracruz.com.mx\/index.php?rest_route=\/wp\/v2\/posts\/8900","targetHints":{"allow":["GET"]}}],"collection":[{"href":"https:\/\/lospoliticosveracruz.com.mx\/index.php?rest_route=\/wp\/v2\/posts"}],"about":[{"href":"https:\/\/lospoliticosveracruz.com.mx\/index.php?rest_route=\/wp\/v2\/types\/post"}],"author":[{"embeddable":true,"href":"https:\/\/lospoliticosveracruz.com.mx\/index.php?rest_route=\/wp\/v2\/users\/1"}],"replies":[{"embeddable":true,"href":"https:\/\/lospoliticosveracruz.com.mx\/index.php?rest_route=%2Fwp%2Fv2%2Fcomments&post=8900"}],"version-history":[{"count":0,"href":"https:\/\/lospoliticosveracruz.com.mx\/index.php?rest_route=\/wp\/v2\/posts\/8900\/revisions"}],"wp:featuredmedia":[{"embeddable":true,"href":"https:\/\/lospoliticosveracruz.com.mx\/index.php?rest_route=\/wp\/v2\/media\/11868"}],"wp:attachment":[{"href":"https:\/\/lospoliticosveracruz.com.mx\/index.php?rest_route=%2Fwp%2Fv2%2Fmedia&parent=8900"}],"wp:term":[{"taxonomy":"category","embeddable":true,"href":"https:\/\/lospoliticosveracruz.com.mx\/index.php?rest_route=%2Fwp%2Fv2%2Fcategories&post=8900"},{"taxonomy":"post_tag","embeddable":true,"href":"https:\/\/lospoliticosveracruz.com.mx\/index.php?rest_route=%2Fwp%2Fv2%2Ftags&post=8900"}],"curies":[{"name":"wp","href":"https:\/\/api.w.org\/{rel}","templated":true}]}}