{"id":8901,"date":"2009-04-15T13:35:00","date_gmt":"2009-04-15T13:35:00","guid":{"rendered":"http:\/\/www.lospoliticosveracruz.com.mx\/?p=8901"},"modified":"2014-10-08T19:26:54","modified_gmt":"2014-10-08T19:26:54","slug":"tula-cronica-de-un-dedazo","status":"publish","type":"post","link":"https:\/\/lospoliticosveracruz.com.mx\/?p=8901","title":{"rendered":"Tula: cr\u00f3nica de un dedazo"},"content":{"rendered":"<blockquote><p>* El \u201cgrandote\u201d de Tlalpan<br \/>* Joya de la corona azul<\/p><\/blockquote>\n<p><strong>Jos\u00e9 Ortiz Medina<\/strong><br \/><em>En Corto&#8230; sin Cortes<\/em><\/p>\n<p>Era cr\u00f3nica de un dedazo presidencial anunciado. Desde hace meses el Presidente Felipe Calder\u00f3n Hinojosa hab\u00eda decidido la sede de la nueva refiner\u00eda.<br \/>El anuncio oficial ya ten\u00eda fecha, es decir, el pasado 18 de marzo durante la conmemoraci\u00f3n de la expropiaci\u00f3n petrolera. Sin embargo, como es de todos sabido, la decisi\u00f3n se posterg\u00f3 y se someti\u00f3 a la deliberaci\u00f3n de foros a la que asistieron varios gobernadores.<br \/>\u00bfPara qu\u00e9 tanto \u201cteatro\u201d si la decisi\u00f3n ya estaba tomada? \u00bfacaso no fue una falta de seriedad? <br \/>Ayer Petr\u00f3leos Mexicanos confirm\u00f3 que ser\u00e1 Tula, Hidalgo, el lugar en donde ser\u00e1 construido el nuevo complejo petroqu\u00edmico.<br \/>En el camino se qued\u00f3 Tuxpan, ciudad que cumpl\u00eda con los requisitos: es puerto, su cercan\u00eda con la ciudad de M\u00e9xico, el norte del pa\u00eds y los Estados Unidos, entre otros aspectos.<br \/>Cuesta mucho creer que la determinaci\u00f3n se haya apegado a criterios estrictamente t\u00e9cnicos. <br \/>Todo parece indicar que pesaron m\u00e1s los motivos pol\u00edticos.<br \/>Piensa mal y acertar\u00e1s, reza el adagio popular. <br \/>Para nadie es un secreto el hecho de que el Estado de Veracruz es estrat\u00e9gico desde el punto de vista electoral. Es la tercera reserva de votos despu\u00e9s del Distrito Federal y el Estado de M\u00e9xico.En ninguna de estas entidades tiene el PAN una hegemon\u00eda.<br \/>As\u00ed, Calder\u00f3n decidi\u00f3 regatearle miles de empleos a Veracruz, pensando quiz\u00e1 que ello beneficiar\u00eda a una administraci\u00f3n priista, en pleno proceso electoral federal y en v\u00edspera de los comicios locales del 2010.   <br \/>Mientras tanto, el gobernador Fidel Herrera Beltr\u00e1n tom\u00f3 la noticia con calma e institucional que es con la figura presidencial, acat\u00f3 la resoluci\u00f3n. No obstante, el mandatario estatal dijo que no quitar\u00e1 el dedo del rengl\u00f3n al insistir en Tuxpan como futura sede la segunda refiner\u00eda que construya Pemex. <br \/>Y otro que corrigi\u00f3 su discurso fue el senador panista Juan Bueno Torio, quien \u2013ahora s\u00ed\u2014 no se regocij\u00f3 con el fallo presidencial. Don Juan jura y perjura que le late m\u00e1s Tuxpan. Pues s\u00ed, tonto no es, sobre todo ahora que busca la candidatura a la gubernatura.  <\/p>\n<p>CARLOS Hermosillo va de mal en peor. Primero fue su cuestionada imposici\u00f3n como candidato a diputado federal por el distrito de C\u00f3rdoba, lo cual gener\u00f3 malestar entre la militancia; despu\u00e9s lo de sus no aclaradas cuentas en la Conade y ahora, tras dejar a la prensa plantada el pasado lunes, reaparece este martes pero con la condici\u00f3n de que no le pregunten sobre su \u201cfuturo pol\u00edtico\u201d. Pero por si lo anterior fuera poco, admite a los reporteros que no conoce bien el distrito, pues apenas \u201clo estoy estudiando\u201d. El consenso de los ciudadanos fue lapidario\u2026 \u201cel grandote\u201d de Cerro Azul dej\u00f3 de serlo por no haber comprobado su estancia vigente en Veracruz, y ahora se convirti\u00f3 en el \u201cgrandul\u00f3n de Tlalpan\u201d con boleto de regreso al estadio Azteca para que contin\u00fae como candidato \u201cde la patada\u201d.<\/p>\n<p>PANISTAS preparan en todo el pa\u00eds \u2013y Veracruz no ser\u00e1 la excepci\u00f3n\u2014 una campa\u00f1a de desprestigio contra el PRI. Esta guerra sucia tiene nombre. Se llama \u201cJoya de la corona azul\u201d, y consiste en descalificar al PRI, a sus funcionarios y a los gobiernos estatales antes de las elecciones. <\/p>\n<p>HACE 48 horas el Presidente de la Junta de Coordinaci\u00f3n Pol\u00edtica del Congreso del Estado, H\u00e9ctor Yunes Landa se\u00f1alaba que la transparencia en el ejercicio de los recursos p\u00fablicos es un compromiso ineludible en el Gobierno del Estado y ayer el Diputado y Presidente de la Comisi\u00f3n de Vigilancia Gonzalo Gu\u00edzar lo secund\u00f3 al referirse al caso de Marcos Theurel Cotero, como un asunto muy trillado, en el que muchos opinan y nadie aporta pruebas de los supuestos desaseos financieros ante las instancias jurisdiccionales. Pero lo rescatable de todo esto, sin duda alguna es la sensibilidad y civilidad pol\u00edtica del legislador  por Coatzacoalcos al literalmente fortalecer al equipo del Gobernador Fidel Herrera, partiendo de la premisa que en menos de un a\u00f1o, el a\u00fan titular de la SECOM pudiera ser un adversario del m\u00e1s fuerte de los suspirantes de la candidatura del PRI a la Presidencia municipal del antiguo Puerto M\u00e9xico, es decir, Gonzalo Gu\u00edzar a quien \u00faltimamente se la ha visto muy activo al lado de Marcelo Montiel inaugurando calles pavimentadas y dando banderazos de arranques de obra en su tierra natal: Coatzacoalcos.<\/p>\n<p>NOS ESCRIBE una lectora para hacer \u00e9nfasis en que la mayor\u00eda de las casas de empe\u00f1o compran art\u00edculos robados. En ese sentido, si las autoridades quieren abatir ese delito, deben investigar ese tipo de establecimientos. De paso, la ciudadana que nos escribe opina que no deben ser tan burocr\u00e1ticas las empresas de telefon\u00eda celular cuando se reporta el hurto del equipo de comunicaci\u00f3n.<\/p>\n<p>NO SE pierda este mi\u00e9rcoles el programa \u201cEn abierto\u201d que se transmite a las 22 horas. En esta ocasi\u00f3n nos acompa\u00f1ar\u00e1 el maestro Javier Tolentino Garc\u00eda, subdirector acad\u00e9mico del Colegio de Veracruz, autor de varios libros sobre materia educativa. El \u00faltimo texto que public\u00f3 lleva por t\u00edtulo \u201cGesti\u00f3n acad\u00e9mica de las instituciones de educaci\u00f3n superior\u201d. Estar\u00e1n como siempre como panelistas los destacados columnistas V\u00edctor Murgu\u00eda Velasco, Joaqu\u00edn Rosas Garc\u00e9s, Manuel Rosete Ch\u00e1vez, Raymundo Jim\u00e9nez y el autor de estas l\u00edneas.<\/p>\n","protected":false},"excerpt":{"rendered":"<p>* El \u201cgrandote\u201d de Tlalpan* Joya de la corona azul Jos\u00e9 Ortiz MedinaEn Corto&#8230; sin Cortes Era cr\u00f3nica de un dedazo presidencial anunciado. Desde hace meses el Presidente Felipe Calder\u00f3n Hinojosa hab\u00eda decidido la sede de la nueva refiner\u00eda.El anuncio oficial ya ten\u00eda fecha, es decir, el pasado 18 de marzo durante la conmemoraci\u00f3n de [&hellip;]<\/p>\n","protected":false},"author":1,"featured_media":0,"comment_status":"open","ping_status":"open","sticky":false,"template":"","format":"standard","meta":{"_jetpack_newsletter_access":"","_jetpack_dont_email_post_to_subs":false,"_jetpack_newsletter_tier_id":0,"_jetpack_memberships_contains_paywalled_content":false,"_jetpack_memberships_contains_paid_content":false,"footnotes":""},"categories":[1],"tags":[],"class_list":["post-8901","post","type-post","status-publish","format-standard","hentry","category-sin-categoria"],"jetpack_featured_media_url":"","jetpack_sharing_enabled":true,"jetpack_shortlink":"https:\/\/wp.me\/p4Qcd3-2jz","_links":{"self":[{"href":"https:\/\/lospoliticosveracruz.com.mx\/index.php?rest_route=\/wp\/v2\/posts\/8901","targetHints":{"allow":["GET"]}}],"collection":[{"href":"https:\/\/lospoliticosveracruz.com.mx\/index.php?rest_route=\/wp\/v2\/posts"}],"about":[{"href":"https:\/\/lospoliticosveracruz.com.mx\/index.php?rest_route=\/wp\/v2\/types\/post"}],"author":[{"embeddable":true,"href":"https:\/\/lospoliticosveracruz.com.mx\/index.php?rest_route=\/wp\/v2\/users\/1"}],"replies":[{"embeddable":true,"href":"https:\/\/lospoliticosveracruz.com.mx\/index.php?rest_route=%2Fwp%2Fv2%2Fcomments&post=8901"}],"version-history":[{"count":0,"href":"https:\/\/lospoliticosveracruz.com.mx\/index.php?rest_route=\/wp\/v2\/posts\/8901\/revisions"}],"wp:attachment":[{"href":"https:\/\/lospoliticosveracruz.com.mx\/index.php?rest_route=%2Fwp%2Fv2%2Fmedia&parent=8901"}],"wp:term":[{"taxonomy":"category","embeddable":true,"href":"https:\/\/lospoliticosveracruz.com.mx\/index.php?rest_route=%2Fwp%2Fv2%2Fcategories&post=8901"},{"taxonomy":"post_tag","embeddable":true,"href":"https:\/\/lospoliticosveracruz.com.mx\/index.php?rest_route=%2Fwp%2Fv2%2Ftags&post=8901"}],"curies":[{"name":"wp","href":"https:\/\/api.w.org\/{rel}","templated":true}]}}