{"id":8902,"date":"2009-04-15T00:32:00","date_gmt":"2009-04-15T00:32:00","guid":{"rendered":"http:\/\/www.lospoliticosveracruz.com.mx\/?p=8902"},"modified":"2014-10-08T19:26:54","modified_gmt":"2014-10-08T19:26:54","slug":"ofensas","status":"publish","type":"post","link":"https:\/\/lospoliticosveracruz.com.mx\/?p=8902","title":{"rendered":"Ofensas"},"content":{"rendered":"<p><a href=\"http:\/\/www.lospoliticosveracruz.com.mx\/wp-content\/uploads\/2009\/04\/denigrante.jpg\"><img decoding=\"async\" style=\"display:block; margin:0px auto 10px; text-align:center;cursor:pointer; cursor:hand;width: 272px; height: 400px;\" src=\"http:\/\/www.lospoliticosveracruz.com.mx\/wp-content\/uploads\/2009\/04\/denigrante-203x300.jpg\" border=\"0\" alt=\"\"id=\"BLOGGER_PHOTO_ID_5324709774392561282\" \/><\/a><br \/><strong>Salvador Mu\u00f1oz<\/strong><br \/><em>Los Pol\u00edticos<\/em><\/p>\n<p>Hay algo o mucho de indiferencia social ante la \u201cofensa\u201d en nuestra cotidianidad que a veces no nos percatamos cuando llevamos a cabo tal.<br \/>Pero es claro que el ofende debe aplicar la m\u00e1xima que reza: \u201cel que se lleva, se aguanta\u201d.<br \/>As\u00ed que siempre estoy a la espera de que me \u201crefresquen\u201d a la autora de mis d\u00edas y en pol\u00edtica, cada actor debe estar en las mismas condiciones del que escribe\u2026 esperando\u2026<br \/>Hay muchas personas, entre ellas los pol\u00edticos y ni se diga los periodistas (columnistas, reporteros, caricaturistas, fot\u00f3grafos y dem\u00e1s fauna), que hacen de la ofensa un arte lapidario, entendiendo \u00e9ste como el tallar en su memoria y coraz\u00f3n, como si fuera en piedra, la ofensa recibida.<br \/>Eso es lo m\u00e1s f\u00e1cil.<br \/>Lo dif\u00edcil es escribir a la orilla del mar la ofensa y en espera de que la marea y el viento hagan su trabajo y pronto la borren\u2026 \u00a1chingaos! \u00a1somos humanos!<br \/>La \u201cOfensa\u201d lastima, hiere, molesta. Quien ofende, por lo regular, tiene esa intenci\u00f3n aunque hay ocasiones que se ofende sin querer o lo peor: con la verdad.<br \/>Ejemplos, hay muchos pero cheque \u00e9stos:<br \/>* Ahora que una cadena de hamburguesas muy famosa promociona en Espa\u00f1a su \u201cTexican Whopper\u201d, la embajada de M\u00e9xico en ese pa\u00eds se desgarr\u00f3 las vestiduras para decirse \u201cofendida\u201d por el estereotipo para ilustrar al mexicano (un chaparrito enmascarado llamado \u201cCachito\u201d) y el uso de la bandera nacional como jorongo.<br \/>\u00bfDebemos sentirnos ofendidos?<br \/>* No es la primera ocasi\u00f3n que sucede esto\u2026 recuerdo tambi\u00e9n a Paulina Rubio que us\u00f3 una bandera mexicana para cubrir su desnudez\u2026 a diferencia de la hamburguesa, esa ocasi\u00f3n ofendi\u00f3 a miles de patriotas varones y extranjeros, que de inmediato exigieron a la Chica Dorada que se quitara la bandera\u2026<br \/>\u00bfUsted se sinti\u00f3 ofendido en esa ocasi\u00f3n?<br \/>* Quiz\u00e1 tenga en su mente el programa \u201cBig Brother\u201d australiano donde un equipo arrojaba comida a otro grupo, ataviado con sombreros y jorongos, teniendo como fondo la bandera de M\u00e9xico que era salpicada, creo, por frijoles. Igual, autoridades mexicanas pusieron el grito en el cielo aunque los australianos ofrecieron disculpas pero la intenci\u00f3n, dijeron, no fue ofender, sino de cierta forma rendir un homenaje a M\u00e9xico\u2026 cuesti\u00f3n de enfoques\u2026<br \/>\u00bfDebimos ofendernos?<br \/>* Hablo al principio de esa indiferencia a la \u201cofensa\u201d en nuestro entorno diario. Nos estamos volviendo insensibles a la \u201cofensa\u201d.<br \/>Por ejemplo\u2026 cada a\u00f1o, nuestros noticiarios anuncian con bombo y platillo la matanza de foquitas y qu\u00e9 decimos: \u00a1ay, pobrecitas! Y pasada la temporada no nos volvemos a acordar de ellas.<br \/>\u00bfOfende eso? \u00a1Claro que ofende nuestra indiferencia! Eso es lo que realmente ofende.<br \/>* \u00bfQue el PRI o Jorge Carvallo llame o acuse a Basilio de la Vega como \u201cdelincuente\u201d nos ofende? A lo mejor no, porque quiz\u00e1 el grueso de la poblaci\u00f3n no sepa qui\u00e9n es Jorge Carvallo o Basilio de la Vega.<br \/>* \u00bfNos debe ofender que el presidente Calder\u00f3n haya decidido que se haga la refiner\u00eda en Tula y que Veracruz ni siquiera haya sido tomado como segunda opci\u00f3n? dentro de nuestro \u201cchauvinismo\u201d local, puede que s\u00ed, como cuando perd\u00edan los Tiburones Rojos del Veracruz ante cualquier equipo, pero ahora que est\u00e1n en la Primera A, a lo mejor muchos ni sepan c\u00f3mo van\u2026 pero a lo mejor no ofende algo que ya estaba cantado que no iba a ocurrir.<br \/>* \u00bfDebe ofendernos que un contribuyente sea impedido por tres miembros de seguridad de Finanzas del Estado, a romperle su madre al Subdirector de Registro y Control de Obligaciones, Rafael Carlos Hern\u00e1ndez Morales?<br \/>A lo mejor la respuesta ser\u00eda con otra pregunta: \u00bfQu\u00e9 ciudadano no ha tenido ganas de romperle su progenitora a un funcionario por d\u00e9spota, prepotente o simplemente porque intent\u00f3 chantajearlo? No digo que \u00e9ste sea el caso\u2026 s\u00f3lo fue una pregunta.<br \/>* \u00bfNos debe ofender que el PAN se traiga a Carlos Hermosillo como candidato a diputado federal por C\u00f3rdoba?<br \/>A lo mejor si eres orizabe\u00f1o, por esa extra\u00f1a rivalidad, te alegrar\u00eda, pero si hay un poco de razonamiento, puede que resulte ofensivo para el panismo cordob\u00e9s ser desplazado por un oportunista que parece que busca s\u00f3lo fuero con desesperaci\u00f3n\u2026<br \/>* \u00bfNos debe ofender que un veracruzano salga en el libro de Lydia Cacho \u201cLos demonios del Ed\u00e9n\u201d?<br \/>Volver\u00edamos al \u201cchauvinismo\u201d local y realmente nos debe ofender quien quiera que se vea involucrado en esos casos de pederastia.<br \/>* \u00bfNos deber\u00eda ofender que el Gobernador dio trabajo a un sujeto (Francisco Rueda) que siendo entrenador en clavados, valga la expresi\u00f3n, \u201cse clav\u00f3\u201d a la que hoy es su esposa cuando era menor de edad y fue acusado por estupro y corrupci\u00f3n de menores?<br \/>Puede que s\u00ed deba ofendernos y creo que el gobernador debe darnos una respuesta a este caso que en cierto modo, puede ofender a la sociedad veracruzana.<br \/>* \u00bfDebe ofendernos que entre las \u00faltimas graciosadas de Carlos Hermosillo, el Grandote de Cerro Azul, haya becado con m\u00e1s de 30 mil pesos mensuales al \u201cclavadista de menores\u201d Francisco Rueda?<br \/>S\u00ed\u2026 a cualquiera ofende que se beque a un tipo con tal cantidad cuando ac\u00e1 en Veracruz a nuestros j\u00f3venes les dan \u201cest\u00edmulos\u201d que van de 500 por a\u00f1o a lo que diga quien manda para la casta privilegiada \u00a1en d\u00f3lares!<br \/>Entonces, \u00bfrealmente un promocional de hamburguesas con un chaparrito con la bandera de M\u00e9xico como jorongo nos debe ofender tanto como los  anteriores casos?<br \/>\u00a1Claro que debe ofendernos y no! Pues es muy sencillo\u2026 si bien nos componemos por sociedad, conjunto, grupo o comunidades, cada individuo goza del poder de decidir qu\u00e9 le gusta y qu\u00e9 no, que le ofende y qu\u00e9 no\u2026 \u00a1libre albedr\u00edo!<br \/>Y eso no es lo malo\u2026<br \/>Lo malo es cuando se es indiferente o insensible al entorno porque ese individuo ha perdido la facultad de ser miembro de una sociedad y posiblemente estemos tratando \u00a1con un hijo de su Burger King al que no le importe ni un carajo!<\/p>\n","protected":false},"excerpt":{"rendered":"<p>Salvador Mu\u00f1ozLos Pol\u00edticos Hay algo o mucho de indiferencia social ante la \u201cofensa\u201d en nuestra cotidianidad que a veces no nos percatamos cuando llevamos a cabo tal.Pero es claro que el ofende debe aplicar la m\u00e1xima que reza: \u201cel que se lleva, se aguanta\u201d.As\u00ed que siempre estoy a la espera de que me \u201crefresquen\u201d a [&hellip;]<\/p>\n","protected":false},"author":1,"featured_media":0,"comment_status":"open","ping_status":"open","sticky":false,"template":"","format":"standard","meta":{"_jetpack_newsletter_access":"","_jetpack_dont_email_post_to_subs":false,"_jetpack_newsletter_tier_id":0,"_jetpack_memberships_contains_paywalled_content":false,"_jetpack_memberships_contains_paid_content":false,"footnotes":""},"categories":[1],"tags":[],"class_list":["post-8902","post","type-post","status-publish","format-standard","hentry","category-sin-categoria"],"jetpack_featured_media_url":"","jetpack_sharing_enabled":true,"jetpack_shortlink":"https:\/\/wp.me\/s4Qcd3-ofensas","_links":{"self":[{"href":"https:\/\/lospoliticosveracruz.com.mx\/index.php?rest_route=\/wp\/v2\/posts\/8902","targetHints":{"allow":["GET"]}}],"collection":[{"href":"https:\/\/lospoliticosveracruz.com.mx\/index.php?rest_route=\/wp\/v2\/posts"}],"about":[{"href":"https:\/\/lospoliticosveracruz.com.mx\/index.php?rest_route=\/wp\/v2\/types\/post"}],"author":[{"embeddable":true,"href":"https:\/\/lospoliticosveracruz.com.mx\/index.php?rest_route=\/wp\/v2\/users\/1"}],"replies":[{"embeddable":true,"href":"https:\/\/lospoliticosveracruz.com.mx\/index.php?rest_route=%2Fwp%2Fv2%2Fcomments&post=8902"}],"version-history":[{"count":0,"href":"https:\/\/lospoliticosveracruz.com.mx\/index.php?rest_route=\/wp\/v2\/posts\/8902\/revisions"}],"wp:attachment":[{"href":"https:\/\/lospoliticosveracruz.com.mx\/index.php?rest_route=%2Fwp%2Fv2%2Fmedia&parent=8902"}],"wp:term":[{"taxonomy":"category","embeddable":true,"href":"https:\/\/lospoliticosveracruz.com.mx\/index.php?rest_route=%2Fwp%2Fv2%2Fcategories&post=8902"},{"taxonomy":"post_tag","embeddable":true,"href":"https:\/\/lospoliticosveracruz.com.mx\/index.php?rest_route=%2Fwp%2Fv2%2Ftags&post=8902"}],"curies":[{"name":"wp","href":"https:\/\/api.w.org\/{rel}","templated":true}]}}