{"id":8903,"date":"2009-04-15T00:21:00","date_gmt":"2009-04-15T00:21:00","guid":{"rendered":"http:\/\/www.lospoliticosveracruz.com.mx\/?p=8903"},"modified":"2014-10-08T19:26:55","modified_gmt":"2014-10-08T19:26:55","slug":"a-los-veracruzanos-de-california-no-les-late-la-indiferencia-de-fidel","status":"publish","type":"post","link":"https:\/\/lospoliticosveracruz.com.mx\/?p=8903","title":{"rendered":"A los veracruzanos de California \u00a1no les late la indiferencia de Fidel!"},"content":{"rendered":"<p><a href=\"http:\/\/www.lospoliticosveracruz.com.mx\/wp-content\/uploads\/2009\/04\/Logo.jpg\"><img decoding=\"async\" style=\"display:block; margin:0px auto 10px; text-align:center;cursor:pointer; cursor:hand;width: 387px; height: 400px;\" src=\"http:\/\/www.lospoliticosveracruz.com.mx\/wp-content\/uploads\/2009\/04\/Logo-290x300.jpg\" border=\"0\" alt=\"\"id=\"BLOGGER_PHOTO_ID_5324708230752533330\" \/><\/a><br \/>Reporte de nuestra semana cultural veracruzana<br \/> Lo bueno, lo malo y lo feo.<\/p>\n<p>    LO BUENO\u2026..<\/p>\n<p>La llegada a los \u00c1ngeles CA, de la Cabeza Olmeca donada por el Gobierno del Estado de Veracruz a la comunidad  mexicana radicada en California.<br \/>Instalada y develada en el lugar del evento.<br \/>Con la presencia del tenor Rub\u00e9n Hoyos, quien nos hizo el honor de interpretar el himno veracruzano.<br \/>La presencia del Lic. Gustavo Arroniz Zamudio director de COVECA, Comisi\u00f3n Comercializadora Agropecuaria,  del Lic. Arturo Anaya Loera, Presidente Municipal de Carlos A. Carrillo  y del Lic. Gonzalo Cuspinera del IVEC (Instituto Veracruzano de Cultura).  La persona responsable de la donaci\u00f3n de la Cabeza Olmeca y su llegada a los \u00c1ngeles CA.<br \/>La llegada de los jaraneros Yolanda y Armando, adem\u00e1s de los decimistas Rafael Figueroa y Honorio Robledo. <br \/>La cena de gala a la delegaci\u00f3n veracruzana que vino a la semana cultural fue un ambiente de primera, con m\u00fasica de mariachi y para bailar, la sensacional e   internacional  Sonora Dinamita.<br \/>Nuestro encuentro de jaraneros llamado el \u201cFestival del Son Veracruzano\u201d con 25 grupos de m\u00fasica t\u00edpica de Veracruz que dedicamos a la bella Tlacotalpan, declarada Patrimonio de la Humanidad por la UNESCO. <br \/>La recepci\u00f3n en el City Hall y en junta de concilio a la Delegaci\u00f3n de Veracruz por el Presidente del Consejo, Gil Garcetti y otros Concejales.<br \/>La invitaci\u00f3n de los Dodgers de los \u00c1ngeles para tirar la primera pelota en  el Estadio de los Dodgers, en juego regular de la temporada 2008.<br \/>La promoci\u00f3n de la prensa a la semana cultural y artesanal veracruzana. ( Televisi\u00f3n, radio, medios escritos, posters,  flayers, internet y conferencia de prensa). El apoyo del Centro Comercial \u201cLa Alameda\u201d.<br \/>La presencia y apoyo de  los estados mexicanos de  Michoac\u00e1n, Puebla, Sonora, Yucat\u00e1n, Nuevo Le\u00f3n, Hidalgo y Jalisco) que dijeron presente en nuestro evento y la C\u00f3nsul  Vanessa Calva que nos acompa\u00f1\u00f3 en nuestra cena, recepci\u00f3n en el City Hall y la inauguraci\u00f3n y clausura de nuestro magno evento.<br \/>La inauguraci\u00f3n de la Semana Veracruzana por el Presidente Municipal de Carlos A. Carrillo en representaci\u00f3n del Gobernador del estado de  Veracruz,  Fidel Herrera Beltr\u00e1n,  por ausencia del Se\u00f1or Mois\u00e9s Herrera Beltr\u00e1n, su representante.<\/p>\n<p>LO MALO\u2026                              <\/p>\n<p>La ausencia por tercer a\u00f1o consecutivo a nuestro evento, del Gobernador Fidel Herrera Beltr\u00e1n, quien jam\u00e1s contest\u00f3 a la invitaci\u00f3n, es m\u00e1s, no sabemos si lo supo, ya que jam\u00e1s obtuvimos su contestaci\u00f3n.<br \/>Su secretario Lic. Luis Arturo Ugalde siempre recibi\u00f3 las invitaciones desde el mes de junio, julio y agosto. <br \/>Y nunca se digno a contestar ni hablar por tel\u00e9fono, a pesar de que prometi\u00f3 hacerlo  en una semana.<br \/>Decirnos que el Secretario de Turismo,  Lic. Iv\u00e1n Hillman Chapoy ser\u00eda el representante del Gobernador y un d\u00eda antes, nos volvieron a confirmar por tercer a\u00f1o consecutivo al hermano del Gobernador, Mois\u00e9s Herrera Beltr\u00e1n, quien viene en su representaci\u00f3n,  como enlace de relaciones p\u00fablicas.<br \/>El d\u00eda de la inauguraci\u00f3n se lo llev\u00f3 a Mois\u00e9s Herrera,   su otro hermano, Jorge, quien reside en  California, llev\u00e1ndoselo  a Ontario, Canad\u00e1, olvidando que ten\u00eda el compromiso como representante del Gobernador, para realizar  la inauguraci\u00f3n del evento.<br \/>El s\u00e1bado, que era d\u00eda del Festival del Son Veracruzano, se lo volvieron a llevar a Mois\u00e9s de compras y despu\u00e9s se fue al beisbol y s\u00f3lo se present\u00f3 hasta el domingo en la tarde, a la develaci\u00f3n de la Cabeza Olmeca; se volvi\u00f3 a ir y no estuvo en la clausura del evento, o sea, aun cuando era el enlace que vino en  la representaci\u00f3n del Gobernador, ni inaugur\u00f3 ni clausur\u00f3 nuestro Festival Veracruzano.<br \/>Nunca se puso a nuestras \u00f3rdenes como representante de gobierno  y ni como enlace de nosotros en California, para entrevistas y  difundir al estado de Veracruz. <br \/>Su falta de apoyo a la Federaci\u00f3n Veracruzana USA de quien jam\u00e1s se preocup\u00f3 por saber c\u00f3mo estaba, todo s\u00f3lo se interes\u00f3 por sus actividades con su hermano Jorge Herrera y siempre anduvo sin notificar,  d\u00f3nde se pod\u00eda localizar,  en caso de necesitarlo para la agenda que ten\u00eda el Gobernador y que \u00e9l era su representante personal.<br \/>Se regres\u00f3 Mois\u00e9s Herrera Beltr\u00e1n a Veracruz sin avisar ni despedirse de los directivos de la Federaci\u00f3n Veracruzana USA.<\/p>\n<p> Lo FEO<\/p>\n<p>La cancelaci\u00f3n del homenaje al Gobernador Fidel Herrera,  en el City Hall, en los \u00c1ngeles CA, por su ausencia, s\u00f3lo se entreg\u00f3 su reconocimiento que ya estaba preparado. <br \/>La cancelaci\u00f3n del lanzamiento de la primera pelota en el juego de los Dodgers por ausencia del Gobernador Fidel Herrera Beltr\u00e1n, s\u00f3lo nos dieron los boletos que ya estaban apartados para el juego.<br \/>La investigaci\u00f3n que vino hacer Mois\u00e9s Herrera  Beltr\u00e1n, representante del Gobernador, sobre la persona  del Presidente de la Federaci\u00f3n Veracruzana USA, \u00c1ngel Morales.<br \/>Anduvo preguntando a la gente qu\u00e9 a que se dedicaba el Presidente y tambi\u00e9n quer\u00eda que se formara un Comit\u00e9, pero que no hubiera Presidente en el Comit\u00e9 como en la Federaci\u00f3n, o sea, que  nuestro enlace o representante vino no s\u00f3lo de compras, si no a querer dividir a nuestra gente en lugar de apoyar el evento.<br \/>Comprar paquetes s\u00f3lo para la gente de Gobierno sin incluir a los jaraneros Yolanda y Armando y los decimistas Rafael Figueroa y Honorio Robledo, quienes s\u00f3lo volaron con ellos (Mois\u00e9s Herrera, su esposa Maribel, Gonzalo Cuspinera y el fot\u00f3grafo, H\u00e9ctor Montes de Oca, pero  no se hospedaron con ellos,  a los que estuvimos que alojar en otro hotel m\u00e1s barato  y pagarles sus alimentos.<br \/>Lo peor es  hacer firmar un convenio al Presidente de la Federaci\u00f3n Veracruzana USA,  \u00c1ngel  Morales, donde dice que el presupuesto de $350,000 pesos  que son como $35,000 d\u00f3lares ser\u00edan para el pago de la elaboraci\u00f3n de la Cabeza Olmeca, el transporte, la supervisi\u00f3n y todos los gastos que ocasionara la Cabeza Olmeca y que despu\u00e9s ser\u00edan depositado   el dinero restante en la cuenta de la Federaci\u00f3n Veracruzana y result\u00f3 que s\u00f3lo nos depositaron $6,000.00 d\u00f3lares que aport\u00f3 la oficina de atenci\u00f3n al migrante, ya que ellos pagaron el transporte de la Cabeza Olmeca a los \u00c1ngeles, CA. Esto quiere decir que si no le preguntamos a los de Atenci\u00f3n al Migrante si pod\u00edan costear el pago del transporte, ni eso nos hubieran dado. En los \u00c1ngeles, cuando les pregunt\u00e9 por el sobrante del dinero, el Se\u00f1or Mois\u00e9s Herrera Beltr\u00e1n me dijo, como quien pide limosna, que \u00e9l de su bolsa nos daba $1\u2019000 d\u00f3lares para gastos del evento.<br \/>Al Lic. Gonzalo Cuspinera le hab\u00edamos mandado hace un mes, el presupuesto del evento y platicando estuvimos rebajando el presupuesto de tres d\u00edas del evento a $ 25,000.00 d\u00f3lares en pesos, pues serian $ 250,000.00 incluyendo: escenario, sonido, luces, carpas, cena de gala y una donaci\u00f3n para todos los  jaraneros.<br \/>Estuvimos haciendo arreglos bas\u00e1ndonos en ese presupuesto y un d\u00eda antes del evento, nos dicen no hay dinero, s\u00f3lo hay lo que nos regresar\u00edan los de Atenci\u00f3n al Migrante y eso estuvo hasta el  viernes, d\u00eda de la inauguraci\u00f3n, ese d\u00eda estuvimos dando cheques posfechados para resolver los pagos que ten\u00edamos que hacer para el evento.<br \/>O sea, que el gobierno tampoco nos cumpli\u00f3 con lo prometido, nos dej\u00f3 endeudados y lo peor, que estuvimos a punto de cancelar el evento por falta de pagos pero gracias a Dios  y a nuestros amigos, pudimos evitarlo, no sin antes sufrir la presi\u00f3n de las personas que quer\u00edan sus pagos prometidos y nuestros amigos de Veracruz, la Comitiva de funcionarios estatales, de compras sin importarles los problemas que ten\u00edamos, gracias a sus promesas sin cumplir y de las cuales estamos pagando en abonos y con nuestro propio dinero.<br \/>Sin embargo exigimos comprobantes de c\u00f3mo se gast\u00f3 el dinero que nos hab\u00edan prometido y del cual nunca vimos  para nuestros gastos.<br \/>Queremos un desglose de los $ 350,000.00 que prometieron a la Federaci\u00f3n Veracruzana USA.<br \/>Ese desglose nos lo prometi\u00f3 enviar Alejandro Avella \u00c1lvarez de recursos financieros del IVEC desde el d\u00eda 13 de agosto y hasta la fecha no nos lo ha enviado, en cambio a nosotros nos est\u00e1n exigiendo comprobantes de los $7\u2019000.00.<br \/>Con los disque $ 1\u2019000.00 de la bolsa de Mois\u00e9s Herrera Beltr\u00e1n esto quiere decir que todo es lo mismo, el dinero lo est\u00e1 manejando el enlace, o sea, Mois\u00e9s.<br \/>Y nosotros como \u201cEl chinito\u201d solo mirando c\u00f3mo nos ven la cara y nunca piensan que nosotros somos los que enviamos remesas de dinero a nuestros familiares y eso es ayuda para todos los veracruzanos   que viven en nuestro bello y amado estado.<br \/>Lo que s\u00ed le pedimos estimado Gobernador Fidel Herrera Beltr\u00e1n, es que le pida a su Secretario Particular que sea m\u00e1s educado con nosotros y que si est\u00e1 muy ocupado, ponga a cualquier empleado a que nos diga si viene usted o no viene, pero eso que nos trajo como tres meses sin contestaci\u00f3n es una falta de respeto, no s\u00f3lo a nosotros, sino a toda la comunidad veracruzana  que reside en los Estados Unidos, quienes ya no conf\u00edan en el personal que supuestamente est\u00e1 a nuestro servicio y este Secretario que tiene usted, parece que no fue a la escuela,  ya que nunca nos dio la cara  para darnos informaci\u00f3n, nuestro Departamento de Atenci\u00f3n al Migrante, su titular, Manuel Rosete tampoco se digna hablarnos, se le mand\u00f3 una invitaci\u00f3n y haga de cuenta que nunca la enviamos, es m\u00e1s, tengo 2 a\u00f1os como Presidente de la Federaci\u00f3n y jam\u00e1s ha tenido la educaci\u00f3n para ponerse a nuestras \u00f3rdenes,  s\u00f3lo su gente es la que siempre esta atendi\u00e9ndonos, pero su titular para nada se aparece y  s\u00f3lo le interesa su negocio de Repatriaci\u00f3n de Cad\u00e1veres porque cuando hay un \u201cmuertito\u201d entonces si  hay movimiento en Atenci\u00f3n al Migrante, ya que cuando solicitamos alg\u00fan documento, como una acta de nacimiento siempre  est\u00e1n ocupados o contesta la grabadora y eso no me lo cuentan, yo personalmente lo he comprobado no una sino varias  veces.<br \/>Jam\u00e1s nos habla para ver que se nos ofrece, es m\u00e1s en los \u00c1ngeles, CA ni lo conocen, pero parece ser que est\u00e1 muy bien recomendado, ya que  nos hemos quejado con todos los que vienen y  Manuel Rosete sigue como si nada. Ojal\u00e1 pueda usted darle a su gente un jal\u00f3n de orejas y ponerles el ejemplo para que sepan c\u00f3mo tratar a su gente, que aunque est\u00e9 por estos lares, sigue teniendo familia en Veracruz y eso debe ser importante para ustedes que pregonan el lema: \u201cVeracruz late con fuerza y eso por California no nos late\u201d.<br \/>Le pedimos  que cuando prometan algo lo cumplan y no nos enga\u00f1en con gente que s\u00f3lo nos usan y se gastan  la ayuda que nos env\u00edan en sus viajes y gastos personales, dej\u00e1ndonos con deudas y problemas.<br \/>Gracias a eso quedamos a deber  $ 18\u2019000.00.<br \/>Pero eso s\u00ed nos queda el orgullo de haber hecho un gran evento de la Semana Cultural y Artesanal Veracruzana 2008. A pesar de todos los malos manejos por parte de sus recomendados.<\/p>\n<p>Atentamente.<br \/>\u00c1ngel Morales <br \/>Presidente de la Federaci\u00f3n Veracruzana USA. Sede California<br \/>Correo: federacionveracruzanausa@hotmail.com<br \/><a href=\"http:\/\/www.lospoliticosveracruz.com.mx\/wp-content\/uploads\/2009\/04\/Mois-C3-A9s-Herrera.jpg\"><img decoding=\"async\" style=\"display:block; margin:0px auto 10px; text-align:center;cursor:pointer; cursor:hand;width: 320px; height: 235px;\" src=\"http:\/\/www.lospoliticosveracruz.com.mx\/wp-content\/uploads\/2009\/04\/Mois-C3-A9s-Herrera-300x220.jpg\" border=\"0\" alt=\"\"id=\"BLOGGER_PHOTO_ID_5324708632319230370\" \/><\/a><\/p>\n<p>EL CONVENIO<\/p>\n<p>CONVENIO DE COLABORACI\u00d3N QUE CELEBRAN POR UNA PARTE EL INSTITUTO VERACRUZANO DE LA CULTURA, REPRESENTADO POR EL C.P. FRANCISCO SALVADOR TORRES PERALTA, EN SU CAR\u00c1CTER DE SUBIRECTOR DE ADMINISTRACI\u00d3N, EN LO SUCESIVO SE LE DENOMINARA   \u201cEL IVEC\u201d Y POR LA OTRA LA FEDERACI\u00d3N VERACRUZANA USA, INTERNACIONAL BENEFIT ORGANIZATION, INC, REPRESENTADA POR EL EL C. ANGEL ARMANDO MORALES MORA  EN SU CAR\u00c1CTER DE REPRESENTANTE,  A QUIENES EN ADELANTE SE LES RECONOCERA COMO \u201cLA FEDERACION\u201d, AL TENOR DE LAS  DECLARACIONES Y CLAUSULAS SIGUIENTES:  <\/p>\n<p>D E C L A R A C I O N E S:<\/p>\n<p>I.- Declara \u201cEL IVEC\u201d<\/p>\n<p>I.- EL INSTITUTO VERACRUZANO DE LA CULTURA, fue creado como un organismo descentralizado con personalidad jur\u00eddica y patrimonio propio, con sede en el Puerto de Veracruz, mediante la Ley No. 61, publicada en la Gaceta Oficial del Estado de Veracruz de Ignacio de la Llave, el d\u00eda 10 de febrero de 1987, con el objeto de auspiciar, promover y difundir la actividad cultural por medio de la afirmaci\u00f3n y consolidaci\u00f3n de los valores locales, regionales y nacionales y de fomento e impulso de las artes, la preservaci\u00f3n del patrimonio arqueol\u00f3gico e hist\u00f3rico, as\u00ed como de la protecci\u00f3n y est\u00edmulo de las expresiones de la cultura popular, de acuerdo con lo establecido en los art\u00edculos 1\u00ba, 2\u00ba y 3\u00ba de la citada Ley.<\/p>\n<p>II.- Forma parte de la estructura jur\u00eddica del Gobierno del Estado de Veracruz de Ignacio de la Llave.<\/p>\n<p>III.- La fracci\u00f3n VIII del Art\u00edculo 3\u00b0 lo faculta para suscribir convenios o contratos con organismos culturales, ya sean municipales, estatales o nacionales, para llevar a cabo programas de intercambio cultural y art\u00edstico, as\u00ed como con otros organismos que para sus fines as\u00ed convengan, adem\u00e1s de organizaciones, sociedades civiles o personas f\u00edsicas o morales de car\u00e1cter p\u00fablico o privado.<\/p>\n<p>IV.- La fracci\u00f3n XI del art\u00edculo anteriormente citado, lo faculta para administrar, conservar y operar los centros y casas de cultura que le sean  asignadas, as\u00ed como otras instalaciones consecuentes al cumplimiento de su objetivo.<\/p>\n<p>V.- La fracci\u00f3n VII del art\u00edculo 16 de la misma Ley concede la representaci\u00f3n legal a su Director General.<\/p>\n<p>VI.- Que con fecha 1 \u00b0 de Julio de 2007, el Lic. Sergio Villasana Delf\u00edn Director General del Instituto     Veracruzano de la Cultura, tuvo a bien designar al C.P. Francisco Salvador Torres Peralta, Subdirector de Administraci\u00f3n, que de conformidad con lo establecido en el Manual General de Organizaci\u00f3n tiene la facultad para suscribir en el presente documento. <\/p>\n<p>VII. Que su domicilio para efectos del presente convenio es el ubicado en la calle de Canal s\/n esquina Zaragoza, Colonia Centro, C\u00f3digo Postal 91700, de la ciudad de Veracruz, Ver. y que se encuentra debidamente registrado ante la Secretar\u00eda de Hacienda y Cr\u00e9dito Publico con el R.F.C.  IVC-870211-9I5<\/p>\n<p>II. DE \u201cLA FEDERACION\u201d <\/p>\n<p>II.1.- Que es una Corporaci\u00f3n Publica de Beneficencia organizada por un grupo de personas para ayudar en forma gratuita y legalmente constituida<\/p>\n<p>II.2.- Que \u201cLA FEDERACI\u00d3N\u201d espec\u00edficamente tiene como objeto primordial la promoci\u00f3n de la Asistencia de la comunidad en los programas gubernamentales de informaci\u00f3n cultural, as\u00ed mismo establece una relaci\u00f3n entre las comunidades de asistencia estatal y federal, tanto en M\u00e9xico, como en estados unidos.<\/p>\n<p>II.3.- Que se encuentra organizada y opera exclusivamente con los problemas de la secci\u00f3n 501 del C\u00f3digo Interno, y no tiene actividades ni  participa en Propagandas, ni se dejan influenciar con las campa\u00f1as Pol\u00edticas y\/o candidatos p\u00fablicos. <\/p>\n<p>II.4.-  Que cuenta con el inmueble ubicado en la Street Address: 2602 Florence Avenue Ste.295, City: Huntington Park, Ca. 90255.<\/p>\n<p>II.5.-  Que  su representante el  C. \u00c1ngel Armando Morales Mora, seg\u00fan consta en Instrumento emitido por la Oficina de la Secretar\u00eda del Estado de California n\u00famero  tres millones ciento cincuenta y un mil ochocientos cuarenta y siete de fecha 29 de junio de dos mil ocho, pasada ante la fe la Secretaria de Estado C. Debra Bowen. <\/p>\n<p>Por lo anteriormente expuesto, las partes han convenido en celebrar el presente  Convenio de Colaboraci\u00f3n y sujetar su compromiso a los t\u00e9rminos y condiciones establecidas en las siguientes:<\/p>\n<p>C L \u00c1 U S U L A S:<\/p>\n<p>PRIMERA.-  Ambas partes se reconocen la personalidad jur\u00eddica con la que se ostentan, as\u00ed como la capacidad suficiente para adquirir derechos y obligaciones en la celebraci\u00f3n del presente contrato de prestaci\u00f3n de servicios profesionales.<\/p>\n<p>SEGUNDA.-  El objeto del presente convenio consiste en establecer los t\u00e9rminos de  colaboraci\u00f3n  de \u201cEL IVEC\u201d y \u201cLA FEDERACION\u201d para la realizaci\u00f3n del Proyecto denominado Semana Cultural Veracruzana, que se llevar\u00e1 a cabo del 15 al 17 de agosto en el Estado de California U.S.A. y que consiste en la participaci\u00f3n de diversas Actividades Culturales y en la develaci\u00f3n de la replica de una pieza arqueol\u00f3gica  denominada \u201cCABEZA OLMECA\u201d, con las siguientes caracter\u00edsticas;  1.78 mts. De altura X 1.36 mts. De ancho y con un peso de 600 kg, que ser\u00e1 donada por parte del Gobierno del Estado de  Veracruz de Ignacio de la Llave a la Comunidad Veracruzana que radica en Walnut, Park California<\/p>\n<p>TERCERA.-   Para dar cumplimiento al objeto del presente Convenio \u201cEL IVEC\u201d  aportar\u00e1 a \u201cLA FEDERACION\u201d la cantidad de $350,000.00 (TRESCIENTOS CINCUENTA MIL PESOS 00\/100 M. N.), con la finalidad de cubrir los gastos de la elaboraci\u00f3n de \u201cLA CABEZA OLMECA\u201d, su  traslado, supervisi\u00f3n, vi\u00e1ticos del personal responsable y gastos de mano que genere la realizaci\u00f3n  del Proyecto denominado Semana Cultural Veracruzana, que se llevar\u00e1 a cabo del 15 al 17 de agosto en el Estado de California U.S.A., <\/p>\n<p>CUARTA.-  Las partes convienen en que los recursos econ\u00f3micos que resten una vez cubierto el importe de \u201dLA CABEZA OLMECA\u201d , ser\u00e1n depositado en la cuenta de \u201cLA FEDERACI\u00d3N\u201d, misma que expedir\u00e1 a favor de  \u201cEL IVEC\u201d  un recibo o factura debidamente requisitado. <\/p>\n<p>QUINTA.-  \u201cLA FEDERACION\u201d se obliga a rendir a \u201cEL IVEC\u201d un informe por escrito en el cual se especifique por concepto la aplicaci\u00f3n de dichos recursos financieros, anexando  la documentaci\u00f3n, (facturas, recibos de honorarios, etc.) que comprueben el ejercicio de la cantidad aportada por \u201cEL IVEC\u201d, as\u00ed como un reporte de las actividades que se  instrumenten para la realizaci\u00f3n del Proyecto. <\/p>\n<p>SEXTA.- El presente Convenio tendr\u00e1 vigencia a partir de la fecha en que se firme y concluir\u00e1 el 30 de Agosto de 2008.<\/p>\n<p>SEPTIEMA.- La celebraci\u00f3n del presente Convenio es producto de la buena fe, por lo que cualquier duda o controversia que se derive de su interpretaci\u00f3n y cumplimiento se resolver\u00e1 de com\u00fan acuerdo entre las partes.<\/p>\n<p>OCTAVA.- \u201cLA FEDERACI\u00d3N\u201d se responsabiliza totalmente de cualquier violaci\u00f3n o infracci\u00f3n a las disposiciones relativas a la propiedad industrial, intelectual, de patentes o marca, eximiendo de \u00e9sta a \u201cEL IVEC\u201d.<\/p>\n<p>NOVENA.- Si \u201cLA FEDERACION\u201d por causas imputables a ella no cumple total o parcialmente con los objetivos enunciados en la Cl\u00e1usula Cuarta, o suspende total o parcialmente el desarrollo de su proyecto, deber\u00e1 reintegrar al Gobierno del Estado. en su totalidad a \u201cEL IVEC\u201d, los recursos financieros recibidos para la elaboraci\u00f3n del proyecto indicado.<\/p>\n<p>DECIMA.- Por este conducto \u201cLA FEDERACION\u201d, libera a \u201cEL IVEC\u201d de cualquier responsabilidad de car\u00e1cter civil, penal, laboral, mercantil o fiscal, asumiendo as\u00ed las  responsabilidades de la correcta aplicaci\u00f3n de los recursos p\u00fablicos asignados de conformidad con el C\u00f3digo Financiero y la Ley de Conformidades del Estado de Veracruz de Ignacio de la Llave.<\/p>\n<p>D\u00c9CIMA PRIMERA.- Las partes manifiestan su voluntad que para el caso de controversia, la misma ser\u00e1 resuelta en amigable composici\u00f3n y\/o mediante la comparecencia ante los Tribunales con competencia y jurisdicci\u00f3n de la ciudad de Veracruz, estado de Veracruz de Ignacio de la Llave.<\/p>\n<p>D\u00c9CIMA SEGUNDA.- Las partes manifiestan que en la elaboraci\u00f3n del presente no ha existido dolo, error, mala fe, ni ninguna otra causa que motivare lesi\u00f3n o que pudiese invocar como vicio consentido para impugnar el mismo.<\/p>\n<p>Le\u00eddo que fue el presente convenio por  las partes de su contenido y alcance legal, lo firman por triplicado con igual validez, el d\u00eda cuatro del mes de agosto del a\u00f1o dos mil ocho.<\/p>\n<p>POR \u201cEL IVEC\u201d<br \/>C.P. FRANCISCO SALVADOR TORRES PERALTA<br \/>SUBDIRECTOR DE ADMINISTRACI\u00d3N<\/p>\n<p>POR  \u201cLA FEDERACION\u201d<br \/>C. ANGEL ARMANDO MORALES MORA<br \/>REPRESENTANTE<br \/>AVF\/gmf<\/p>\n<p><strong>Nota<\/strong><br \/>(Lic. Claudia Guerrero, directora del Peri\u00f3dico Veraz<\/p>\n<p>Estimada Lic. que lastima que no tuve su contacto en el mes de Agosto,esto hubiera sido mas fundamental y  de mas presion para la oficina del Gobernador.<br \/>Su apoyo en ese momento en el cual sentiamos la impotencia de tener la ayuda o la comunicacion que nunca tuvimos y fuimos ignorados como organizacion Veracruzana. <br \/>Le agradezco su ayuda para que la gente de nuestro Estado sepa como se las gasta nuestro Gobernador con su gente en California, tambien le digo que estoy a sus ordenes para cualquier aclaracion y puede poner mi nombre sin ningun temor.<br \/>Le estoy enviando copia de lo que mande en el mes de Agosto a los medios de Veracruz que sin embargo nunca publicaron,tambien le mando copia del famoso contrato solo le pido que de a conocer todo esto que nos paso en Los Angeles CA.<br \/>Att.<br \/>Angel Morales)<\/p>\n","protected":false},"excerpt":{"rendered":"<p>Reporte de nuestra semana cultural veracruzana Lo bueno, lo malo y lo feo. LO BUENO\u2026.. La llegada a los \u00c1ngeles CA, de la Cabeza Olmeca donada por el Gobierno del Estado de Veracruz a la comunidad mexicana radicada en California.Instalada y develada en el lugar del evento.Con la presencia del tenor Rub\u00e9n Hoyos, quien nos [&hellip;]<\/p>\n","protected":false},"author":1,"featured_media":0,"comment_status":"open","ping_status":"open","sticky":false,"template":"","format":"standard","meta":{"_jetpack_newsletter_access":"","_jetpack_dont_email_post_to_subs":false,"_jetpack_newsletter_tier_id":0,"_jetpack_memberships_contains_paywalled_content":false,"_jetpack_memberships_contains_paid_content":false,"footnotes":""},"categories":[1],"tags":[],"class_list":["post-8903","post","type-post","status-publish","format-standard","hentry","category-sin-categoria"],"jetpack_featured_media_url":"","jetpack_sharing_enabled":true,"jetpack_shortlink":"https:\/\/wp.me\/p4Qcd3-2jB","_links":{"self":[{"href":"https:\/\/lospoliticosveracruz.com.mx\/index.php?rest_route=\/wp\/v2\/posts\/8903","targetHints":{"allow":["GET"]}}],"collection":[{"href":"https:\/\/lospoliticosveracruz.com.mx\/index.php?rest_route=\/wp\/v2\/posts"}],"about":[{"href":"https:\/\/lospoliticosveracruz.com.mx\/index.php?rest_route=\/wp\/v2\/types\/post"}],"author":[{"embeddable":true,"href":"https:\/\/lospoliticosveracruz.com.mx\/index.php?rest_route=\/wp\/v2\/users\/1"}],"replies":[{"embeddable":true,"href":"https:\/\/lospoliticosveracruz.com.mx\/index.php?rest_route=%2Fwp%2Fv2%2Fcomments&post=8903"}],"version-history":[{"count":0,"href":"https:\/\/lospoliticosveracruz.com.mx\/index.php?rest_route=\/wp\/v2\/posts\/8903\/revisions"}],"wp:attachment":[{"href":"https:\/\/lospoliticosveracruz.com.mx\/index.php?rest_route=%2Fwp%2Fv2%2Fmedia&parent=8903"}],"wp:term":[{"taxonomy":"category","embeddable":true,"href":"https:\/\/lospoliticosveracruz.com.mx\/index.php?rest_route=%2Fwp%2Fv2%2Fcategories&post=8903"},{"taxonomy":"post_tag","embeddable":true,"href":"https:\/\/lospoliticosveracruz.com.mx\/index.php?rest_route=%2Fwp%2Fv2%2Ftags&post=8903"}],"curies":[{"name":"wp","href":"https:\/\/api.w.org\/{rel}","templated":true}]}}