{"id":8904,"date":"2009-04-14T23:43:00","date_gmt":"2009-04-14T23:43:00","guid":{"rendered":"http:\/\/www.lospoliticosveracruz.com.mx\/?p=8904"},"modified":"2014-10-08T19:26:55","modified_gmt":"2014-10-08T19:26:55","slug":"la-misma-historia","status":"publish","type":"post","link":"https:\/\/lospoliticosveracruz.com.mx\/?p=8904","title":{"rendered":"La misma historia"},"content":{"rendered":"<p><strong>Sim\u00f3n Rodr\u00edguez Triano<\/strong><br \/><em>Aciertos y Desaciertos<\/em><\/p>\n<p>Ya basta de violencia\u2026, el punto es\u2026 As\u00ed s\u00ed gana la gente, etc.; estas son algunas de las  nuevas frases usadas por los diversos partidos pol\u00edticos  entre ellos CONVERGENCIA, PAN y el PRD para posicionarse frente al electorado en estas pr\u00f3ximas elecciones, seguros est\u00e1n de lograrlo, m\u00e1s sin embargo. Existe una gran  cantidad de ciudadanos que se abstienen de votar, esta vez no ser\u00e1 la excepci\u00f3n, a este tipo de ciudadano  no le convence el sistema electoral ni los partidos. <br \/>Aun nos falta ver todav\u00eda las campa\u00f1as sucias de desprestigio, las cuales a la fecha no se sancionan como debe ser, por ejemplo acaba el IFE de fijar hace unos d\u00edas un irrisorio castigo al PAN que promueve publicidad sucia, con el fin de bajar las encuestas de sus adversarios, deber\u00e1n pagar s\u00f3lo 456 mil 800 pesos de multa por sus anuncios de \u201csopas de letras\u201d en donde relaciona al PRI con el narcotr\u00e1fico; el PAN sienta el precedente para que los dem\u00e1s partidos hagan lo mismo. <br \/>Anteriormente el partido gobernante (PRI) controlaba todo y tenia la garant\u00eda de ganar, no hab\u00eda oposici\u00f3n (no se permit\u00eda otro partido) a los verdaderos opositores se les encerraba en las c\u00e1rceles, como ejemplo ah\u00ed est\u00e1n los casos como Demetrio Vallejo destacado l\u00edder ferrocarrilero y Valent\u00edn Campa luchador social sin igual, los cuales pasaron buena parte de su vida en el Palacio Negro de  Lecumberri; y  a los paleros se les compraba, posteriormente con la reforma pol\u00edtica  la Dictadura Perfecta \u201cfuncionaba bien\u201d como alguna vez califico el escritor Vargas Llosa al estado mexicano. <br \/>Los diversos sectores de la  sociedad mexicana despu\u00e9s del 68 buscaron una apertura democr\u00e1tica, nuevas formas de participaci\u00f3n, aunque hay avances en el sistema electoral aun falta mucho por hacer,  y el sistema de partidos en lugar de avanzar sigue con practicas del pasado, podemos ver una clase pol\u00edtica permeada por la corrupci\u00f3n, solo interesada por el poder, el fuero; caciques sindicales y los mismos rostros de siempre tienen aseguradas sus posiciones en el congreso federal, sin mayor problema solo tienen que nadar de muertito en las plurinominales.<br \/>Seguiremos escuchando las mismas promesas de la clase pol\u00edtica en los medios de comunicaci\u00f3n, mientras Juan pueblo no ve traducido en hechos el discurso de quien gobierna.<br \/>Los partidos PRD, CONVERGENCIA, PT no dan muestra de seriedad, sus estructuras internas son d\u00e9biles y todos quieren ser generales. Lo que seguramente va a pasar es que despu\u00e9s de las elecciones se perfile una nueva fuerza que sustituya a estos, tendr\u00e1n que aprender la lecci\u00f3n.<br \/>El PAN es muy probable que sufra un gran rev\u00e9s en las urnas por el mal gobierno que ha desempe\u00f1ado. El PRI tal vez que salga beneficiado gracias a la estructura interna que tiene y la falta de verdaderas opciones.<br \/>En cuanto a la cultura pol\u00edtica ciudadana hay mucho atraso al respecto, el pueblo tambi\u00e9n  se hace c\u00f3mplice, por ejemplo se ha podido ver durante las visitas de candidatos a personas pidi\u00e9ndoles despensa o alg\u00fan otro tipo de apoyo, un ciudadano vasija conformista receptor y no participante es el quieren seguir viendo los pol\u00edticos.    <br \/>Una posici\u00f3n  c\u00f3moda de los ciudadanos oveja permite que los lobos (los pol\u00edticos) hagan de las suyas, porque se les deja hacerlo. La l\u00f3gica nos dice que esto tiene que cambiar \u00bfc\u00f3mo? La respuesta no es sencilla, pero tal vez si cada uno dentro de su entorno hace lo correcto comenzando desde la familia, se estar\u00e1 dando el primer paso.<br \/>Por ejemplo sobre el tema de la violencia podemos s\u00f3lo se\u00f1alar al gobierno c\u00f3mo el responsable de ella por la falta de seguridad, pero sabemos que su origen es multifactorial y a final de cuentas es producto de la misma sociedad como un gobierno es el reflejo de sus gobernados.<br \/>Los nuevos tiempos exigen una democracia participativa, desde la familia, la escuela, el trabajo y el gobierno. No hay de otra, lo contrario es una sociedad autoritaria y violenta como la que se esta viviendo en la actualidad.<br \/>\u00a1Hasta la pr\u00f3xima!<\/p>\n<p>E-mail: rodrigueztriano@hotmail.com.<\/p>\n","protected":false},"excerpt":{"rendered":"<p>Sim\u00f3n Rodr\u00edguez TrianoAciertos y Desaciertos Ya basta de violencia\u2026, el punto es\u2026 As\u00ed s\u00ed gana la gente, etc.; estas son algunas de las nuevas frases usadas por los diversos partidos pol\u00edticos entre ellos CONVERGENCIA, PAN y el PRD para posicionarse frente al electorado en estas pr\u00f3ximas elecciones, seguros est\u00e1n de lograrlo, m\u00e1s sin embargo. Existe [&hellip;]<\/p>\n","protected":false},"author":1,"featured_media":0,"comment_status":"open","ping_status":"open","sticky":false,"template":"","format":"standard","meta":{"_jetpack_newsletter_access":"","_jetpack_dont_email_post_to_subs":false,"_jetpack_newsletter_tier_id":0,"_jetpack_memberships_contains_paywalled_content":false,"_jetpack_memberships_contains_paid_content":false,"footnotes":""},"categories":[1],"tags":[],"class_list":["post-8904","post","type-post","status-publish","format-standard","hentry","category-sin-categoria"],"jetpack_featured_media_url":"","jetpack_sharing_enabled":true,"jetpack_shortlink":"https:\/\/wp.me\/p4Qcd3-2jC","_links":{"self":[{"href":"https:\/\/lospoliticosveracruz.com.mx\/index.php?rest_route=\/wp\/v2\/posts\/8904","targetHints":{"allow":["GET"]}}],"collection":[{"href":"https:\/\/lospoliticosveracruz.com.mx\/index.php?rest_route=\/wp\/v2\/posts"}],"about":[{"href":"https:\/\/lospoliticosveracruz.com.mx\/index.php?rest_route=\/wp\/v2\/types\/post"}],"author":[{"embeddable":true,"href":"https:\/\/lospoliticosveracruz.com.mx\/index.php?rest_route=\/wp\/v2\/users\/1"}],"replies":[{"embeddable":true,"href":"https:\/\/lospoliticosveracruz.com.mx\/index.php?rest_route=%2Fwp%2Fv2%2Fcomments&post=8904"}],"version-history":[{"count":0,"href":"https:\/\/lospoliticosveracruz.com.mx\/index.php?rest_route=\/wp\/v2\/posts\/8904\/revisions"}],"wp:attachment":[{"href":"https:\/\/lospoliticosveracruz.com.mx\/index.php?rest_route=%2Fwp%2Fv2%2Fmedia&parent=8904"}],"wp:term":[{"taxonomy":"category","embeddable":true,"href":"https:\/\/lospoliticosveracruz.com.mx\/index.php?rest_route=%2Fwp%2Fv2%2Fcategories&post=8904"},{"taxonomy":"post_tag","embeddable":true,"href":"https:\/\/lospoliticosveracruz.com.mx\/index.php?rest_route=%2Fwp%2Fv2%2Ftags&post=8904"}],"curies":[{"name":"wp","href":"https:\/\/api.w.org\/{rel}","templated":true}]}}