{"id":8907,"date":"2009-04-13T16:48:00","date_gmt":"2009-04-13T16:48:00","guid":{"rendered":"http:\/\/www.lospoliticosveracruz.com.mx\/?p=8907"},"modified":"2014-10-08T19:26:55","modified_gmt":"2014-10-08T19:26:55","slug":"cada-quien-su-culto","status":"publish","type":"post","link":"https:\/\/lospoliticosveracruz.com.mx\/?p=8907","title":{"rendered":"Cada quien su culto"},"content":{"rendered":"<p><strong>Jorge Arturo Rodr\u00edguez<\/strong><br \/><em>Tierra de Babel<\/em><\/p>\n<p>Pos me vale un cacahuate \u2013\u00bfdebo decir cacahuete o man\u00ed?- en lo que usted crea y adore, incluso que no crea en nada, con tal que no me chingue la conciencia ni la paciencia y un servidor \u2018tonces no le recuerde el diez de mayo o m\u00ednimo no lo mande a fre\u00edr esp\u00e1rragos; es decir, como aquella leyenda que luego ponen en la entrada de las cocheras \u2013\u00bfgarajes?- de las casas \u2013\u00bfhogares?- que reza: \u201cSe ponchan llantas gratis\u201d, porque sobre advertencia no hay enga\u00f1o, dicen.<br \/> En todo caso, que la vida es bella y cada quien hace con su trasero, digo, perd\u00f3n, con el patio trasero de su casa lo que quiera. En fin, que me importa un bledo que usted crea y rinda culto a Jesucristo, al Cristo Negro o Blanco, Moreno o Rubio, a Jehov\u00e1, a la Virgen de Guadalupe, a la Virgen Mar\u00eda, al Santo Patrono del pueblo o hasta a su mascota que muri\u00f3 ayer. Pos all\u00e1 cada quien. Mientras no se metan conmigo y no crucen la l\u00ednea de la tolerancia y el amor al pr\u00f3jimo; sin hacer da\u00f1o, pues, ni a segundos ni a terceros ni a nadie.<br \/> Incluso que usted adore a Satan\u00e1s o a la Santa Muerte, porque pienso con Bernardo Barranco que \u201cel factor religioso es, entre otras, expresi\u00f3n de la vida cotidiana. Las creencias reflejan de manera n\u00edtida las diferentes expresiones culturales, pol\u00edticas y la organizaci\u00f3n social vivida o deseada. El culto creciente por la Santa Muerte manifiesta el tipo de pa\u00eds bipolar que hemos venido construyendo; la Santa Muerte revela, asimismo, pr\u00e1cticas sociales subterr\u00e1neas que existen muy a pesar de lo que Pablo Gonz\u00e1lez Casanova denomin\u00f3 en los a\u00f1os 60 \u00ablas buenas costumbres\u00bb, es decir, la moral cat\u00f3lica occidental predominante\u201d.<br \/> Es m\u00e1s, tambi\u00e9n con Bernardo Barranco, supongo que \u201cla devoci\u00f3n a la Sant\u00edsima Muerte aparece en el comercio popular junto con las im\u00e1genes de los santos tradicionales, se manifiesta como una advocaci\u00f3n contendiente y alternativa al catolicismo popular. A trav\u00e9s de un sincretismo religioso funde antiguos cultos mesoamericanos a la muerte con chamanismos y oraciones y rezos para pedir favores\u201d. Y de ah\u00ed, pos cada quien ver\u00e1.<br \/> En lo personal sostengo, con Confucio, que si no conocemos todav\u00eda la vida, \u00bfc\u00f3mo puede ser posible conocer la muerte? Y como dijo el m\u00fasico jamaicano Bob Marley, cu\u00e1ntas muertes m\u00e1s ser\u00e1n necesarias para darnos cuenta de que ya han sido demasiadas.<br \/> Aunque bien es cierto, como sostienen ciertos especialistas, que la prohibici\u00f3n del culto a la Santa Muerte viola la Constituci\u00f3n, en la que se establece la libertad de credo, yo mejor me uno a lo que afirma Steven Weinberg, en su art\u00edculo \u201cSin Dios\u201d, que \u201cdeber\u00edamos librarnos del h\u00e1bito de adorar cualquier cosa\u201d. (Letras Libres, marzo de 2009).<br \/> \u00c9l mismo afirma que \u201cen el mejor de los casos, vivimos en el filo de una navaja, con la ilusi\u00f3n por un lado y la desesperanza por otro. \u00bfQu\u00e9 podemos hacer?\u201d Y nos plantea tres remedios deliciosos \u2013digo, al menos pa\u2019 m\u00ed, pero se los comparto, no soy envidioso-: primero, el humor, porque \u201csi como nos re\u00edmos con empat\u00eda, sin desd\u00e9n, cuando vemos a un beb\u00e9 de un a\u00f1o luchando por mantenerse en pie cuando da sus primeros pasos, podemos sentir una jovialidad emp\u00e1tica hacia nosotros mismos, cuando nos vemos intentando vivir en equilibrio sobre el filo de una navaja\u201d.<br \/> Luego, los placeres cotidianos de la vida, \u201cque han sido despreciados por los fan\u00e1ticos religiosos (\u2026). Y no desde\u00f1emos los placeres de la carne. Quienes no somos fan\u00e1ticos podemos regocijarnos, porque cuando el pan y el vino dejan de ser sacramentos siguen siendo pan y vino\u201d.<br \/> Finalmente, est\u00e1n los placeres que nos brindan las bellas artes. \u201cEn el pasado muchas grandes obras de arte surgieron de la inspiraci\u00f3n divina. Por ejemplo, no puedo imaginar la poes\u00eda de George Herbert o de Henry Vaughan o Gerard Manley Hopkins sin una sincera creencia religiosa. Pero nada impide que quienes no tengamos tales creencias disfrutemos de la poes\u00eda religiosa\u2026\u201d<br \/> Con esto me quedo, m\u00e1s con lo que dice Leonardo Da Vinci, que si es posible, se debe hacer re\u00edr hasta a los muertos. Porque como dijo Enrique Jardiel Poncela, la muerte tiene una sola cosa agradable: las viudas.<\/p>\n","protected":false},"excerpt":{"rendered":"<p>Jorge Arturo Rodr\u00edguezTierra de Babel Pos me vale un cacahuate \u2013\u00bfdebo decir cacahuete o man\u00ed?- en lo que usted crea y adore, incluso que no crea en nada, con tal que no me chingue la conciencia ni la paciencia y un servidor \u2018tonces no le recuerde el diez de mayo o m\u00ednimo no lo mande [&hellip;]<\/p>\n","protected":false},"author":1,"featured_media":0,"comment_status":"open","ping_status":"open","sticky":false,"template":"","format":"standard","meta":{"_jetpack_newsletter_access":"","_jetpack_dont_email_post_to_subs":false,"_jetpack_newsletter_tier_id":0,"_jetpack_memberships_contains_paywalled_content":false,"_jetpack_memberships_contains_paid_content":false,"footnotes":""},"categories":[1],"tags":[],"class_list":["post-8907","post","type-post","status-publish","format-standard","hentry","category-sin-categoria"],"jetpack_featured_media_url":"","jetpack_sharing_enabled":true,"jetpack_shortlink":"https:\/\/wp.me\/p4Qcd3-2jF","_links":{"self":[{"href":"https:\/\/lospoliticosveracruz.com.mx\/index.php?rest_route=\/wp\/v2\/posts\/8907","targetHints":{"allow":["GET"]}}],"collection":[{"href":"https:\/\/lospoliticosveracruz.com.mx\/index.php?rest_route=\/wp\/v2\/posts"}],"about":[{"href":"https:\/\/lospoliticosveracruz.com.mx\/index.php?rest_route=\/wp\/v2\/types\/post"}],"author":[{"embeddable":true,"href":"https:\/\/lospoliticosveracruz.com.mx\/index.php?rest_route=\/wp\/v2\/users\/1"}],"replies":[{"embeddable":true,"href":"https:\/\/lospoliticosveracruz.com.mx\/index.php?rest_route=%2Fwp%2Fv2%2Fcomments&post=8907"}],"version-history":[{"count":0,"href":"https:\/\/lospoliticosveracruz.com.mx\/index.php?rest_route=\/wp\/v2\/posts\/8907\/revisions"}],"wp:attachment":[{"href":"https:\/\/lospoliticosveracruz.com.mx\/index.php?rest_route=%2Fwp%2Fv2%2Fmedia&parent=8907"}],"wp:term":[{"taxonomy":"category","embeddable":true,"href":"https:\/\/lospoliticosveracruz.com.mx\/index.php?rest_route=%2Fwp%2Fv2%2Fcategories&post=8907"},{"taxonomy":"post_tag","embeddable":true,"href":"https:\/\/lospoliticosveracruz.com.mx\/index.php?rest_route=%2Fwp%2Fv2%2Ftags&post=8907"}],"curies":[{"name":"wp","href":"https:\/\/api.w.org\/{rel}","templated":true}]}}