{"id":8910,"date":"2009-04-12T22:01:00","date_gmt":"2009-04-12T22:01:00","guid":{"rendered":"http:\/\/www.lospoliticosveracruz.com.mx\/?p=8910"},"modified":"2014-10-08T19:26:55","modified_gmt":"2014-10-08T19:26:55","slug":"el-domingo-caliente","status":"publish","type":"post","link":"https:\/\/lospoliticosveracruz.com.mx\/?p=8910","title":{"rendered":"\u00a1El Domingo caliente!"},"content":{"rendered":"<p><strong>Salvador Mu\u00f1oz<\/strong><br \/><em>Los Pol\u00edticos<\/em><\/p>\n<p>La noticia en s\u00ed, me espant\u00f3: \u201cHoy Domingo, ser\u00e1 uno de los m\u00e1s calientes\u201d.<br \/>De inmediato pens\u00e9 en el suegro de Am\u00e9rico Z\u00fa\u00f1iga, el amigo Yorio Saqui, un insigne papanteco, aunque de inmediato lo descart\u00e9\u2026 si bien es bravo, anda demasiado tranquilo a pesar del bochorno electoral pr\u00f3ximo.<br \/>Entonces mi mente calenturienta recurri\u00f3 a Domingo Alberto Mart\u00ednez Res\u00e9ndiz, el subsecretario de Desarrollo Educativo de la SEV. Discreto, de trabajo fino, aplicado \u00bfpudiera haberle entrado la calentura de ser secretario de Educaci\u00f3n? Bueno, una cosa es que el gobernador lo trate como tal, le hable como tal, parezca ser \u00e9l el titular m\u00e1s que Arredondo, pero otra que a estas alturas de la vida, lo dejaran como secretario de Educaci\u00f3n\u2026 \u00a1no! Adem\u00e1s, su perredismo le incomoda\u2026 A lo m\u00e1s, es probable que en las pr\u00f3ximas elecciones a diputados locales lo veamos como candidato (a una pluri, por lo menos). \u00a1Si no es que antes!<br \/>Pero la noticia refer\u00eda al D\u00eda.<br \/>Sin embargo, para los meteor\u00f3logos pol\u00edticos, no deben perder de vista este lunes que habr\u00e1 de tener una temperatura especial por dos razones en com\u00fan: La Mota y la mota.<br \/>En el primer caso, Josefina V\u00e1zquez Mota habr\u00e1 de ser el centro de atenci\u00f3n en la sede del PAN nacional cuando la presente Germ\u00e1n Mart\u00ednez como la N\u00famero Uno en la lista de candidatos a Plurinominales.<br \/>A la ex de Sedesol y de la SEP no le es ajeno este asunto pues ya ha estado en San L\u00e1zaro y de all\u00ed ha pasado a ser parte del Gobierno federal.<br \/>Tambi\u00e9n, este d\u00eda, en el Congreso de la Uni\u00f3n, habr\u00e1 de realizarse un debate interesante: legalizar o no la mariguana, la juanita, la yerba, el pasto, el zacate o la mota.<br \/>Ahora s\u00ed, como dijeran: \u00a1Quien no se ha echado una cana-bis al aire que lance la primera piedra!<br \/>Como lo dije alguna vez, no estoy en contra de que alguien o \u201calguienes\u201d se fumen su cigarro de mota \u00a1siempre y cuando no incurran en adicci\u00f3n!<br \/>Yo al menos me pongo la \u201cverde\u201d, \u00a1pero s\u00f3lo cuando juega M\u00e9xico!<br \/>Sea cual fuere el resultado del debate es tema para recordar que nuestro pr\u00f3ximo visitante al pa\u00eds, ya dijo que \u201cnones\u201d a la despenalizaci\u00f3n de la \u201cverde\u201d.<br \/>S\u00ed, as\u00ed es, este Jueves, Barack Obama estar\u00e1 pisando tierra azteca y son dos temas calientes los que se ciernen sobre su estancia en M\u00e9xico: Migraci\u00f3n y TLC. Si no, \u00a1al tiempo!<br \/>S\u00ed, reconozco que me salt\u00e9 varios d\u00edas igual de calientes que este domingo pasado, pero son m\u00e1s previsibles que una rueda de prensa de Jorge Carvallo Delf\u00edn, dirigente del PRI, diciendo que los panistas son los malos\u2026<br \/>Por cierto, una ocasi\u00f3n en Primero Noticias o\u00ed que cada d\u00eda ten\u00eda un significado especial. Es decir:<br \/>Lunes, consagrado a la Luna pues el tiempo se med\u00eda por meses lunares; martes, al Dios Marte. Mi\u00e9rcoles, a Mercurio. Jueves, a J\u00fapiter. Viernes, a Venus.<br \/>S\u00e1bado y domingo creo, no estoy seguro, son las aportaciones cat\u00f3licas. S\u00e1bado, es el d\u00eda del descanso de los hebreos\u2026 el Sabath. Y domingo, d\u00eda del Se\u00f1or. Tiene que ver con la resurrecci\u00f3n de Jes\u00fas. Si me equivoco, corr\u00edjanme por favor.<br \/>Pero en los pol\u00edticos, los d\u00edas son distintos.<br \/>El Lunes, es el d\u00eda de Puertas Abiertas para algunos. Para otros, mantienen la consagraci\u00f3n a Selene\u2026 por eso est\u00e1n en la Luna.<br \/>El Martes, el Dios de la Guerra que adora Carvallo\u2026 <br \/>El Mi\u00e9rcoles, para Mercurio, dios del Comercio, donde no han podido rendir bien culto Marcos Theurel y el constructor Julio Dom\u00ednguez\u2026 por cierto, a Mercurio tambi\u00e9n se le conoce como Hermes, Dios de los Ladrones y Mentirosos.<br \/>El Jueves, los fidelistas lo consagrar\u00edan a Fidel Herrera; los convergentes a Dante; los panistas a Calder\u00f3n\u2026 es el d\u00eda de J\u00fapiter (para los Romanos) o Zeus (para los griegos).<br \/>Y Viernes: Algunos pol\u00edticos y bur\u00f3cratas baquetones bajo el s\u00edndrome de Robinson Crusoe esperan con ansia este d\u00eda porque significa liberarse del trabajo.<br \/>Los simplistas como yo, que no somos pol\u00edticos, vemos el s\u00e1bado y domingo como el d\u00eda de estar en familia\u2026 \u00a1no es cierto! \u00a1Son d\u00edas de futbol! \u00a1Y nada m\u00e1s!<br \/>Disculpen, pero \u201cla calor\u201d me afecta a la hora de escribir y mis neuronas hierven a 34 grados cent\u00edgrados.<br \/>Ya para no aburrirlos, y sin ser meteor\u00f3logo, s\u00e9 de un domingo que va a estar m\u00e1s caliente que este de ayer\u2026 \u00a1El domingo 5 de julio! \u00a1Y si no me cree, me cuenta!<\/p>\n<p><strong>*Algo de calor*<\/strong><\/p>\n<p>1.- \u00bfPor qu\u00e9 el secretario de Protecci\u00f3n Civil siempre llega tarde a los eventos?<br \/>\u00a1Porque es cabeza di-lata!<br \/>2.- Ejemplos de calor exot\u00e9rmico (emite calor) y endot\u00e9rmico (absorbe calor).<br \/>Exot\u00e9rmico: \u00a1La cachetada que le puso Julio Dom\u00ednguez a Marcos Theurel!<br \/>Endot\u00e9rmico: \u00a1El coraje que se tuvo que tragar tras la cachetada Marcos Theurel!<br \/>3.- Ejemplo de combusti\u00f3n.<br \/>La quemada de Theurel por el diezmo que (dicen) no cobr\u00f3\u2026 es que fue de 20 no de diez.<br \/>4.- Especifique qu\u00e9 es Temperatura Alta.<br \/>Carvallo bien \u201ccalientito\u201d ante el reto del diputado \u201cChoriqueso\u201d a afiliar gente al PRI sin colgarse de las valencianas del Gobernador.<br \/>5.- Especifique \u201cCalor\u00edas\u201d\u2026<br \/>Lo que le sobran al director de Comunicaci\u00f3n Social, Alfredo G\u00e1ndara.<\/p>\n","protected":false},"excerpt":{"rendered":"<p>Salvador Mu\u00f1ozLos Pol\u00edticos La noticia en s\u00ed, me espant\u00f3: \u201cHoy Domingo, ser\u00e1 uno de los m\u00e1s calientes\u201d.De inmediato pens\u00e9 en el suegro de Am\u00e9rico Z\u00fa\u00f1iga, el amigo Yorio Saqui, un insigne papanteco, aunque de inmediato lo descart\u00e9\u2026 si bien es bravo, anda demasiado tranquilo a pesar del bochorno electoral pr\u00f3ximo.Entonces mi mente calenturienta recurri\u00f3 a [&hellip;]<\/p>\n","protected":false},"author":1,"featured_media":0,"comment_status":"open","ping_status":"open","sticky":false,"template":"","format":"standard","meta":{"_jetpack_newsletter_access":"","_jetpack_dont_email_post_to_subs":false,"_jetpack_newsletter_tier_id":0,"_jetpack_memberships_contains_paywalled_content":false,"_jetpack_memberships_contains_paid_content":false,"footnotes":""},"categories":[1],"tags":[],"class_list":["post-8910","post","type-post","status-publish","format-standard","hentry","category-sin-categoria"],"jetpack_featured_media_url":"","jetpack_sharing_enabled":true,"jetpack_shortlink":"https:\/\/wp.me\/p4Qcd3-2jI","_links":{"self":[{"href":"https:\/\/lospoliticosveracruz.com.mx\/index.php?rest_route=\/wp\/v2\/posts\/8910","targetHints":{"allow":["GET"]}}],"collection":[{"href":"https:\/\/lospoliticosveracruz.com.mx\/index.php?rest_route=\/wp\/v2\/posts"}],"about":[{"href":"https:\/\/lospoliticosveracruz.com.mx\/index.php?rest_route=\/wp\/v2\/types\/post"}],"author":[{"embeddable":true,"href":"https:\/\/lospoliticosveracruz.com.mx\/index.php?rest_route=\/wp\/v2\/users\/1"}],"replies":[{"embeddable":true,"href":"https:\/\/lospoliticosveracruz.com.mx\/index.php?rest_route=%2Fwp%2Fv2%2Fcomments&post=8910"}],"version-history":[{"count":0,"href":"https:\/\/lospoliticosveracruz.com.mx\/index.php?rest_route=\/wp\/v2\/posts\/8910\/revisions"}],"wp:attachment":[{"href":"https:\/\/lospoliticosveracruz.com.mx\/index.php?rest_route=%2Fwp%2Fv2%2Fmedia&parent=8910"}],"wp:term":[{"taxonomy":"category","embeddable":true,"href":"https:\/\/lospoliticosveracruz.com.mx\/index.php?rest_route=%2Fwp%2Fv2%2Fcategories&post=8910"},{"taxonomy":"post_tag","embeddable":true,"href":"https:\/\/lospoliticosveracruz.com.mx\/index.php?rest_route=%2Fwp%2Fv2%2Ftags&post=8910"}],"curies":[{"name":"wp","href":"https:\/\/api.w.org\/{rel}","templated":true}]}}