{"id":8913,"date":"2009-04-08T14:42:00","date_gmt":"2009-04-08T14:42:00","guid":{"rendered":"http:\/\/www.lospoliticosveracruz.com.mx\/?p=8913"},"modified":"2014-10-08T19:26:55","modified_gmt":"2014-10-08T19:26:55","slug":"papa-de-el-ferras-tambien-preso","status":"publish","type":"post","link":"https:\/\/lospoliticosveracruz.com.mx\/?p=8913","title":{"rendered":"Pap\u00e1 de El Ferras, tambi\u00e9n preso"},"content":{"rendered":"<blockquote><p>* Purga condena desde hace 10 a\u00f1os<br \/>* Simulacros de multas en Hacienda<\/p><\/blockquote>\n<p><strong>Jos\u00e9 Ortiz Medina<\/strong><br \/><em>En corto&#8230; sin cortes<\/em><\/p>\n<p>Todo un fen\u00f3meno en los medios cibern\u00e9ticos ha resultado Felipe Ferra G\u00f3mez, alias \u201cEl ferras\u201d. <br \/>De manera oportuna, como siempre, hace algunas semanas <em>Diario de Xalapa<\/em> dio cuenta de este hecho inusual.<br \/>Y es que, como es sabido, el video de \u201cEl ferras\u201d es uno de los m\u00e1s consultados en la p\u00e1gina de You tube.<br \/>Este singular personaje ha generado sesudos an\u00e1lisis de expertos en psicolog\u00eda, adem\u00e1s de m\u00faltiples entrevistas period\u00edsticas, muchas de las cuales ha cobrado \u201cEl ferras\u201d hasta en 2 mil pesos.<br \/>Sin duda, hay en las c\u00e1rceles veracruzanas muchos Ferras. J\u00f3venes que son v\u00edctimas de la desintegraci\u00f3n familiar y la p\u00e9rdida de valores.<br \/>La mam\u00e1 de El Ferras coment\u00f3 que el padre de este muchacho le inculc\u00f3 malas costumbres desde que su v\u00e1stago era apenas un ni\u00f1o. A temprana edad este chavo ya consum\u00eda drogas y se dedicaba a robar. <br \/>Pero lo que muy pocos saben es que el pap\u00e1 de El Ferras tambi\u00e9n est\u00e1 preso en un centro de readaptaci\u00f3n social.<br \/>De acuerdo con informaci\u00f3n exclusiva a la cual tuvimos acceso, Manuel Ferra Sandoval, ingres\u00f3 al Cereso de Misantla el 6 de abril de 1999.<br \/>Se le imputaron los delitos de robo simple y homicidio calificado, cargos por los que fue sentenciado a 23 a\u00f1os de prisi\u00f3n que le impuso el Juez Primero de Primera Instancia del Distrito Judicial de Misantla.<br \/>Actualmente Ferra Sandoval se encuentra recluido en el penal \u201cPericles Namorado Urrutia\u201d, en Villa Aldama. <br \/>Los hechos que se le imputaron fueron cometidos en la congregaci\u00f3n El Laurel, del municipio de Nautla, Veracruz.<br \/>En la narrativa de los hechos el pap\u00e1 de El Ferras manifest\u00f3 que le invitaron a \u201cecharse un tiro\u201d, es decir a participar en un robo.<br \/>El d\u00eda que sucedieron los acontecimientos, Ferra Sandoval se trasladaba rumbo a la comunidad El Laurel, percat\u00e1ndose que el ahora occiso se aproximaba en un veh\u00edculo color gris al cual le bloquearon el paso. Despoj\u00f3 al conductor de su cartera y alhajas. Le puso la pistola en la cabeza y le dispar\u00f3.<br \/>Casos como estos abundan en los que familias completas, el pap\u00e1, los hijos o hasta la mam\u00e1, est\u00e1n involucrados en actividades il\u00edcitas.<br \/>El Ferras dice que est\u00e1 arrepentido, pero ya ech\u00f3 a perder los mejores a\u00f1os de su vida tras las rejas. <\/p>\n<p>SI A USTED, amable lector le llega una notificaci\u00f3n de la Secretar\u00eda de Hacienda y Cr\u00e9dito P\u00fablico en el sentido de que debe pagar una cuantiosa multa, antes que nada verifique la veracidad de la informaci\u00f3n. Y es que nos acabamos de enterar de un caso en el que se trat\u00f3 de un mero \u201csimulacro de multa\u201d, esto seg\u00fan lo confirmaron los propios funcionarios del SAT. Dicen en la SHCP que se trata de un programa que ha implementado dicha dependencia federal en todo el territorio mexicano. Desconocemos los objetivos de dicho simulacro, pero de lo que s\u00ed estamos ciertos es alguien se puede morir de un infarto si le dan una mala noticia que a la mera hora resulta ser falsa. Si las multas simuladas fuesen una bicoca, no pasar\u00eda nada. El problema es que las cantidades que han sido notificadas de manera \u201csimulada\u201d superan los 100 mil pesos.<\/p>\n<p>LLAM\u00d3 MUCHO la atenci\u00f3n lo que dijo el diputado panista Jes\u00fas Remes Ojeda, quien de plano dijo que ni su mam\u00e1, oriunda de C\u00f3rdoba va a votar por Carlos Hermosillo el pr\u00f3ximo 5 de julio. El legislador dice que no est\u00e1 de acuerdo con la postulaci\u00f3n del exfutbolista, porque se trata de una persona desconocida para los cordobeses. \u201cMi mam\u00e1 es de C\u00f3rdoba y est\u00e1 desconcertada. Ha dicho que no puede votar por alguien que no ha vivido en el Distrito\u201d, dijo de manera textual el panista. Por cierto Javier Duarte de Ochoa, desayun\u00f3 ayer con su familia en los portales de C\u00f3rdoba, donde las personas que ah\u00ed se encontraban  se acercaban a saludarlo. Ah\u00ed estaba su esposa, Karime Mac\u00edas, su mam\u00e1, Do\u00f1a Cecilia De Ochoa Viuda De Duarte y sus dos peque\u00f1os, Javier y Carolina. El ex titular de las Finanzas del Estado se encuentra concentrado en la organizaci\u00f3n general de su campa\u00f1a pol\u00edtica, cuyo arranque est\u00e1 fijado el 3 de mayo. <\/p>\n<p>NO SE NOS olvida que el dirigente estatal del PAN, Enrique Cambranis Torres prometi\u00f3 que si no ganaba 11 distritos en las elecciones del 5 de julio, renunciar\u00eda a su cargo partidista. Pues que cumpla su promesa, porque al paso que va, Acci\u00f3n Nacional obtendr\u00e1 malos resultados en los comicios federales. <\/p>\n<p>EL PRESIDENTE del Comit\u00e9 Directivo Municipal del PRI en Xalapa, Miguel Angel Cabrera Gordillo, acudi\u00f3 hace poco a una entrevista en el programa de RTV \u201cEl Molcajete\u201d. Cabrera dio a conocer el plan educativo del PRI que iniciar\u00e1 el 2 de mayo con preparatoria y la carrera de Ciencias Pol\u00edticas en el sistema abierto.<\/p>\n","protected":false},"excerpt":{"rendered":"<p>* Purga condena desde hace 10 a\u00f1os* Simulacros de multas en Hacienda Jos\u00e9 Ortiz MedinaEn corto&#8230; sin cortes Todo un fen\u00f3meno en los medios cibern\u00e9ticos ha resultado Felipe Ferra G\u00f3mez, alias \u201cEl ferras\u201d. De manera oportuna, como siempre, hace algunas semanas Diario de Xalapa dio cuenta de este hecho inusual.Y es que, como es sabido, [&hellip;]<\/p>\n","protected":false},"author":1,"featured_media":0,"comment_status":"open","ping_status":"open","sticky":false,"template":"","format":"standard","meta":{"_jetpack_newsletter_access":"","_jetpack_dont_email_post_to_subs":false,"_jetpack_newsletter_tier_id":0,"_jetpack_memberships_contains_paywalled_content":false,"_jetpack_memberships_contains_paid_content":false,"footnotes":""},"categories":[1],"tags":[],"class_list":["post-8913","post","type-post","status-publish","format-standard","hentry","category-sin-categoria"],"jetpack_featured_media_url":"","jetpack_sharing_enabled":true,"jetpack_shortlink":"https:\/\/wp.me\/p4Qcd3-2jL","_links":{"self":[{"href":"https:\/\/lospoliticosveracruz.com.mx\/index.php?rest_route=\/wp\/v2\/posts\/8913","targetHints":{"allow":["GET"]}}],"collection":[{"href":"https:\/\/lospoliticosveracruz.com.mx\/index.php?rest_route=\/wp\/v2\/posts"}],"about":[{"href":"https:\/\/lospoliticosveracruz.com.mx\/index.php?rest_route=\/wp\/v2\/types\/post"}],"author":[{"embeddable":true,"href":"https:\/\/lospoliticosveracruz.com.mx\/index.php?rest_route=\/wp\/v2\/users\/1"}],"replies":[{"embeddable":true,"href":"https:\/\/lospoliticosveracruz.com.mx\/index.php?rest_route=%2Fwp%2Fv2%2Fcomments&post=8913"}],"version-history":[{"count":0,"href":"https:\/\/lospoliticosveracruz.com.mx\/index.php?rest_route=\/wp\/v2\/posts\/8913\/revisions"}],"wp:attachment":[{"href":"https:\/\/lospoliticosveracruz.com.mx\/index.php?rest_route=%2Fwp%2Fv2%2Fmedia&parent=8913"}],"wp:term":[{"taxonomy":"category","embeddable":true,"href":"https:\/\/lospoliticosveracruz.com.mx\/index.php?rest_route=%2Fwp%2Fv2%2Fcategories&post=8913"},{"taxonomy":"post_tag","embeddable":true,"href":"https:\/\/lospoliticosveracruz.com.mx\/index.php?rest_route=%2Fwp%2Fv2%2Ftags&post=8913"}],"curies":[{"name":"wp","href":"https:\/\/api.w.org\/{rel}","templated":true}]}}