{"id":8914,"date":"2009-04-08T00:44:00","date_gmt":"2009-04-08T00:44:00","guid":{"rendered":"http:\/\/www.lospoliticosveracruz.com.mx\/?p=8914"},"modified":"2014-10-08T19:26:56","modified_gmt":"2014-10-08T19:26:56","slug":"bon-appetit","status":"publish","type":"post","link":"https:\/\/lospoliticosveracruz.com.mx\/?p=8914","title":{"rendered":"\u00a1Bon app\u00e9tit!"},"content":{"rendered":"<p><a href=\"http:\/\/www.lospoliticosveracruz.com.mx\/wp-content\/uploads\/2009\/04\/MICHO-.jpg\"><img decoding=\"async\" style=\"float:right; margin:0 0 10px 10px;cursor:pointer; cursor:hand;width: 312px; height: 320px;\" src=\"http:\/\/www.lospoliticosveracruz.com.mx\/wp-content\/uploads\/2009\/04\/MICHO--292x300.jpg\" border=\"0\" alt=\"\"id=\"BLOGGER_PHOTO_ID_5322115513586791602\" \/><\/a><br \/><strong>Salvador Mu\u00f1oz<\/strong><br \/><em>Los Pol\u00edticos<\/em><\/p>\n<p>La sopa de pasta dif\u00edcilmente la tolero si no va a acompa\u00f1ada de espinacas u otra verdura. En \u00faltimas, si me dan sopa de fideo \u00a1ruego que le pongan frijolitos aguados! \u00bfPor qu\u00e9? No lo s\u00e9\u2026 a lo mejor creo que le da m\u00e1s sabor, ahora s\u00ed, al caldo esos ingredientes.<br \/>Creo que el lector ha probado todo tipo de sopas, no me cabe duda, aunque ahora, el platillo de moda, para el PRI y para el PAN es \u00a1la sopa de letras!<br \/>Si no mal recuerdo, el pasado 30 de marzo, el diario \u201cReforma\u201d y la revista \u201cProceso\u201d, en sus planas, sacaron la famosa \u201cSopa de letras\u201d que mand\u00f3 a publicar el PAN para darle una madriza al PRI sabrosa, no se puede negar que le pusieron saz\u00f3n.<br \/>\u00bfRecuerda? Un juego de palabras escondidas que ten\u00eda que relacionar con el PRI, como \u201ctransa\u201d, \u201ccorrupci\u00f3n\u201d, \u201cretroceso\u201d, etc\u00e9tera.<br \/>Sin embargo, parece que la sopita le sali\u00f3 cara al PAN y el IFE les recet\u00f3 una multa de casi 500 mil pesos por \u201cdenigrar\u201d y \u201ccalumniar\u201d al PRI con ese juego de letras.<br \/>\u00bfQu\u00e9? Pues as\u00ed dijo el IFE, que \u201cdenigraron\u201d y \u201ccalumniaron\u201d al PRI\u2026<br \/>Al PAN le falt\u00f3 malicia, sin lugar a dudas. Pudo haber hecho lo mismo si iniciaba una cadena por Internet con un nombre falso y pidiendo a cada comit\u00e9 estatal y municipal hacer una distribuci\u00f3n de mano en mano por todas las ciudades\u2026 \u00a1el efecto hubiera sido m\u00e1s sabroso creo yo! \u00bfSe imagina el lector teniendo en sus manos esa hoja y por pura curiosidad viera el contenido? Estoy seguro que se pone a resolver esa \u201cSopita de Letras\u201d.<br \/>\u00bfY cu\u00e1nto le hubiera costado al PAN hacer eso si el paquete de 500 hojas tama\u00f1o carta de papel bond sale como a 70 pesos mientras que la media plana en \u201cReforma\u201d, a ojo de buen cubero, entre 40 mil o sesenta mil pesos por una publicaci\u00f3n?<br \/>Pero aun con tan buen material como esa \u201cSopa de letras\u201d, les falt\u00f3 la malicia, \u00e9sa que le sobra al PRI\u2026<br \/>El anti-ejemplo m\u00e1s claro es \u201cMicho, el pan podrido que jode a la gente\u201d. Desconozco realmente si sea del PRI tal video, pero lo que es cierto es que es anti-panista.<br \/>En youtube circula esta caricatura que no es m\u00e1s que una s\u00e1tira al gobierno del PAN donde un pan o micha, como guste llamarlo, es un villano con poder que s\u00f3lo utiliza para hacerse rico y hacer m\u00e1s pobre al pobre.<br \/>\u00bfCu\u00e1nto le cost\u00f3 al PRI subir eso a mi blog? \u00a1Nada! Adem\u00e1s de que el encargado del tesoro priista cuida muy bien las finanzas del partido (Imaginen\u2026 me deben un cuarto de plana desde hace cuatro meses\u2026 \u00a1ahorita que recuerdo! Tambi\u00e9n me deben tres diputados del PRI\u2026 Bueno\u2026 a uno nada m\u00e1s le restan 500 pesos \u00a1chingaos! \u00a1Vivo de las comisiones \u201cinches codos\u201d\u2026 \u00a1ni chayote dan!), el video es simp\u00e1tico, agradable y goza de uno que otro sketch.<br \/>En fin\u2026 el asunto es que el PAN va a tener que retirar su \u201cSopita de Letras\u201d y adem\u00e1s de eso pagar\u00e1 cerca de 500 mil pesos por tan rico platillo\u2026 \u00a1vaya! Creo que valdr\u00e1 la pena pagarlos nada m\u00e1s espero que la publicidad y la multa no salgan de mis impuestos porque si no, los ciudadanos nos habremos despachado la sopa m\u00e1s cara \u00a1sin haberla comido!<br \/>Mientras, ah\u00ed les van unas sopitas polacas:<br \/>* La sopa de los hermanos del diputado Gonzalo Gu\u00edzar Valladares, famosos \u201cparacaidistas\u201d: \u00a1Sopa de lote!<br \/>* La sopa que le dieron a Nemesio Dom\u00ednguez en Sedesma: \u00a1De calabazas!<br \/>* La sopa de Theurel: \u00a1De sapos! \u00a1Ya aprendi\u00f3 a tragarlos!<br \/>* La sopa de Lindsay Lohan y su novia Samantha Ronson: \u00a1Sopa de tortillas!<br \/>* La sopa de los priistas que me deben publicidad: \u00a1Sopa de coditos!<br \/>* La sopa del trabajo que hace Silvia Dom\u00ednguez: \u00a1Sopa de lenteja!<br \/>* La sopa favorita de los reporteros: \u00a1De chayote! \u00a1Y hasta repetimos!<br \/>* La sopa de Karime Aguilera: \u00a1De fideos! Piense porqu\u00e9\u2026<br \/>* La sopa del ciudadano en esta crisis\u2026 \u00a1Sopa de Ajo\u2026derse!<br \/>* La sopa de Pep\u00edn Ruiz Carmona: Sopa de papa\u2026 \u00a1en la boca!<br \/>* La sopa que no le gust\u00f3 a ex jefa de prensa del ayuntamiento de Alvarado y que se la quer\u00eda dar el alcalde Bogar Ruiz\u2026 \u00a1La de \u201cTallarines\u201d!<br \/>\u00a1Bon app\u00e9tit!<\/p>\n","protected":false},"excerpt":{"rendered":"<p>Salvador Mu\u00f1ozLos Pol\u00edticos La sopa de pasta dif\u00edcilmente la tolero si no va a acompa\u00f1ada de espinacas u otra verdura. En \u00faltimas, si me dan sopa de fideo \u00a1ruego que le pongan frijolitos aguados! \u00bfPor qu\u00e9? No lo s\u00e9\u2026 a lo mejor creo que le da m\u00e1s sabor, ahora s\u00ed, al caldo esos ingredientes.Creo que [&hellip;]<\/p>\n","protected":false},"author":1,"featured_media":0,"comment_status":"open","ping_status":"open","sticky":false,"template":"","format":"standard","meta":{"_jetpack_newsletter_access":"","_jetpack_dont_email_post_to_subs":false,"_jetpack_newsletter_tier_id":0,"_jetpack_memberships_contains_paywalled_content":false,"_jetpack_memberships_contains_paid_content":false,"footnotes":""},"categories":[1],"tags":[],"class_list":["post-8914","post","type-post","status-publish","format-standard","hentry","category-sin-categoria"],"jetpack_featured_media_url":"","jetpack_sharing_enabled":true,"jetpack_shortlink":"https:\/\/wp.me\/p4Qcd3-2jM","_links":{"self":[{"href":"https:\/\/lospoliticosveracruz.com.mx\/index.php?rest_route=\/wp\/v2\/posts\/8914","targetHints":{"allow":["GET"]}}],"collection":[{"href":"https:\/\/lospoliticosveracruz.com.mx\/index.php?rest_route=\/wp\/v2\/posts"}],"about":[{"href":"https:\/\/lospoliticosveracruz.com.mx\/index.php?rest_route=\/wp\/v2\/types\/post"}],"author":[{"embeddable":true,"href":"https:\/\/lospoliticosveracruz.com.mx\/index.php?rest_route=\/wp\/v2\/users\/1"}],"replies":[{"embeddable":true,"href":"https:\/\/lospoliticosveracruz.com.mx\/index.php?rest_route=%2Fwp%2Fv2%2Fcomments&post=8914"}],"version-history":[{"count":0,"href":"https:\/\/lospoliticosveracruz.com.mx\/index.php?rest_route=\/wp\/v2\/posts\/8914\/revisions"}],"wp:attachment":[{"href":"https:\/\/lospoliticosveracruz.com.mx\/index.php?rest_route=%2Fwp%2Fv2%2Fmedia&parent=8914"}],"wp:term":[{"taxonomy":"category","embeddable":true,"href":"https:\/\/lospoliticosveracruz.com.mx\/index.php?rest_route=%2Fwp%2Fv2%2Fcategories&post=8914"},{"taxonomy":"post_tag","embeddable":true,"href":"https:\/\/lospoliticosveracruz.com.mx\/index.php?rest_route=%2Fwp%2Fv2%2Ftags&post=8914"}],"curies":[{"name":"wp","href":"https:\/\/api.w.org\/{rel}","templated":true}]}}