{"id":8915,"date":"2009-04-08T00:24:00","date_gmt":"2009-04-08T00:24:00","guid":{"rendered":"http:\/\/www.lospoliticosveracruz.com.mx\/?p=8915"},"modified":"2014-10-08T19:26:56","modified_gmt":"2014-10-08T19:26:56","slug":"espacio-2009-industrias-culturales-ahora-mas-comerciales","status":"publish","type":"post","link":"https:\/\/lospoliticosveracruz.com.mx\/?p=8915","title":{"rendered":"Espacio 2009: Industrias culturales&#8230; ahora m\u00e1s comerciales"},"content":{"rendered":"<p><a href=\"http:\/\/www.lospoliticosveracruz.com.mx\/wp-content\/uploads\/2009\/04\/Varona.jpg\"><img decoding=\"async\" style=\"float:right; margin:0 0 10px 10px;cursor:pointer; cursor:hand;width: 133px; height: 200px;\" src=\"http:\/\/www.lospoliticosveracruz.com.mx\/wp-content\/uploads\/2009\/04\/Varona-198x300.jpg\" border=\"0\" alt=\"\"id=\"BLOGGER_PHOTO_ID_5322110341293047426\" \/><\/a><br \/><strong>Eva Varona Conde<\/strong><br \/><em>Cuando las piedras hablan&#8230; los hombres tiemblan<\/em><\/p>\n<p><\/p>\n<blockquote><p>La varonita y El tigre (TO\u00d1O MOLINA locutor de la K BUENA)<\/p><\/blockquote>\n<p>Recuerdo en mis a\u00f1os de universidad\u2026 (Ya ver\u00e1n que no son muchos); asist\u00ed a este evento con mi hermana cuando curs\u00e1bamos la carrera de comunicaci\u00f3n.<br \/>En aquel entonces, ESPACIO 99 se llev\u00f3 a cabo en TELEVISA SAN ANGEL.<br \/>Hay por su puesto, una diferencia bastante enorme de lo que en su momento fue un evento realizado, espec\u00edficamente para chicos que estudiando cualquier rama de la comunicaci\u00f3n, complementara con su visita sus conocimientos.<br \/>Y as\u00ed lo fue.<br \/>En aquellos a\u00f1os, las cargas de las \u00e1reas, que ahora llamaron talleres, fueron por supuesto mucho m\u00e1s interactivos, retroalimentantes e integrales para los futuros comunicadores.<br \/>Marcar\u00e9 algunas diferencias, no con el objetivo de decir que este a\u00f1o espacio fue una porquer\u00eda\u2026pero s\u00ed me dejo mucho qu\u00e9 desear.<br \/>Pero en fin:<br \/>En esta ocasi\u00f3n viaj\u00e9 con mis alumnos de la universidad UDAL, 54 futuros comunicadores, por supuesto la visi\u00f3n y cr\u00edtica de los alumnos de segundo, son distintos a los de cuarto y as\u00ed hasta los de octavo; pero para este evento, los alumnos m\u00e1s j\u00f3venes de segundo semestre desarrollaron la nota completa con los detalles del mismo, por lo que en esta columna no hablar\u00e9 de eso, les dejo el link donde pueden consultar m\u00e1s notas de ellos:<br \/>http:\/\/www.alumnosvaronita.blogspor.com\/<br \/>Nombr\u00e9 a esta columna, Las industrias culturales ahora m\u00e1s comerciales, porque as\u00ed lo fue, es l\u00f3gico que para un evento de esta magnitud, se solicite la mayor participaci\u00f3n de patrocinadores y sin temor a equivocarme esta l\u00ednea se rebas\u00f3 y por mucho, el prop\u00f3sito principal.<br \/>\u00bfEn verdad se necesita ser tan obvio como, para nombrar al evento ACTIVANDO LA CONCORDIA, que d\u00e9 la bienvenida Marcelo Ebrard, y que las conferencias magistrales sean del tema \u201cBicentenario\u201d?<br \/>No lo creo, ma\u00f1osamente manipulada la bienvenida con una serie de performance, como para matar el tiempo\u2026<br \/>Creo que desde que entramos, el ambiente era m\u00e1s bien de una feria, donde se esperaba formados para ver a sus artistas favoritos, m\u00f3dulos de productos comerciales atiborrados de chavos, que comparadas con las asociaciones civiles, ll\u00e1mese Poder Joven y Chespirito no se les paraba ni una mosca\u2026pero; \u00bfqu\u00e9 era mejor? \u00bfDemostrar tu hipocres\u00eda ante las c\u00e1maras de televisi\u00f3n mostrando un inter\u00e9s falso por el pr\u00f3jimo o ganarte el preciado lapicero de Barcard\u00ed?<br \/>Dir\u00eda una respuesta\u2026pero honestamente no les interesa como a los chicos en ese evento.<br \/>Todo esto me hizo extra\u00f1ar aquel espacio del 99:<br \/>\u00bfD\u00f3nde quedaron las editoriales?<br \/>En aquel entonces, editoriales televisa, coloc\u00f3 m\u00f3dulos no s\u00f3lo para promocionar (obvio) sino para dar a conocer las diferentes clases de revistas y publicaciones de la que esta empresa est\u00e1 a cargo, claro, las revistas femeninas y tv novelas y similares tienen mucho peso, pero a\u00fan as\u00ed, en aquel entonces me toc\u00f3 que nos mostraran diferentes publicaciones, sobre pol\u00edtica, mercadotecnia, arte etc.<br \/>Peri\u00f3dicos de peso nacional, su trayectoria e historia; si que fue gratificante verlo con tus propios ojos\u2026<br \/>Ahora\u2026bueno&#8230;no hubo nada de eso\u2026<br \/>\u00bfD\u00f3nde qued\u00f3 el doblaje mexicano?<br \/>Sin duda algo que me gust\u00f3 much\u00edsimo en el 99, fue que vimos todo el proceso que realizan los actores de doblaje, qui\u00e9nes, qu\u00e9 se necesita para hacerlo, fue precisamente en ese momento que nos dijeron que el doblaje de M\u00e9xico era considerado como el mejor del mundo para habla hispana\u2026y no fue choro, en verdad lo es.<br \/>Y bueno\u2026creo que para este espacio 99, recib\u00ed tanta informaci\u00f3n que un d\u00eda completo no fue suficiente\u2026ni hablar de la comida hasta estaba incluida\u2026<br \/>Creo que un gran beneficio fue que en ese entonces espacio se llev\u00f3 a cabo en las instalaciones, lo que por supuesto ayud\u00f3 a que la ense\u00f1anza sea m\u00e1s cercana, ahora que no fue ah\u00ed es m\u00e1s dif\u00edcil llevar el equipo.<br \/>Sin embargo con todo y eso\u2026 nos metimos, porque ahora me acompa\u00f1o mi hermana como en aquel espacio 99, ahora ya como comunic\u00f3logas a ver el taller de radio.<br \/>Bueno\u2026aqu\u00ed honestamente me dej\u00f3 mucho qu\u00e9 desear, porque desde el inicio esperaba algo m\u00e1s t\u00e9cnico, pero luego se me especific\u00f3 que para ello se ten\u00edan horarios.<br \/>En fin; lo que puedo rescatar de todo esto, fue el conocer a un gran persona, sencilla, honesta y muy abierta a la comunicaci\u00f3n.<br \/>En el taller de radio, estaba en ese horario, la participaci\u00f3n de TO\u00d1O MOLINA mejor conocido como \u201cEl tigre\u201d locutor de la K BUENA y voz off de BANDA MAX, entre otras linduras que escuchar\u00e1n en mi podcast.<br \/>Los famosos Primos de Durango\u2026que siendo honesta ni los conoc\u00eda.<br \/>Pero a lo particular me interesaba el punto de vista de To\u00f1o Molina, as\u00ed que tuve que esperar tooooodaaaa la ronda de preguntas, muchas superficiales, salvo sus acepciones, con los gritos y piropos hacia estos chavos expertos en lo duranguense\u2026creo.<br \/>Pero bueno, al termino pude colarme para hacerle algunas preguntas a To\u00f1o, que siendo honesta no ten\u00eda el gusto de conocer, y en verdad le agradezco que me dejara al final del d\u00eda un mejor sabor de boca.<br \/>Platicamos largo rato, muy sencillo tal como colega pero adem\u00e1s hicimos muchas reflexiones juntos sobre lo que tambi\u00e9n observo con cierta desidia; \u201ca los chicos les falta informarse, les falta aprovechar lo que tienen a la mano\u201d\u2026y as\u00ed fue; teniendo al equipo de la K BUENA junto con su locutor disponibles a \u201ccualquier pregunta\u201d, como me lo enfatiz\u00f3 To\u00f1o\u2026les falt\u00f3 m\u00e1s contundencia.<br \/>Pero en fin.<br \/>No quiero adelantar lo que platicamos, porque por ello estar\u00e1 mi podcast con su entrevista y sus saludos para todos ustedes por supuesto, pero si les dejo su p\u00e1gina de internet, donde adem\u00e1s de manera integral, podemos darnos cuenta que la radio no s\u00f3lo es conducci\u00f3n, sino un mar enorme de creatividad como lo es To\u00f1o y como definitivamente debi\u00f3 ser este evento\u2026que m\u00e1s bien para m\u00ed fue una feria.<br \/>http:\/\/www.tonomolina.com\/<\/p>\n","protected":false},"excerpt":{"rendered":"<p>Eva Varona CondeCuando las piedras hablan&#8230; los hombres tiemblan La varonita y El tigre (TO\u00d1O MOLINA locutor de la K BUENA) Recuerdo en mis a\u00f1os de universidad\u2026 (Ya ver\u00e1n que no son muchos); asist\u00ed a este evento con mi hermana cuando curs\u00e1bamos la carrera de comunicaci\u00f3n.En aquel entonces, ESPACIO 99 se llev\u00f3 a cabo en [&hellip;]<\/p>\n","protected":false},"author":1,"featured_media":0,"comment_status":"open","ping_status":"open","sticky":false,"template":"","format":"standard","meta":{"_jetpack_newsletter_access":"","_jetpack_dont_email_post_to_subs":false,"_jetpack_newsletter_tier_id":0,"_jetpack_memberships_contains_paywalled_content":false,"_jetpack_memberships_contains_paid_content":false,"footnotes":""},"categories":[1],"tags":[],"class_list":["post-8915","post","type-post","status-publish","format-standard","hentry","category-sin-categoria"],"jetpack_featured_media_url":"","jetpack_sharing_enabled":true,"jetpack_shortlink":"https:\/\/wp.me\/p4Qcd3-2jN","_links":{"self":[{"href":"https:\/\/lospoliticosveracruz.com.mx\/index.php?rest_route=\/wp\/v2\/posts\/8915","targetHints":{"allow":["GET"]}}],"collection":[{"href":"https:\/\/lospoliticosveracruz.com.mx\/index.php?rest_route=\/wp\/v2\/posts"}],"about":[{"href":"https:\/\/lospoliticosveracruz.com.mx\/index.php?rest_route=\/wp\/v2\/types\/post"}],"author":[{"embeddable":true,"href":"https:\/\/lospoliticosveracruz.com.mx\/index.php?rest_route=\/wp\/v2\/users\/1"}],"replies":[{"embeddable":true,"href":"https:\/\/lospoliticosveracruz.com.mx\/index.php?rest_route=%2Fwp%2Fv2%2Fcomments&post=8915"}],"version-history":[{"count":0,"href":"https:\/\/lospoliticosveracruz.com.mx\/index.php?rest_route=\/wp\/v2\/posts\/8915\/revisions"}],"wp:attachment":[{"href":"https:\/\/lospoliticosveracruz.com.mx\/index.php?rest_route=%2Fwp%2Fv2%2Fmedia&parent=8915"}],"wp:term":[{"taxonomy":"category","embeddable":true,"href":"https:\/\/lospoliticosveracruz.com.mx\/index.php?rest_route=%2Fwp%2Fv2%2Fcategories&post=8915"},{"taxonomy":"post_tag","embeddable":true,"href":"https:\/\/lospoliticosveracruz.com.mx\/index.php?rest_route=%2Fwp%2Fv2%2Ftags&post=8915"}],"curies":[{"name":"wp","href":"https:\/\/api.w.org\/{rel}","templated":true}]}}