{"id":8916,"date":"2009-04-07T19:04:00","date_gmt":"2009-04-07T19:04:00","guid":{"rendered":"http:\/\/www.lospoliticosveracruz.com.mx\/?p=8916"},"modified":"2014-10-08T19:26:56","modified_gmt":"2014-10-08T19:26:56","slug":"cumbre-totonaca","status":"publish","type":"post","link":"https:\/\/lospoliticosveracruz.com.mx\/?p=8916","title":{"rendered":"Cumbre totonaca"},"content":{"rendered":"<p><strong>Jorge Arturo Rodr\u00edguez<\/strong><br \/><em>Tierra de Babel<\/em><\/p>\n<p>Dec\u00eda Ram\u00f3n G\u00f3mez de la Serna que el envidioso no aplaude porque le salen espinas en las palmas de las manos y se las clavar\u00eda si aplaudiese. Y estoy seguro que muchos no aplaudir\u00e1n el \u00e9xito que tuvo la Cumbre Taj\u00edn 2009, en su d\u00e9cima edici\u00f3n. No, pos para nada. Porque estamos m\u00e1s acostumbrados a ver la viga en el ojo ajeno y disfrutar de la desgracia del pr\u00f3jimo, antes que alegrarnos de su triunfo o del haber ganado una batalla. Nada se nos acomoda, ni fr\u00edo, ni caliente, ni templado. Vaya que en verdad el sufrimiento de la derrota es siempre m\u00e1s avasallador y permanente que la euforia de la victoria, sentenci\u00f3 Al\u00ed Chumacero.<br \/> Qu\u00e9 pues, as\u00ed somos. Pero no todos, gracias a Dios. Celebro la realizaci\u00f3n \u2013bien pensada, organizada y culminada- de la Cumbre Taj\u00edn de este a\u00f1o a la cual tuve la oportunidad de asistir por primera vez, a pesar de que lleva ya diez a\u00f1os de existencia. Los medios de comunicaci\u00f3n ya dieron cuenta de los detalles: de las actividades en el Parque Tem\u00e1tico Takilhsukut, de la ciudad sagrada de El Taj\u00edn y, sin duda, de la danza de los voladores y voladoras.<br \/> Realmente, fue reuni\u00f3n y uni\u00f3n de pasado y presente: cultura totonaca, ancestral, visible y tangible, que con su gente tendi\u00f3 sus ritos, s\u00edmbolos, conocimientos y sabidur\u00eda al visitante de hoy que, asombrado, encontr\u00f3 el origen para explicarse, qui\u00e9rase o no, la naturaleza de su ser: movimiento perpetuo, en decir, tiempo. Pero tambi\u00e9n, configuraci\u00f3n \u2013con total respeto- de ese pasado en actos contempor\u00e1neos donde la creaci\u00f3n y la tecnolog\u00eda asistieron para embellecer a\u00fan m\u00e1s el tiempo hist\u00f3rico.<br \/> Bien por mi Gober Fide y su esposa Rosa Borunda de Herrera, presidenta del DIF Estatal, por ese empe\u00f1o, pese a las adversidades y las malas lenguas. Porque m\u00e1s de 120 mil visitantes que visitaron la Cumbre Taj\u00edn 2009 resulta significativo y por s\u00ed solo habla. Adem\u00e1s, me consta que la afluencia de turistas nacionales, extranjeros y de la regi\u00f3n, a los diferentes talleres, muestras y espect\u00e1culos fue en verdad sorprendente. Y no es chocholeo. M\u00e1s bien, digo mi sentir, como es mi costumbre. Al diablo con los envidiosos, que se espinen.<br \/> Y m\u00e1s a\u00fan, me alegra saber que mi Gober Fide firm\u00f3 un decreto con el cual se declara al Festival Cumbre Taj\u00edn como Patrimonio Cultural e Intangible del Estado de Veracruz, pa\u2019 que as\u00ed se tenga la certeza de la continuidad de la reconocida festividad.<br \/> Pero m\u00e1s a\u00fan, es de destacar que no s\u00f3lo se promueve la cultura del Totonacapan, sino tambi\u00e9n con los recursos obtenido se desarrollan acciones y obras en beneficio de la regi\u00f3n, como las becas a ni\u00f1os y ni\u00f1as ind\u00edgenas, y la creaci\u00f3n de la Escuela de Voladores, as\u00ed como la instrumentaci\u00f3n de diversos proyecto productivos.<br \/> Pos s\u00ed, nos vemos en la pr\u00f3xima edici\u00f3n 2010. \u00a1No falten, all\u00e1 nos veeemos!<\/p>\n<p><strong>Cuidar el agua: asunto de todos<\/strong><\/p>\n<p>Seg\u00fan el Tercer Informe de Naciones Unidas sobre el Desarrollo de los Recursos H\u00eddricos, presentado en el primer d\u00eda de actividades del Quinto Foro Mundial del Agua, celebrado en Estambul, Turqu\u00eda, \u201cla demanda del l\u00edquido est\u00e1 creciendo de tal manera que para el a\u00f1o 2030, el 67 por ciento de la poblaci\u00f3n (5 mil millones de personas) podr\u00eda quedar sin acceso a agua limpia. De este total, 90 por ciento vivir\u00e1 en pa\u00edses en desarrollo, donde el agua ya escasea\u201d. Y se sostiene que \u201cun manejo integral de los recursos h\u00eddricos, mayor inversi\u00f3n y voluntad pol\u00edtica, as\u00ed como una mayor evaluaci\u00f3n de la disponibilidad y uso del agua deben de implementarse de inmediato, de lo contrario, el problema del agua podr\u00eda ser insuperable en pocas d\u00e9cadas\u201d. (Reforma\/17 de marzo\/09).<br \/>Pero se trata de un asunto, declara el director general de la UNESCO, Ko\u00efchiro Matsuura, cuyas decisiones deben tomar los l\u00edderes y gobierno, el sector privado y la sociedad. Pos pa\u2019 luego es tarde, mi Gober Fide, hay que entrarle. Aunque hasta en eso vas adelantao, sobre todo con el programa \u201cT\u00fa decides\u201d. Incluso, en el marco del D\u00eda Mundial del Agua, inauguraste dos plantas de tratamiento de agua, una en la comunidad de Taj\u00edn y otra en el Parque Tem\u00e1tico Takilhsukut. <br \/>Pos ta\u2019 bien. Pero ojal\u00e1 puedas dar el arranque no s\u00f3lo de la Semana de Cultura del Agua, sino de una Cultura Permanente del Agua, o como gust\u00e9is llamarla, pero que sea indeleble. Digo, como la tinta indeleble que se utiliza en las elecciones; digo, pa\u2019 estar m\u00e1s seguro y no nos hagan chanchullo. \u00bfSer\u00e1?<\/p>\n<p><strong>De cinismos y anexas<\/strong><\/p>\n<p>* En esto del agua, en Xalapa tenemos a\u00f1os esperando la terminaci\u00f3n del Plan Integral de Saneamiento \u2013al menos as\u00ed se llamaba en el 2003-. Pero creo que no m\u00e1s se est\u00e1n haciendo aguas los recursos y \u00bfpa\u2019 d\u00f3nde va el r\u00edo?<\/p>\n","protected":false},"excerpt":{"rendered":"<p>Jorge Arturo Rodr\u00edguezTierra de Babel Dec\u00eda Ram\u00f3n G\u00f3mez de la Serna que el envidioso no aplaude porque le salen espinas en las palmas de las manos y se las clavar\u00eda si aplaudiese. Y estoy seguro que muchos no aplaudir\u00e1n el \u00e9xito que tuvo la Cumbre Taj\u00edn 2009, en su d\u00e9cima edici\u00f3n. No, pos para nada. [&hellip;]<\/p>\n","protected":false},"author":1,"featured_media":0,"comment_status":"open","ping_status":"open","sticky":false,"template":"","format":"standard","meta":{"_jetpack_newsletter_access":"","_jetpack_dont_email_post_to_subs":false,"_jetpack_newsletter_tier_id":0,"_jetpack_memberships_contains_paywalled_content":false,"_jetpack_memberships_contains_paid_content":false,"footnotes":""},"categories":[1],"tags":[],"class_list":["post-8916","post","type-post","status-publish","format-standard","hentry","category-sin-categoria"],"jetpack_featured_media_url":"","jetpack_sharing_enabled":true,"jetpack_shortlink":"https:\/\/wp.me\/p4Qcd3-2jO","_links":{"self":[{"href":"https:\/\/lospoliticosveracruz.com.mx\/index.php?rest_route=\/wp\/v2\/posts\/8916","targetHints":{"allow":["GET"]}}],"collection":[{"href":"https:\/\/lospoliticosveracruz.com.mx\/index.php?rest_route=\/wp\/v2\/posts"}],"about":[{"href":"https:\/\/lospoliticosveracruz.com.mx\/index.php?rest_route=\/wp\/v2\/types\/post"}],"author":[{"embeddable":true,"href":"https:\/\/lospoliticosveracruz.com.mx\/index.php?rest_route=\/wp\/v2\/users\/1"}],"replies":[{"embeddable":true,"href":"https:\/\/lospoliticosveracruz.com.mx\/index.php?rest_route=%2Fwp%2Fv2%2Fcomments&post=8916"}],"version-history":[{"count":0,"href":"https:\/\/lospoliticosveracruz.com.mx\/index.php?rest_route=\/wp\/v2\/posts\/8916\/revisions"}],"wp:attachment":[{"href":"https:\/\/lospoliticosveracruz.com.mx\/index.php?rest_route=%2Fwp%2Fv2%2Fmedia&parent=8916"}],"wp:term":[{"taxonomy":"category","embeddable":true,"href":"https:\/\/lospoliticosveracruz.com.mx\/index.php?rest_route=%2Fwp%2Fv2%2Fcategories&post=8916"},{"taxonomy":"post_tag","embeddable":true,"href":"https:\/\/lospoliticosveracruz.com.mx\/index.php?rest_route=%2Fwp%2Fv2%2Ftags&post=8916"}],"curies":[{"name":"wp","href":"https:\/\/api.w.org\/{rel}","templated":true}]}}